{"id":37805,"date":"2013-09-10T10:42:11","date_gmt":"2013-09-10T13:42:11","guid":{"rendered":"http:\/\/www.eltrabajo.cl\/portal\/?p=37805"},"modified":"2013-09-10T10:42:11","modified_gmt":"2013-09-10T13:42:11","slug":"padre-profugo-y-madre-ex-adicta-claman-porque-les-devuelvan-a-sus-hijas","status":"publish","type":"post","link":"https:\/\/eltrabajo.cl\/portal\/padre-profugo-y-madre-ex-adicta-claman-porque-les-devuelvan-a-sus-hijas\/","title":{"rendered":"Padre pr\u00f3fugo y madre ex adicta claman porque les devuelvan a sus hijas"},"content":{"rendered":"<figure id=\"attachment_37806\" aria-describedby=\"caption-attachment-37806\" style=\"width: 296px\" class=\"wp-caption alignleft\"><a href=\"https:\/\/i0.wp.com\/www.eltrabajo.cl\/portal\/wp-content\/uploads\/2013\/09\/mario-y-eli.jpg\"><img data-recalc-dims=\"1\" loading=\"lazy\" decoding=\"async\" class=\" wp-image-37806  \" title=\"Mario Aravena y Elisabeth Loreto, padres de las peque\u00f1as que anhelan una pronta soluci\u00f3n a los problemas que viven en su familia.\" alt=\"Mario Aravena y Elisabeth Loreto, padres de las peque\u00f1as que anhelan una pronta soluci\u00f3n a los problemas que viven en su familia.\" src=\"https:\/\/i0.wp.com\/www.eltrabajo.cl\/portal\/wp-content\/uploads\/2013\/09\/mario-y-eli.jpg?resize=296%2C263\" width=\"296\" height=\"263\" srcset=\"https:\/\/i0.wp.com\/eltrabajo.cl\/portal\/wp-content\/uploads\/2013\/09\/mario-y-eli.jpg?w=529&amp;ssl=1 529w, https:\/\/i0.wp.com\/eltrabajo.cl\/portal\/wp-content\/uploads\/2013\/09\/mario-y-eli.jpg?resize=169%2C150&amp;ssl=1 169w, https:\/\/i0.wp.com\/eltrabajo.cl\/portal\/wp-content\/uploads\/2013\/09\/mario-y-eli.jpg?resize=150%2C132&amp;ssl=1 150w, https:\/\/i0.wp.com\/eltrabajo.cl\/portal\/wp-content\/uploads\/2013\/09\/mario-y-eli.jpg?resize=400%2C354&amp;ssl=1 400w\" sizes=\"auto, (max-width: 296px) 100vw, 296px\" \/><\/a><figcaption id=\"caption-attachment-37806\" class=\"wp-caption-text\">Mario Aravena y Elisabeth Loreto, padres de las peque\u00f1as que anhelan una pronta soluci\u00f3n a los problemas que viven en su familia.<\/figcaption><\/figure>\n<p>Un nuevo caso de hijas separadas de sus padres y en el que el Sename tiene un papel estelar para los protagonistas de nuestra historia, es el calvario familiar que vive Elisabeth Loreto Vald\u00e9s y Mario Aravena, padres de las peque\u00f1itas Brigadit y Constanza, de cinco y tres a\u00f1os respectivamente, ni\u00f1as que por orden del Juzgado de Familia de Quilpu\u00e9 fueron remitidas al Sename, deriv\u00e1ndolas esta instituci\u00f3n a la Aldea S.O.S. de esa ciudad.<\/p>\n<p>Aunque las l\u00e1grimas de estos padres no han faltado, podr\u00edamos decir que el Sename lleva \u2018las de ganar\u2019, esto si se toma en cuenta, como ya lo hizo esa instituci\u00f3n, el hecho que se\u00f1ala a la madre como ex adicta a la pasta base y al padre con antecedentes por Microtr\u00e1fico, raz\u00f3n que ha llevado a prisi\u00f3n a la mujer y que ahora les pone todo cuesta arriba para avanzar en este caso en busca de recuperar a las menores.<\/p>\n<p><strong>\u00a0<\/strong><\/p>\n<p><strong>CLAMANDO POR<\/strong><\/p>\n<p><strong>UNA SEGUNDA OPORTUNIDAD<\/strong><\/p>\n<p>Diario El Trabajo habl\u00f3 con Elisabeth Loreto Vald\u00e9s sobre el calvario que est\u00e1 viviendo, ella fue clara en reconocer sus errores pero tambi\u00e9n clam\u00f3 por una segunda oportunidad.<\/p>\n<p><strong>&#8211; \u00bfDesde hace cu\u00e1nto vive separada de sus hijas?<\/strong><\/p>\n<p>&#8211; \u00abDesde hace dos a\u00f1os y medio que el Sename me quit\u00f3 a mis ni\u00f1as, ese mismo d\u00eda ca\u00ed presa, las ni\u00f1as est\u00e1n ahora en la Aldea S.O.S. de Quilpu\u00e9, a los cuatro meses sal\u00ed en libertad, sal\u00ed un jueves y ya el viernes me integr\u00e9 a las visitas a mis hijas, desde entonces no he dejado de visitarlas con mi pareja y mi familia, cari\u00f1o a las ni\u00f1as no les ha faltado\u00bb.<\/p>\n<p><strong>&#8211; \u00bfHace cu\u00e1nto no consumes pasta base?<\/strong><\/p>\n<p>&#8211; \u00abYo tengo siete meses de no consumir pasta base, estoy en tratamiento psiqui\u00e1trico y lo que estoy pidiendo a las autoridades, al igual que muchas madres, es que me den una segunda oportunidad para poder criarlas a mi lado, a\u00fan a los violadores y traficantes les dan segundas oportunidades cuando cometen sus cr\u00edmenes, yo no he cometido un crimen como esos, y a ellos los dejan libres cuando es la primera vez, \u00bfpor qu\u00e9 no merezco esa segunda oportunidad?\u00bb.<\/p>\n<p><strong>&#8211; \u00bfQu\u00e9 pasar\u00e1 con sus hijas ahora?<\/strong><\/p>\n<p>&#8211; \u00abNo s\u00e9 qu\u00e9 pasar\u00e1 con ellas. El viernes supe, porque me lo informaron en la Aldea S.O.S., que a mis ni\u00f1as las dar\u00e1n en adopci\u00f3n posiblemente a una familia extranjera, para mi es horroroso, quiero pedirle a cualquier abogado o diputado, alguien que me ayude por favor, no s\u00e9 por qu\u00e9 condenan un error de mi parte al extremo de quitarme mis hijas, no me parece justo\u00bb.<\/p>\n<p>&nbsp;<\/p>\n<p><strong>HERMETISMO<\/strong><\/p>\n<p>Mario Aravena, padre de las ni\u00f1as y quien explica que tuvo problemas con la Justicia por conducir ebrio, explic\u00f3 a nuestro medio que \u00abestoy muy mal ahora que nos van a quitar para siempre a nuestras hijas, estoy consciente de mis errores, debo unos seis meses de condena, estoy pr\u00f3fugo por conducir en estado de ebriedad, me entregar\u00eda y cumplir\u00eda mi condena, antes no lo har\u00e9, yo seguir\u00e9 luchando por mis hijas\u00bb.<\/p>\n<p>Diario El Trabajo habl\u00f3 con el Departamento de Prensa de Aldea S.O.S. Santiago, departamento que se limit\u00f3 a dejar en claro que ellos como instituci\u00f3n no pod\u00edan revelar informaci\u00f3n sobre ninguno de los ni\u00f1os de la instituci\u00f3n, ya que ellos s\u00f3lo cumplen \u00f3rdenes de tribunales de familia o del Sename.<\/p>\n<p>Las personas que puedan y eventualmente quieran ofrecer alg\u00fan aporte a esta familia, pueden contactar a Elisabeth Loreto en el Fono 9845 4446.<\/p>\n<p>Roberto Gonz\u00e1lez Short<\/p>\n<p>rgonzalez@eltrabajo.cl<\/p>\n","protected":false},"excerpt":{"rendered":"<p>Un nuevo caso de hijas separadas de sus padres y en el que el Sename tiene un papel estelar para los protagonistas de nuestra historia, es el calvario familiar que vive Elisabeth&#8230;<\/p>\n","protected":false},"author":482,"featured_media":37806,"comment_status":"open","ping_status":"closed","sticky":false,"template":"","format":"standard","meta":{"advanced_seo_description":"","jetpack_seo_html_title":"","jetpack_seo_noindex":false,"_jetpack_memberships_contains_paid_content":false,"footnotes":""},"categories":[15],"tags":[],"class_list":["post-37805","post","type-post","status-publish","format-standard","has-post-thumbnail","hentry","category-comunidad"],"jetpack_featured_media_url":"https:\/\/i0.wp.com\/eltrabajo.cl\/portal\/wp-content\/uploads\/2013\/09\/mario-y-eli.jpg?fit=529%2C469&ssl=1","jetpack_sharing_enabled":true,"jetpack_likes_enabled":true,"jetpack-related-posts":[],"_links":{"self":[{"href":"https:\/\/eltrabajo.cl\/portal\/wp-json\/wp\/v2\/posts\/37805","targetHints":{"allow":["GET"]}}],"collection":[{"href":"https:\/\/eltrabajo.cl\/portal\/wp-json\/wp\/v2\/posts"}],"about":[{"href":"https:\/\/eltrabajo.cl\/portal\/wp-json\/wp\/v2\/types\/post"}],"author":[{"embeddable":true,"href":"https:\/\/eltrabajo.cl\/portal\/wp-json\/wp\/v2\/users\/482"}],"replies":[{"embeddable":true,"href":"https:\/\/eltrabajo.cl\/portal\/wp-json\/wp\/v2\/comments?post=37805"}],"version-history":[{"count":0,"href":"https:\/\/eltrabajo.cl\/portal\/wp-json\/wp\/v2\/posts\/37805\/revisions"}],"wp:featuredmedia":[{"embeddable":true,"href":"https:\/\/eltrabajo.cl\/portal\/wp-json\/wp\/v2\/media\/37806"}],"wp:attachment":[{"href":"https:\/\/eltrabajo.cl\/portal\/wp-json\/wp\/v2\/media?parent=37805"}],"wp:term":[{"taxonomy":"category","embeddable":true,"href":"https:\/\/eltrabajo.cl\/portal\/wp-json\/wp\/v2\/categories?post=37805"},{"taxonomy":"post_tag","embeddable":true,"href":"https:\/\/eltrabajo.cl\/portal\/wp-json\/wp\/v2\/tags?post=37805"}],"curies":[{"name":"wp","href":"https:\/\/api.w.org\/{rel}","templated":true}]}}