{"id":37813,"date":"2013-09-11T10:08:58","date_gmt":"2013-09-11T13:08:58","guid":{"rendered":"http:\/\/www.eltrabajo.cl\/portal\/?p=37813"},"modified":"2013-09-11T10:08:58","modified_gmt":"2013-09-11T13:08:58","slug":"educadoras-de-parvulos-realizan-jornada-de-capacitacion-en-kamichibai","status":"publish","type":"post","link":"https:\/\/eltrabajo.cl\/portal\/educadoras-de-parvulos-realizan-jornada-de-capacitacion-en-kamichibai\/","title":{"rendered":"Educadoras de P\u00e1rvulos realizan jornada de capacitaci\u00f3n en Kamichibai"},"content":{"rendered":"<figure id=\"attachment_37814\" aria-describedby=\"caption-attachment-37814\" style=\"width: 528px\" class=\"wp-caption alignnone\"><a href=\"https:\/\/i0.wp.com\/www.eltrabajo.cl\/portal\/wp-content\/uploads\/2013\/09\/educadoras-de-p%C3%A1rvulos-realizan-jornada-de-capacitaci%C3%B3n-en-kamichibai-1.jpg\"><img data-recalc-dims=\"1\" loading=\"lazy\" decoding=\"async\" class=\"size-full wp-image-37814\" title=\"Una masiva asistencia concit\u00f3 la jornada de capacitaci\u00f3n en Kamichibai a las Educadoras de P\u00e1rvulos.\" alt=\"Una masiva asistencia concit\u00f3 la jornada de capacitaci\u00f3n en Kamichibai a las Educadoras de P\u00e1rvulos.\" src=\"https:\/\/i0.wp.com\/www.eltrabajo.cl\/portal\/wp-content\/uploads\/2013\/09\/educadoras-de-p%C3%A1rvulos-realizan-jornada-de-capacitaci%C3%B3n-en-kamichibai-1.jpg?resize=528%2C396\" width=\"528\" height=\"396\" srcset=\"https:\/\/i0.wp.com\/eltrabajo.cl\/portal\/wp-content\/uploads\/2013\/09\/educadoras-de-p%C3%A1rvulos-realizan-jornada-de-capacitaci%C3%B3n-en-kamichibai-1.jpg?w=528&amp;ssl=1 528w, https:\/\/i0.wp.com\/eltrabajo.cl\/portal\/wp-content\/uploads\/2013\/09\/educadoras-de-p%C3%A1rvulos-realizan-jornada-de-capacitaci%C3%B3n-en-kamichibai-1.jpg?resize=200%2C150&amp;ssl=1 200w, https:\/\/i0.wp.com\/eltrabajo.cl\/portal\/wp-content\/uploads\/2013\/09\/educadoras-de-p%C3%A1rvulos-realizan-jornada-de-capacitaci%C3%B3n-en-kamichibai-1.jpg?resize=300%2C225&amp;ssl=1 300w, https:\/\/i0.wp.com\/eltrabajo.cl\/portal\/wp-content\/uploads\/2013\/09\/educadoras-de-p%C3%A1rvulos-realizan-jornada-de-capacitaci%C3%B3n-en-kamichibai-1.jpg?resize=150%2C112&amp;ssl=1 150w, https:\/\/i0.wp.com\/eltrabajo.cl\/portal\/wp-content\/uploads\/2013\/09\/educadoras-de-p%C3%A1rvulos-realizan-jornada-de-capacitaci%C3%B3n-en-kamichibai-1.jpg?resize=400%2C300&amp;ssl=1 400w\" sizes=\"auto, (max-width: 528px) 100vw, 528px\" \/><\/a><figcaption id=\"caption-attachment-37814\" class=\"wp-caption-text\">Una masiva asistencia concit\u00f3 la jornada de capacitaci\u00f3n en Kamichibai a las Educadoras de P\u00e1rvulos.<\/figcaption><\/figure>\n<p>Durante el mes de agosto, educadoras de P\u00e1rvulos de las distintas escuelas municipales participaron de un taller de capacitaci\u00f3n sobre el Kamichibai, la que se realiz\u00f3 en dependencias del Liceo Corina Urbina de la Ciudad de San Felipe.<\/p>\n<p>Esta t\u00e9cnica o metodolog\u00eda apareci\u00f3 en el Siglo XII en Jap\u00f3n y era utilizada com\u00fanmente para difundir informaci\u00f3n entre adultos analfabetos. Esta disciplina consiste en un teatro de papel, que se utiliza para narrar historias y se apoya en el uso del teatrino, que es un escenario para la performance de t\u00edteres, sobre todo para los del tipo guante.<\/p>\n<p>El Kamishibai contempor\u00e1neo reaparece en los a\u00f1os 20 y no fue sino hasta el a\u00f1o 1950 que su pr\u00e1ctica se populariza gracias a diversos programas que fueron emitidos a trav\u00e9s de la televisi\u00f3n.<\/p>\n<p>Con el paso de los a\u00f1os, comenz\u00f3 a usarse en los establecimientos educacionales de todo el mundo con fines educativos, siendo hoy implementada esta t\u00e9cnica en nuestras escuelas Municipales.<\/p>\n<p>Los beneficios de utilizar de esta milenaria actividad son variados, teniendo efectos comprobados que ayudan a la concentraci\u00f3n, fortalece la interacci\u00f3n eficaz a trav\u00e9s del dialogo, adem\u00e1s de desarrollar la imaginaci\u00f3n de los estudiantes, sobre todo en sus primeros a\u00f1os de aprendizaje.<\/p>\n<p>&nbsp;<\/p>\n","protected":false},"excerpt":{"rendered":"<p>Durante el mes de agosto, educadoras de P\u00e1rvulos de las distintas escuelas municipales participaron de un taller de capacitaci\u00f3n sobre el Kamichibai, la que se realiz\u00f3 en dependencias del Liceo Corina Urbina&#8230;<\/p>\n","protected":false},"author":482,"featured_media":37814,"comment_status":"open","ping_status":"closed","sticky":false,"template":"","format":"standard","meta":{"advanced_seo_description":"","jetpack_seo_html_title":"","jetpack_seo_noindex":false,"_jetpack_memberships_contains_paid_content":false,"footnotes":""},"categories":[15],"tags":[],"class_list":["post-37813","post","type-post","status-publish","format-standard","has-post-thumbnail","hentry","category-comunidad"],"jetpack_featured_media_url":"https:\/\/i0.wp.com\/eltrabajo.cl\/portal\/wp-content\/uploads\/2013\/09\/educadoras-de-p%C3%A1rvulos-realizan-jornada-de-capacitaci%C3%B3n-en-kamichibai-1.jpg?fit=528%2C396&ssl=1","jetpack_sharing_enabled":true,"jetpack_likes_enabled":true,"jetpack-related-posts":[],"_links":{"self":[{"href":"https:\/\/eltrabajo.cl\/portal\/wp-json\/wp\/v2\/posts\/37813","targetHints":{"allow":["GET"]}}],"collection":[{"href":"https:\/\/eltrabajo.cl\/portal\/wp-json\/wp\/v2\/posts"}],"about":[{"href":"https:\/\/eltrabajo.cl\/portal\/wp-json\/wp\/v2\/types\/post"}],"author":[{"embeddable":true,"href":"https:\/\/eltrabajo.cl\/portal\/wp-json\/wp\/v2\/users\/482"}],"replies":[{"embeddable":true,"href":"https:\/\/eltrabajo.cl\/portal\/wp-json\/wp\/v2\/comments?post=37813"}],"version-history":[{"count":0,"href":"https:\/\/eltrabajo.cl\/portal\/wp-json\/wp\/v2\/posts\/37813\/revisions"}],"wp:featuredmedia":[{"embeddable":true,"href":"https:\/\/eltrabajo.cl\/portal\/wp-json\/wp\/v2\/media\/37814"}],"wp:attachment":[{"href":"https:\/\/eltrabajo.cl\/portal\/wp-json\/wp\/v2\/media?parent=37813"}],"wp:term":[{"taxonomy":"category","embeddable":true,"href":"https:\/\/eltrabajo.cl\/portal\/wp-json\/wp\/v2\/categories?post=37813"},{"taxonomy":"post_tag","embeddable":true,"href":"https:\/\/eltrabajo.cl\/portal\/wp-json\/wp\/v2\/tags?post=37813"}],"curies":[{"name":"wp","href":"https:\/\/api.w.org\/{rel}","templated":true}]}}