{"id":37816,"date":"2013-09-11T10:10:26","date_gmt":"2013-09-11T13:10:26","guid":{"rendered":"http:\/\/www.eltrabajo.cl\/portal\/?p=37816"},"modified":"2013-09-11T10:10:26","modified_gmt":"2013-09-11T13:10:26","slug":"desnivel-en-camino-a-el-llano-pone-a-vehiculos-en-peligro-de-caer-a-barranco","status":"publish","type":"post","link":"https:\/\/eltrabajo.cl\/portal\/desnivel-en-camino-a-el-llano-pone-a-vehiculos-en-peligro-de-caer-a-barranco\/","title":{"rendered":"Desnivel en camino a El Llano pone a veh\u00edculos en peligro de caer a barranco"},"content":{"rendered":"<figure id=\"attachment_37817\" aria-describedby=\"caption-attachment-37817\" style=\"width: 529px\" class=\"wp-caption alignnone\"><a href=\"https:\/\/i0.wp.com\/www.eltrabajo.cl\/portal\/wp-content\/uploads\/2013\/09\/desnivel-elllano.jpg\"><img data-recalc-dims=\"1\" loading=\"lazy\" decoding=\"async\" class=\"size-full wp-image-37817\" title=\"Este es desnivel -en el camino de acceso al Cerro El Llano- de poco m\u00e1s de un metro que hay entre el camino y la vereda.\" alt=\"Este es desnivel -en el camino de acceso al Cerro El Llano- de poco m\u00e1s de un metro que hay entre el camino y la vereda.\" src=\"https:\/\/i0.wp.com\/www.eltrabajo.cl\/portal\/wp-content\/uploads\/2013\/09\/desnivel-elllano.jpg?resize=529%2C353\" width=\"529\" height=\"353\" srcset=\"https:\/\/i0.wp.com\/eltrabajo.cl\/portal\/wp-content\/uploads\/2013\/09\/desnivel-elllano.jpg?w=529&amp;ssl=1 529w, https:\/\/i0.wp.com\/eltrabajo.cl\/portal\/wp-content\/uploads\/2013\/09\/desnivel-elllano.jpg?resize=200%2C133&amp;ssl=1 200w, https:\/\/i0.wp.com\/eltrabajo.cl\/portal\/wp-content\/uploads\/2013\/09\/desnivel-elllano.jpg?resize=300%2C200&amp;ssl=1 300w, https:\/\/i0.wp.com\/eltrabajo.cl\/portal\/wp-content\/uploads\/2013\/09\/desnivel-elllano.jpg?resize=150%2C100&amp;ssl=1 150w, https:\/\/i0.wp.com\/eltrabajo.cl\/portal\/wp-content\/uploads\/2013\/09\/desnivel-elllano.jpg?resize=400%2C266&amp;ssl=1 400w\" sizes=\"auto, (max-width: 529px) 100vw, 529px\" \/><\/a><figcaption id=\"caption-attachment-37817\" class=\"wp-caption-text\">Este es desnivel -en el camino de acceso al Cerro El Llano- de poco m\u00e1s de un metro que hay entre el camino y la vereda.<\/figcaption><\/figure>\n<p><strong>PUTAENDO<\/strong>.- Una peligrosa situaci\u00f3n es la que durante mucho tiempo ha preocupado a vecinos del cerro El Llano, luego que un desnivel en el camino pueda provocar que los veh\u00edculos que circulan por esa zona caigan a un barranco.<\/p>\n<p>El camino de acceso al Cerro El Llano hoy est\u00e1 totalmente asfaltado y pavimentado, y a diario una gran cantidad de veh\u00edculos circula en ambos sentidos con las dificultades de ser un camino de una sola pista. Los vecinos del sector, que ya en varias ocasiones han visto como algunos veh\u00edculos, por hacerse a la orilla para que otro pueda pasar, han estado cerca de volcarse en este desnivel de poco m\u00e1s de un metro que hay entre el camino y la vereda y que representa un riesgo extra, ya que no existe barrera de contenci\u00f3n e inmediatamente despu\u00e9s aparece la ladera del cerro en un pronunciado barranco que llega hasta la calle Jos\u00e9 Antonio Salinas.<\/p>\n<p>Los vecinos hicieron ver esta preocupaci\u00f3n a la Municipalidad de Putaendo, e incluso el Director de Obras, Jorge Reyes, entreg\u00f3 un dossier de fotograf\u00edas al alcalde y a los concejales para confirmar lo peligroso que es esto para los automovilistas que circulan por ese sector; adem\u00e1s indic\u00f3 que se ofici\u00f3 a vialidad para que eval\u00fae un relleno en el sector y la instalaci\u00f3n de una barrera, lo que le compete y corresponde a ese organismo, al tratarse de un camino rural.<\/p>\n<p>Las im\u00e1genes evidencian la urgencia de una medida de mitigaci\u00f3n vial en el sector, tomando en cuenta que en las pr\u00f3ximas festividades sube una gran cantidad de automovilistas al Parque Las Carretas.<\/p>\n<p>&nbsp;<\/p>\n","protected":false},"excerpt":{"rendered":"<p>PUTAENDO.- Una peligrosa situaci\u00f3n es la que durante mucho tiempo ha preocupado a vecinos del cerro El Llano, luego que un desnivel en el camino pueda provocar que los veh\u00edculos que circulan&#8230;<\/p>\n","protected":false},"author":482,"featured_media":37817,"comment_status":"open","ping_status":"closed","sticky":false,"template":"","format":"standard","meta":{"advanced_seo_description":"","jetpack_seo_html_title":"","jetpack_seo_noindex":false,"_jetpack_memberships_contains_paid_content":false,"footnotes":""},"categories":[15],"tags":[],"class_list":["post-37816","post","type-post","status-publish","format-standard","has-post-thumbnail","hentry","category-comunidad"],"jetpack_featured_media_url":"https:\/\/i0.wp.com\/eltrabajo.cl\/portal\/wp-content\/uploads\/2013\/09\/desnivel-elllano.jpg?fit=529%2C353&ssl=1","jetpack_sharing_enabled":true,"jetpack_likes_enabled":true,"jetpack-related-posts":[],"_links":{"self":[{"href":"https:\/\/eltrabajo.cl\/portal\/wp-json\/wp\/v2\/posts\/37816","targetHints":{"allow":["GET"]}}],"collection":[{"href":"https:\/\/eltrabajo.cl\/portal\/wp-json\/wp\/v2\/posts"}],"about":[{"href":"https:\/\/eltrabajo.cl\/portal\/wp-json\/wp\/v2\/types\/post"}],"author":[{"embeddable":true,"href":"https:\/\/eltrabajo.cl\/portal\/wp-json\/wp\/v2\/users\/482"}],"replies":[{"embeddable":true,"href":"https:\/\/eltrabajo.cl\/portal\/wp-json\/wp\/v2\/comments?post=37816"}],"version-history":[{"count":0,"href":"https:\/\/eltrabajo.cl\/portal\/wp-json\/wp\/v2\/posts\/37816\/revisions"}],"wp:featuredmedia":[{"embeddable":true,"href":"https:\/\/eltrabajo.cl\/portal\/wp-json\/wp\/v2\/media\/37817"}],"wp:attachment":[{"href":"https:\/\/eltrabajo.cl\/portal\/wp-json\/wp\/v2\/media?parent=37816"}],"wp:term":[{"taxonomy":"category","embeddable":true,"href":"https:\/\/eltrabajo.cl\/portal\/wp-json\/wp\/v2\/categories?post=37816"},{"taxonomy":"post_tag","embeddable":true,"href":"https:\/\/eltrabajo.cl\/portal\/wp-json\/wp\/v2\/tags?post=37816"}],"curies":[{"name":"wp","href":"https:\/\/api.w.org\/{rel}","templated":true}]}}