{"id":37832,"date":"2013-09-11T10:19:25","date_gmt":"2013-09-11T13:19:25","guid":{"rendered":"http:\/\/www.eltrabajo.cl\/portal\/?p=37832"},"modified":"2013-09-11T10:19:25","modified_gmt":"2013-09-11T13:19:25","slug":"este-viernes-13-parte-plan-de-contingencia-de-carabineros-por-fiestas-patrias","status":"publish","type":"post","link":"https:\/\/eltrabajo.cl\/portal\/este-viernes-13-parte-plan-de-contingencia-de-carabineros-por-fiestas-patrias\/","title":{"rendered":"Este viernes 13 parte plan de contingencia de Carabineros por Fiestas Patrias"},"content":{"rendered":"<figure id=\"attachment_37833\" aria-describedby=\"caption-attachment-37833\" style=\"width: 528px\" class=\"wp-caption alignnone\"><a href=\"https:\/\/i0.wp.com\/www.eltrabajo.cl\/portal\/wp-content\/uploads\/2013\/09\/fiscalizacion-rutas-2.jpg\"><img data-recalc-dims=\"1\" loading=\"lazy\" decoding=\"async\" class=\"size-full wp-image-37833\" title=\"Personal de Carabineros estar\u00e1 prestando servicios preventivos de control de tr\u00e1nsito en las carreteras, donde se aplicar\u00e1 tolerancia cero a los conductores.\" alt=\"Personal de Carabineros estar\u00e1 prestando servicios preventivos de control de tr\u00e1nsito en las carreteras, donde se aplicar\u00e1 tolerancia cero a los conductores.\" src=\"https:\/\/i0.wp.com\/www.eltrabajo.cl\/portal\/wp-content\/uploads\/2013\/09\/fiscalizacion-rutas-2.jpg?resize=528%2C397\" width=\"528\" height=\"397\" srcset=\"https:\/\/i0.wp.com\/eltrabajo.cl\/portal\/wp-content\/uploads\/2013\/09\/fiscalizacion-rutas-2.jpg?w=528&amp;ssl=1 528w, https:\/\/i0.wp.com\/eltrabajo.cl\/portal\/wp-content\/uploads\/2013\/09\/fiscalizacion-rutas-2.jpg?resize=200%2C150&amp;ssl=1 200w, https:\/\/i0.wp.com\/eltrabajo.cl\/portal\/wp-content\/uploads\/2013\/09\/fiscalizacion-rutas-2.jpg?resize=300%2C225&amp;ssl=1 300w, https:\/\/i0.wp.com\/eltrabajo.cl\/portal\/wp-content\/uploads\/2013\/09\/fiscalizacion-rutas-2.jpg?resize=150%2C112&amp;ssl=1 150w, https:\/\/i0.wp.com\/eltrabajo.cl\/portal\/wp-content\/uploads\/2013\/09\/fiscalizacion-rutas-2.jpg?resize=400%2C300&amp;ssl=1 400w\" sizes=\"auto, (max-width: 528px) 100vw, 528px\" \/><\/a><figcaption id=\"caption-attachment-37833\" class=\"wp-caption-text\">Personal de Carabineros estar\u00e1 prestando servicios preventivos de control de tr\u00e1nsito en las carreteras, donde se aplicar\u00e1 tolerancia cero a los conductores.<\/figcaption><\/figure>\n<p>Con la puesta en marcha del sistema 2*0 en la Cuesta Las Chilcas en direcci\u00f3n al norte, que considera la restricci\u00f3n total para el paso de camiones en ambos sentidos entre las 13.00 y las 23 horas, Carabineros de la Prefectura Aconcagua da inicio a su plan de contingencia por la celebraci\u00f3n de Fiestas Patrias.<\/p>\n<p>As\u00ed lo dio a conocer el Subprefecto de los Servicios de Carabineros, comandante Francisco Castro, quien manifest\u00f3 que este plan de contingencia considera todos los servicios policiales que se van a realizar a contar del 13 y hasta el 22 de septiembre.<\/p>\n<p>\u201cEste plan parte el 13 de septiembre en el sector de la Ruta 5 Norte, donde en la Cuesta Las Chilcas va a habilitarse el tr\u00e1nsito, en un per\u00edodo determinado, hacia el norte, lo que se va a replicar el d\u00eda 17. Posteriormente, esta contingencia se har\u00e1 en direcci\u00f3n a Santiago, con todo el regreso de turistas\u201d, dijo el comandante Castro.<\/p>\n<p>A\u00f1adi\u00f3 que en el caso del Paso Fronterizo Los Libertadores, \u201ctambi\u00e9n se va a implementar un servicio especial por la gran salida de chilenos hacia el sector de Mendoza. Entonces son variadas las actividades, nosotros tenemos 97 actividades en toda la Prefectura de Aconcagua y vamos a hacer un gran despliegue con los carabineros, vamos a hacer un esfuerzo tanto t\u00e9cnico como humano para garantizar el normal desarrollo de estas actividades\u201d.<\/p>\n<p>Lo que se busca es que la comunidad pueda disfrutar tranquilamente, sin verse afectada por situaciones de riesgo. Pero tambi\u00e9n habr\u00e1n servicios orientados a prevenir la ocurrencia de delitos de robo, principalmente veh\u00edculos que quedar\u00e1n estacionados sin sus ocupantes.<\/p>\n<p>En cuanto a los servicios preventivos de control de tr\u00e1nsito, dijo que habr\u00e1 tolerancia cero.<\/p>\n<p>\u201cHacemos un llamado a la comunidad a respetar las normas de la Ley de Tr\u00e1nsito, en el sentido de una tolerancia cero, es decir, si va a consumir alcohol, no manejar, vamos a colocar dispositivos policiales en las rutas donde se desplaza gente, para hacer una efectiva fiscalizaci\u00f3n a esta conducta responsable de las personas, ya que lo que queremos es que no existan accidentes por una irresponsabilidad de conducir en estado de ebriedad\u201d, precis\u00f3 el comandante Castro.<\/p>\n<p>Consultado por el trabajo que se realizar\u00e1 los d\u00edas 13 y 17, a prop\u00f3sito del aumento del flujo de camiones en las Rutas CH-60 y San Mart\u00edn, como consecuencia de las medidas que se adoptar\u00e1n en la Ruta 5 Norte, el subprefecto de Aconcagua manifest\u00f3 que \u201chay un plan de contingencia. Me voy a juntar con el jefe de la SIAT, donde vamos a ver todas las rutas que empiezan a incrementar el flujo vehicular, entonces colocaremos Carabineros en los puntos que consideramos sensibles, para de alguna manera resaltar la presencia policial y de esa forma evitar que se produzcan acciones imprudentes que puedan terminar derivando en un accidente de tr\u00e1nsito\u201d.<\/p>\n<p>&nbsp;<\/p>\n","protected":false},"excerpt":{"rendered":"<p>Con la puesta en marcha del sistema 2*0 en la Cuesta Las Chilcas en direcci\u00f3n al norte, que considera la restricci\u00f3n total para el paso de camiones en ambos sentidos entre las&#8230;<\/p>\n","protected":false},"author":482,"featured_media":37833,"comment_status":"open","ping_status":"closed","sticky":false,"template":"","format":"standard","meta":{"advanced_seo_description":"","jetpack_seo_html_title":"","jetpack_seo_noindex":false,"_jetpack_memberships_contains_paid_content":false,"footnotes":""},"categories":[15],"tags":[],"class_list":["post-37832","post","type-post","status-publish","format-standard","has-post-thumbnail","hentry","category-comunidad"],"jetpack_featured_media_url":"https:\/\/i0.wp.com\/eltrabajo.cl\/portal\/wp-content\/uploads\/2013\/09\/fiscalizacion-rutas-2.jpg?fit=528%2C397&ssl=1","jetpack_sharing_enabled":true,"jetpack_likes_enabled":true,"jetpack-related-posts":[],"_links":{"self":[{"href":"https:\/\/eltrabajo.cl\/portal\/wp-json\/wp\/v2\/posts\/37832","targetHints":{"allow":["GET"]}}],"collection":[{"href":"https:\/\/eltrabajo.cl\/portal\/wp-json\/wp\/v2\/posts"}],"about":[{"href":"https:\/\/eltrabajo.cl\/portal\/wp-json\/wp\/v2\/types\/post"}],"author":[{"embeddable":true,"href":"https:\/\/eltrabajo.cl\/portal\/wp-json\/wp\/v2\/users\/482"}],"replies":[{"embeddable":true,"href":"https:\/\/eltrabajo.cl\/portal\/wp-json\/wp\/v2\/comments?post=37832"}],"version-history":[{"count":0,"href":"https:\/\/eltrabajo.cl\/portal\/wp-json\/wp\/v2\/posts\/37832\/revisions"}],"wp:featuredmedia":[{"embeddable":true,"href":"https:\/\/eltrabajo.cl\/portal\/wp-json\/wp\/v2\/media\/37833"}],"wp:attachment":[{"href":"https:\/\/eltrabajo.cl\/portal\/wp-json\/wp\/v2\/media?parent=37832"}],"wp:term":[{"taxonomy":"category","embeddable":true,"href":"https:\/\/eltrabajo.cl\/portal\/wp-json\/wp\/v2\/categories?post=37832"},{"taxonomy":"post_tag","embeddable":true,"href":"https:\/\/eltrabajo.cl\/portal\/wp-json\/wp\/v2\/tags?post=37832"}],"curies":[{"name":"wp","href":"https:\/\/api.w.org\/{rel}","templated":true}]}}