{"id":37835,"date":"2013-09-11T10:21:08","date_gmt":"2013-09-11T13:21:08","guid":{"rendered":"http:\/\/www.eltrabajo.cl\/portal\/?p=37835"},"modified":"2013-09-11T10:21:08","modified_gmt":"2013-09-11T13:21:08","slug":"funcionarios-de-aduanas-aconsejan-a-las-personas-no-viajar-hacia-argentina","status":"publish","type":"post","link":"https:\/\/eltrabajo.cl\/portal\/funcionarios-de-aduanas-aconsejan-a-las-personas-no-viajar-hacia-argentina\/","title":{"rendered":"Funcionarios de Aduanas aconsejan a las personas no viajar hacia Argentina"},"content":{"rendered":"<figure id=\"attachment_37836\" aria-describedby=\"caption-attachment-37836\" style=\"width: 317px\" class=\"wp-caption alignleft\"><a href=\"https:\/\/i0.wp.com\/www.eltrabajo.cl\/portal\/wp-content\/uploads\/2013\/09\/delegado-aduanas.jpg\"><img data-recalc-dims=\"1\" loading=\"lazy\" decoding=\"async\" class=\" wp-image-37836 \" title=\"Jos\u00e9 Miguel Celed\u00f3n, Secretario Asoc. Nacional Funcionarios de Aduanas, llam\u00f3 a las personas a no viajar a la Argentina a partir del jueves porque no ser\u00e1n atendidos.\" alt=\"Jos\u00e9 Miguel Celed\u00f3n, Secretario Asoc. Nacional Funcionarios de Aduanas, llam\u00f3 a las personas a no viajar a la Argentina a partir del jueves porque no ser\u00e1n atendidos.\" src=\"https:\/\/i0.wp.com\/www.eltrabajo.cl\/portal\/wp-content\/uploads\/2013\/09\/delegado-aduanas.jpg?resize=317%2C212\" width=\"317\" height=\"212\" srcset=\"https:\/\/i0.wp.com\/eltrabajo.cl\/portal\/wp-content\/uploads\/2013\/09\/delegado-aduanas.jpg?w=529&amp;ssl=1 529w, https:\/\/i0.wp.com\/eltrabajo.cl\/portal\/wp-content\/uploads\/2013\/09\/delegado-aduanas.jpg?resize=200%2C133&amp;ssl=1 200w, https:\/\/i0.wp.com\/eltrabajo.cl\/portal\/wp-content\/uploads\/2013\/09\/delegado-aduanas.jpg?resize=300%2C200&amp;ssl=1 300w, https:\/\/i0.wp.com\/eltrabajo.cl\/portal\/wp-content\/uploads\/2013\/09\/delegado-aduanas.jpg?resize=150%2C100&amp;ssl=1 150w, https:\/\/i0.wp.com\/eltrabajo.cl\/portal\/wp-content\/uploads\/2013\/09\/delegado-aduanas.jpg?resize=400%2C266&amp;ssl=1 400w\" sizes=\"auto, (max-width: 317px) 100vw, 317px\" \/><\/a><figcaption id=\"caption-attachment-37836\" class=\"wp-caption-text\">Jos\u00e9 Miguel Celed\u00f3n, Secretario Asoc. Nacional Funcionarios de Aduanas, llam\u00f3 a las personas a no viajar a la Argentina a partir del jueves porque no ser\u00e1n atendidos.<\/figcaption><\/figure>\n<p><strong>LOS ANDES.<\/strong>&#8211; El Secretario de la Asociaci\u00f3n Nacional de Funcionarios de Aduanas, Jos\u00e9 Miguel Celed\u00f3n, recomend\u00f3 a las personas abstenerse de viajar hacia la Argentina a partir del jueves por el paro nacional que iniciar\u00e1n ese d\u00eda.<\/p>\n<p>Agreg\u00f3 en forma tajante que no atender\u00e1n p\u00fablico, tanto en el complejo Los Libertadores como en el Puerto Terrestre, salvo casos muy excepcionales, \u201cporque queremos que esta movilizaci\u00f3n sea un \u00e9xito\u201d.<\/p>\n<p>El dirigente record\u00f3 que la g\u00e9nesis de este conflicto parte por un pliego de peticiones que no ha sido tomado en cuenta por el gobierno y que se arrastra tambi\u00e9n desde el gobierno de la ex presidenta Bachelet.<\/p>\n<p>\u201cHemos puesto sobre la mesa un mont\u00f3n de temas como la modernizaci\u00f3n del servicio, la p\u00e9rdida de atribuciones, los funcionarios que no puede jubilar con pensiones dignas, la interoperatividad y otro mont\u00f3n de temas que hemos conversado con el anterior gobierno y con \u00e9ste. Inclusive hemos tenido firma de protocolos de acuerdo, pero hasta ahora hemos tenido cero resultados\u201d, explic\u00f3 Celed\u00f3n.<\/p>\n<p>El Secretario dijo que a nivel local hay algunas demandas como las mejoras en las condiciones de habitabilidad en el complejo Los Libertadores y tambi\u00e9n en Horcones, \u201cya que no estamos bien, estamos en condiciones complicadas, pero los requerimientos son m\u00e1s que nada a nivel nacional\u201d.<\/p>\n<p>Argument\u00f3 que la estrategia utilizada por el directorio nacional de la Asociaci\u00f3n fue justamente realizar este paro antes de fiestas patrias que es cuando hay un mayor tr\u00e1nsito de personas por el paso Cristo Redentor, \u201cporque definitivamente hemos perdido la paciencia, es mucho lo que hemos rogado, es mucho lo que nos hemos humillado para obtener algunas mejoras en nuestro petitorio y ello no nos ha dado resultado\u201d.<\/p>\n<p>Adelant\u00f3 que por ello no habr\u00e1 ni siquiera un turno \u00e9tico atendiendo, \u201cpero s\u00ed nos vamos a mantener en nuestros puestos de trabajo, pero no atenderemos absolutamente a nadie\u201d.<\/p>\n<p>&nbsp;<\/p>\n","protected":false},"excerpt":{"rendered":"<p>LOS ANDES.&#8211; El Secretario de la Asociaci\u00f3n Nacional de Funcionarios de Aduanas, Jos\u00e9 Miguel Celed\u00f3n, recomend\u00f3 a las personas abstenerse de viajar hacia la Argentina a partir del jueves por el paro&#8230;<\/p>\n","protected":false},"author":482,"featured_media":37836,"comment_status":"open","ping_status":"closed","sticky":false,"template":"","format":"standard","meta":{"advanced_seo_description":"","jetpack_seo_html_title":"","jetpack_seo_noindex":false,"_jetpack_memberships_contains_paid_content":false,"footnotes":""},"categories":[15],"tags":[],"class_list":["post-37835","post","type-post","status-publish","format-standard","has-post-thumbnail","hentry","category-comunidad"],"jetpack_featured_media_url":"https:\/\/i0.wp.com\/eltrabajo.cl\/portal\/wp-content\/uploads\/2013\/09\/delegado-aduanas.jpg?fit=529%2C353&ssl=1","jetpack_sharing_enabled":true,"jetpack_likes_enabled":true,"jetpack-related-posts":[],"_links":{"self":[{"href":"https:\/\/eltrabajo.cl\/portal\/wp-json\/wp\/v2\/posts\/37835","targetHints":{"allow":["GET"]}}],"collection":[{"href":"https:\/\/eltrabajo.cl\/portal\/wp-json\/wp\/v2\/posts"}],"about":[{"href":"https:\/\/eltrabajo.cl\/portal\/wp-json\/wp\/v2\/types\/post"}],"author":[{"embeddable":true,"href":"https:\/\/eltrabajo.cl\/portal\/wp-json\/wp\/v2\/users\/482"}],"replies":[{"embeddable":true,"href":"https:\/\/eltrabajo.cl\/portal\/wp-json\/wp\/v2\/comments?post=37835"}],"version-history":[{"count":0,"href":"https:\/\/eltrabajo.cl\/portal\/wp-json\/wp\/v2\/posts\/37835\/revisions"}],"wp:featuredmedia":[{"embeddable":true,"href":"https:\/\/eltrabajo.cl\/portal\/wp-json\/wp\/v2\/media\/37836"}],"wp:attachment":[{"href":"https:\/\/eltrabajo.cl\/portal\/wp-json\/wp\/v2\/media?parent=37835"}],"wp:term":[{"taxonomy":"category","embeddable":true,"href":"https:\/\/eltrabajo.cl\/portal\/wp-json\/wp\/v2\/categories?post=37835"},{"taxonomy":"post_tag","embeddable":true,"href":"https:\/\/eltrabajo.cl\/portal\/wp-json\/wp\/v2\/tags?post=37835"}],"curies":[{"name":"wp","href":"https:\/\/api.w.org\/{rel}","templated":true}]}}