{"id":37838,"date":"2013-09-11T10:22:18","date_gmt":"2013-09-11T13:22:18","guid":{"rendered":"http:\/\/www.eltrabajo.cl\/portal\/?p=37838"},"modified":"2013-09-11T10:22:18","modified_gmt":"2013-09-11T13:22:18","slug":"vecinos-de-centenario-en-pie-de-guerra-por-instalacion-antena-telefonia-movil","status":"publish","type":"post","link":"https:\/\/eltrabajo.cl\/portal\/vecinos-de-centenario-en-pie-de-guerra-por-instalacion-antena-telefonia-movil\/","title":{"rendered":"Vecinos de Centenario en pie de guerra por instalaci\u00f3n antena telefon\u00eda m\u00f3vil"},"content":{"rendered":"<figure id=\"attachment_37839\" aria-describedby=\"caption-attachment-37839\" style=\"width: 529px\" class=\"wp-caption alignnone\"><a href=\"https:\/\/i0.wp.com\/www.eltrabajo.cl\/portal\/wp-content\/uploads\/2013\/09\/antena-centenario4.jpg\"><img data-recalc-dims=\"1\" loading=\"lazy\" decoding=\"async\" class=\"size-full wp-image-37839\" title=\"Los vecinos del sector esperan al menos dilatar al m\u00e1ximo la instalaci\u00f3n de la antena, conscientes que la ley no les permite oponerse.\" alt=\"Los vecinos del sector esperan al menos dilatar al m\u00e1ximo la instalaci\u00f3n de la antena, conscientes que la ley no les permite oponerse.\" src=\"https:\/\/i0.wp.com\/www.eltrabajo.cl\/portal\/wp-content\/uploads\/2013\/09\/antena-centenario4.jpg?resize=529%2C388\" width=\"529\" height=\"388\" srcset=\"https:\/\/i0.wp.com\/eltrabajo.cl\/portal\/wp-content\/uploads\/2013\/09\/antena-centenario4.jpg?w=529&amp;ssl=1 529w, https:\/\/i0.wp.com\/eltrabajo.cl\/portal\/wp-content\/uploads\/2013\/09\/antena-centenario4.jpg?resize=200%2C146&amp;ssl=1 200w, https:\/\/i0.wp.com\/eltrabajo.cl\/portal\/wp-content\/uploads\/2013\/09\/antena-centenario4.jpg?resize=300%2C220&amp;ssl=1 300w, https:\/\/i0.wp.com\/eltrabajo.cl\/portal\/wp-content\/uploads\/2013\/09\/antena-centenario4.jpg?resize=150%2C110&amp;ssl=1 150w, https:\/\/i0.wp.com\/eltrabajo.cl\/portal\/wp-content\/uploads\/2013\/09\/antena-centenario4.jpg?resize=400%2C293&amp;ssl=1 400w\" sizes=\"auto, (max-width: 529px) 100vw, 529px\" \/><\/a><figcaption id=\"caption-attachment-37839\" class=\"wp-caption-text\">Los vecinos del sector esperan al menos dilatar al m\u00e1ximo la instalaci\u00f3n de la antena, conscientes que la ley no les permite oponerse.<\/figcaption><\/figure>\n<ul>\n<li><strong>Se ubicar\u00e1 en un terreno en Calle Paraguay y los residentes han juntado m\u00e1s de 800 firmas para oponerse.<\/strong><\/li>\n<\/ul>\n<p><strong>LOS ANDES<\/strong>.- Indignados se encuentran los residentes de la calle Paraguay en el Barrio Centenario por el anuncio de la instalaci\u00f3n de una antena de telefon\u00eda m\u00f3vil por parte de la empresa Entel en ese lugar.<\/p>\n<p>La antena se ubicar\u00e1 en el n\u00famero 485 de esa calle que corresponde a parte de un terreno de una casa que se incendi\u00f3 y cuyos due\u00f1os arrendaron a esa empresa de telecomunicaciones.<\/p>\n<p>La Presidenta de la Junta de Vecinos del Barrio Centenario, Nancy Salinas, declar\u00f3 que los vecinos est\u00e1n en pie de guerra por la instalaci\u00f3n de esta antena y no descart\u00f3 que lleven adelante medidas de presi\u00f3n como protestas p\u00fablicas y la colocaci\u00f3n de banderas negras para prohibir su instalaci\u00f3n.<\/p>\n<p>La dirigente lament\u00f3 que cuenten con muy pocas herramientas legales para oponerse a su levantamiento y temen que con ella su calidad de vida se vea perjudicada, sobre todo porque los residentes en su mayor\u00eda son personas de la tercera edad.<\/p>\n<p>\u201cTambi\u00e9n vamos a alzar la voz por lo malo que fue hecha esta ley de instalaci\u00f3n de antenas en contra de los ciudadanos\u201d, fustig\u00f3.<\/p>\n<p>Nancy Salinas dijo que a los vecinos ya les lleg\u00f3 la carta notific\u00e1ndolos de la instalaci\u00f3n de la antena, \u201cpero \u00e9sta no cumple con los requisitos que exige la ley en cuanto a su altura, la radiaci\u00f3n que va a emitir y en la ley est\u00e1 explicado que debe decirlo, pero vamos a hacer las apelaciones, aunque esto es s\u00f3lo para dilatar su instalaci\u00f3n\u201d.<\/p>\n<p>La presidenta critic\u00f3 duramente a los parlamentarios por aprobar una ley que perjudica claramente a los vecinos, \u201cporque cuando quieren el voto andan detr\u00e1s de la gente, pero cuando hacen las leyes las hacen entre cuatro paredes y nosotros no nos enteramos de nada\u201d.<\/p>\n<p>&nbsp;<\/p>\n<p>Municipio atado de manos<\/p>\n<p>Consultado por esta situaci\u00f3n, el alcalde Mauricio Navarro indic\u00f3 que es muy poco lo que pueden hacer para prohibir la instalaci\u00f3n de la antena.<\/p>\n<p>\u201cDesafortunadamente es una mala ley en la que los vecinos s\u00f3lo pueden optar a una compensaci\u00f3n o que la antena sea disfrazada como \u00e1rbol o cualquier otra cosas, no obstante seremos exigentes en el cumplimiento de los requisitos de esta mala ley y que la ordenanza de antenas de celulares se cumpla\u201d, espet\u00f3 el edil.<\/p>\n<p>Por ello, el alcalde hizo un llamado a los parlamentarios para que se legisle y regule sobre esta materia, \u201cporque no es posible que se enga\u00f1e a los vecinos con la esperanza de que a trav\u00e9s de esta normativa se iban a defender adecuadamente sus derechos, lo que en realidad no ocurre\u201d.<\/p>\n<p>Agreg\u00f3 que los estudios de inocuidad en cuanto a las radiaciones electromagn\u00e9ticas que emiten las antenas son presentados y financiados por las propias empresas, lo cual no garantiza su objetividad y por ello sostuvo que se deben tomar en cuenta par\u00e1metros de emisi\u00f3n de ondas similares a los que existen en pa\u00edses europeos.<\/p>\n<p>&nbsp;<\/p>\n","protected":false},"excerpt":{"rendered":"<p>Se ubicar\u00e1 en un terreno en Calle Paraguay y los residentes han juntado m\u00e1s de 800 firmas para oponerse. LOS ANDES.- Indignados se encuentran los residentes de la calle Paraguay en el&#8230;<\/p>\n","protected":false},"author":482,"featured_media":37839,"comment_status":"open","ping_status":"closed","sticky":false,"template":"","format":"standard","meta":{"advanced_seo_description":"","jetpack_seo_html_title":"","jetpack_seo_noindex":false,"_jetpack_memberships_contains_paid_content":false,"footnotes":""},"categories":[15],"tags":[],"class_list":["post-37838","post","type-post","status-publish","format-standard","has-post-thumbnail","hentry","category-comunidad"],"jetpack_featured_media_url":"https:\/\/i0.wp.com\/eltrabajo.cl\/portal\/wp-content\/uploads\/2013\/09\/antena-centenario4.jpg?fit=529%2C388&ssl=1","jetpack_sharing_enabled":true,"jetpack_likes_enabled":true,"jetpack-related-posts":[],"_links":{"self":[{"href":"https:\/\/eltrabajo.cl\/portal\/wp-json\/wp\/v2\/posts\/37838","targetHints":{"allow":["GET"]}}],"collection":[{"href":"https:\/\/eltrabajo.cl\/portal\/wp-json\/wp\/v2\/posts"}],"about":[{"href":"https:\/\/eltrabajo.cl\/portal\/wp-json\/wp\/v2\/types\/post"}],"author":[{"embeddable":true,"href":"https:\/\/eltrabajo.cl\/portal\/wp-json\/wp\/v2\/users\/482"}],"replies":[{"embeddable":true,"href":"https:\/\/eltrabajo.cl\/portal\/wp-json\/wp\/v2\/comments?post=37838"}],"version-history":[{"count":0,"href":"https:\/\/eltrabajo.cl\/portal\/wp-json\/wp\/v2\/posts\/37838\/revisions"}],"wp:featuredmedia":[{"embeddable":true,"href":"https:\/\/eltrabajo.cl\/portal\/wp-json\/wp\/v2\/media\/37839"}],"wp:attachment":[{"href":"https:\/\/eltrabajo.cl\/portal\/wp-json\/wp\/v2\/media?parent=37838"}],"wp:term":[{"taxonomy":"category","embeddable":true,"href":"https:\/\/eltrabajo.cl\/portal\/wp-json\/wp\/v2\/categories?post=37838"},{"taxonomy":"post_tag","embeddable":true,"href":"https:\/\/eltrabajo.cl\/portal\/wp-json\/wp\/v2\/tags?post=37838"}],"curies":[{"name":"wp","href":"https:\/\/api.w.org\/{rel}","templated":true}]}}