{"id":38192,"date":"2013-09-27T10:06:51","date_gmt":"2013-09-27T13:06:51","guid":{"rendered":"http:\/\/www.eltrabajo.cl\/portal\/?p=38192"},"modified":"2013-09-27T10:06:51","modified_gmt":"2013-09-27T13:06:51","slug":"alumnos-de-la-juan-gomez-millas-ejecutan-proyecto-arborizacion-de-su-escuela","status":"publish","type":"post","link":"https:\/\/eltrabajo.cl\/portal\/alumnos-de-la-juan-gomez-millas-ejecutan-proyecto-arborizacion-de-su-escuela\/","title":{"rendered":"Alumnos de la Juan G\u00f3mez Millas ejecutan proyecto Arborizaci\u00f3n de su Escuela"},"content":{"rendered":"<figure id=\"attachment_38193\" aria-describedby=\"caption-attachment-38193\" style=\"width: 528px\" class=\"wp-caption alignnone\"><a href=\"https:\/\/i0.wp.com\/www.eltrabajo.cl\/portal\/wp-content\/uploads\/2013\/09\/alumnos-proyecto-de-arborizacion-de-su-escuela.jpg\"><img data-recalc-dims=\"1\" loading=\"lazy\" decoding=\"async\" class=\"size-full wp-image-38193\" title=\"Los alumnos en pleno proceso de plantar \u00e1rboles en el establecimiento.\" alt=\"Los alumnos en pleno proceso de plantar \u00e1rboles en el establecimiento.\" src=\"https:\/\/i0.wp.com\/www.eltrabajo.cl\/portal\/wp-content\/uploads\/2013\/09\/alumnos-proyecto-de-arborizacion-de-su-escuela.jpg?resize=528%2C397\" width=\"528\" height=\"397\" srcset=\"https:\/\/i0.wp.com\/eltrabajo.cl\/portal\/wp-content\/uploads\/2013\/09\/alumnos-proyecto-de-arborizacion-de-su-escuela.jpg?w=528&amp;ssl=1 528w, https:\/\/i0.wp.com\/eltrabajo.cl\/portal\/wp-content\/uploads\/2013\/09\/alumnos-proyecto-de-arborizacion-de-su-escuela.jpg?resize=200%2C150&amp;ssl=1 200w, https:\/\/i0.wp.com\/eltrabajo.cl\/portal\/wp-content\/uploads\/2013\/09\/alumnos-proyecto-de-arborizacion-de-su-escuela.jpg?resize=300%2C225&amp;ssl=1 300w, https:\/\/i0.wp.com\/eltrabajo.cl\/portal\/wp-content\/uploads\/2013\/09\/alumnos-proyecto-de-arborizacion-de-su-escuela.jpg?resize=150%2C112&amp;ssl=1 150w, https:\/\/i0.wp.com\/eltrabajo.cl\/portal\/wp-content\/uploads\/2013\/09\/alumnos-proyecto-de-arborizacion-de-su-escuela.jpg?resize=400%2C300&amp;ssl=1 400w\" sizes=\"auto, (max-width: 528px) 100vw, 528px\" \/><\/a><figcaption id=\"caption-attachment-38193\" class=\"wp-caption-text\">Los alumnos en pleno proceso de plantar \u00e1rboles en el establecimiento.<\/figcaption><\/figure>\n<p>En una actividad que cont\u00f3 con la valiosa cooperaci\u00f3n de CONAF, los 67 alumnos que actualmente se educan en la Escuela Juan G\u00f3mez Millas del sector Los Villares, participaron de la actividad denominada \u2018Sembrando un sue\u00f1o, sembrando un \u00e1rbol\u2019, y que tiene como objetivo crear conciencia ecol\u00f3gica al interior de la comunidad educativa, a trav\u00e9s de la plantaci\u00f3n de nuevos \u00e1rboles para su colegio.<\/p>\n<p>De la actividad participaron tambi\u00e9n el cuerpo docente y apoderados, quienes disfrutaron junto a los alumnos, de la experiencia de plantar una de las 480 nuevas especies que hoy son parte del establecimiento.<\/p>\n<p>\u00abEs un orgullo trabajar con un grupo de docentes tan comprometidos, incluso realizando labores m\u00e1s all\u00e1 de las encomendadas como profesores, aportando con la parte humana en la entrega de valores, con ni\u00f1os y ni\u00f1as de edades que fluct\u00faan desde los 4 hasta los 15 a\u00f1os, quienes cursan desde k\u00ednder a octavo b\u00e1sico, factor clave para el cumplimiento de objetivos establecidos, pero tambi\u00e9n compartir de estas actividades extra program\u00e1ticas como la arborizaci\u00f3n de la escuela, ayudan a la formaci\u00f3n de otros valores en nuestros alumnos, quienes sienten como suyo su establecimiento\u00bb, se\u00f1al\u00f3 Rodolfo Serey Urriola, Director del establecimiento, quien sostiene firmemente el lema de que \u00aben nuestra escuela se nos entregan ni\u00f1os y devolvemos personas\u00bb.<\/p>\n<p>La escuela, que fue inaugurada el 3 de junio del a\u00f1o 1989, ha tenido un significativo avance estructural con el paso de los a\u00f1os, convirti\u00e9ndose hoy en d\u00eda, bajo la administraci\u00f3n del Alcalde Patricio Freire Canto, en una de las m\u00e1s arborizadas en relaci\u00f3n a los metros cuadrados existentes, lo que permitir\u00e1 a los ni\u00f1os y ni\u00f1as disfrutar de espacios sombr\u00edos para los calurosos d\u00edas de verano.<\/p>\n<p>En este periodo, la escuela se encuentra en proceso de matr\u00edcula, buscando incrementar la participaci\u00f3n de los ni\u00f1os y ni\u00f1as, no solo de las actividades educativas, sino que tambi\u00e9n de otras tan importantes como el cuidado del medio ambiente.<\/p>\n","protected":false},"excerpt":{"rendered":"<p>En una actividad que cont\u00f3 con la valiosa cooperaci\u00f3n de CONAF, los 67 alumnos que actualmente se educan en la Escuela Juan G\u00f3mez Millas del sector Los Villares, participaron de la actividad&#8230;<\/p>\n","protected":false},"author":482,"featured_media":38193,"comment_status":"open","ping_status":"closed","sticky":false,"template":"","format":"standard","meta":{"advanced_seo_description":"","jetpack_seo_html_title":"","jetpack_seo_noindex":false,"_jetpack_memberships_contains_paid_content":false,"footnotes":""},"categories":[15],"tags":[],"class_list":["post-38192","post","type-post","status-publish","format-standard","has-post-thumbnail","hentry","category-comunidad"],"jetpack_featured_media_url":"https:\/\/i0.wp.com\/eltrabajo.cl\/portal\/wp-content\/uploads\/2013\/09\/alumnos-proyecto-de-arborizacion-de-su-escuela.jpg?fit=528%2C397&ssl=1","jetpack_sharing_enabled":true,"jetpack_likes_enabled":true,"jetpack-related-posts":[],"_links":{"self":[{"href":"https:\/\/eltrabajo.cl\/portal\/wp-json\/wp\/v2\/posts\/38192","targetHints":{"allow":["GET"]}}],"collection":[{"href":"https:\/\/eltrabajo.cl\/portal\/wp-json\/wp\/v2\/posts"}],"about":[{"href":"https:\/\/eltrabajo.cl\/portal\/wp-json\/wp\/v2\/types\/post"}],"author":[{"embeddable":true,"href":"https:\/\/eltrabajo.cl\/portal\/wp-json\/wp\/v2\/users\/482"}],"replies":[{"embeddable":true,"href":"https:\/\/eltrabajo.cl\/portal\/wp-json\/wp\/v2\/comments?post=38192"}],"version-history":[{"count":0,"href":"https:\/\/eltrabajo.cl\/portal\/wp-json\/wp\/v2\/posts\/38192\/revisions"}],"wp:featuredmedia":[{"embeddable":true,"href":"https:\/\/eltrabajo.cl\/portal\/wp-json\/wp\/v2\/media\/38193"}],"wp:attachment":[{"href":"https:\/\/eltrabajo.cl\/portal\/wp-json\/wp\/v2\/media?parent=38192"}],"wp:term":[{"taxonomy":"category","embeddable":true,"href":"https:\/\/eltrabajo.cl\/portal\/wp-json\/wp\/v2\/categories?post=38192"},{"taxonomy":"post_tag","embeddable":true,"href":"https:\/\/eltrabajo.cl\/portal\/wp-json\/wp\/v2\/tags?post=38192"}],"curies":[{"name":"wp","href":"https:\/\/api.w.org\/{rel}","templated":true}]}}