{"id":38357,"date":"2013-10-03T09:53:42","date_gmt":"2013-10-03T12:53:42","guid":{"rendered":"http:\/\/www.eltrabajo.cl\/portal\/?p=38357"},"modified":"2013-10-03T09:53:42","modified_gmt":"2013-10-03T12:53:42","slug":"con-el-beneplacito-de-los-usuarios-hospital-san-camilo-celebra-sus-171-anos","status":"publish","type":"post","link":"https:\/\/eltrabajo.cl\/portal\/con-el-beneplacito-de-los-usuarios-hospital-san-camilo-celebra-sus-171-anos\/","title":{"rendered":"Con el benepl\u00e1cito de los usuarios Hospital San Camilo celebra sus 171 a\u00f1os"},"content":{"rendered":"<figure id=\"attachment_38358\" aria-describedby=\"caption-attachment-38358\" style=\"width: 529px\" class=\"wp-caption alignnone\"><a href=\"https:\/\/i0.wp.com\/www.eltrabajo.cl\/portal\/wp-content\/uploads\/2013\/10\/aniversario-hospital-san-camilo-2.jpg\"><img data-recalc-dims=\"1\" loading=\"lazy\" decoding=\"async\" class=\"size-full wp-image-38358\" title=\"La ocasi\u00f3n sirvi\u00f3 para reconocer con el premio Dr. Segismundo Iturra Taito al m\u00e9dico que encarna los valores representados en la figura del doctor Iturra, reconocimiento que este a\u00f1o recay\u00f3 en el Dr. Luis Corradi.\" alt=\"La ocasi\u00f3n sirvi\u00f3 para reconocer con el premio Dr. Segismundo Iturra Taito al m\u00e9dico que encarna los valores representados en la figura del doctor Iturra, reconocimiento que este a\u00f1o recay\u00f3 en el Dr. Luis Corradi.\" src=\"https:\/\/i0.wp.com\/www.eltrabajo.cl\/portal\/wp-content\/uploads\/2013\/10\/aniversario-hospital-san-camilo-2.jpg?resize=529%2C322\" width=\"529\" height=\"322\" srcset=\"https:\/\/i0.wp.com\/eltrabajo.cl\/portal\/wp-content\/uploads\/2013\/10\/aniversario-hospital-san-camilo-2.jpg?w=529&amp;ssl=1 529w, https:\/\/i0.wp.com\/eltrabajo.cl\/portal\/wp-content\/uploads\/2013\/10\/aniversario-hospital-san-camilo-2.jpg?resize=200%2C121&amp;ssl=1 200w, https:\/\/i0.wp.com\/eltrabajo.cl\/portal\/wp-content\/uploads\/2013\/10\/aniversario-hospital-san-camilo-2.jpg?resize=300%2C182&amp;ssl=1 300w, https:\/\/i0.wp.com\/eltrabajo.cl\/portal\/wp-content\/uploads\/2013\/10\/aniversario-hospital-san-camilo-2.jpg?resize=150%2C91&amp;ssl=1 150w, https:\/\/i0.wp.com\/eltrabajo.cl\/portal\/wp-content\/uploads\/2013\/10\/aniversario-hospital-san-camilo-2.jpg?resize=400%2C243&amp;ssl=1 400w\" sizes=\"auto, (max-width: 529px) 100vw, 529px\" \/><\/a><figcaption id=\"caption-attachment-38358\" class=\"wp-caption-text\">La ocasi\u00f3n sirvi\u00f3 para reconocer con el premio Dr. Segismundo Iturra Taito al m\u00e9dico que encarna los valores representados en la figura del doctor Iturra, reconocimiento que este a\u00f1o recay\u00f3 en el Dr. Luis Corradi.<\/figcaption><\/figure>\n<p>Para los que conocen la realidad de otros hospitales del pa\u00eds, el Hospital San Camilo de San Felipe es sin lugar a dudas un establecimiento de muy buen nivel, y basta recorrer sus pasillos y hablar con los usuarios para escuchar de boca de ellos mismos el valor que le asignan a sus instalaciones y atenci\u00f3n.<\/p>\n<p>Pero en la administraci\u00f3n del mismo establecimiento pretenden ir todav\u00eda por m\u00e1s. Eso qued\u00f3 de manifiesto tras la ceremonia realizada en el patio del recinto y en la que sus funcionarios y otras autoridades repasaron el devenir del Hospital.<\/p>\n<p>Seg\u00fan mencion\u00f3 el Director del establecimiento de salud, Alberto Altermatt Covarrubias, pretenden mantener la situaci\u00f3n financiera en orden para poder seguir concretando objetivos de inversi\u00f3n, los que podr\u00edan alcanzar los 250 millones de pesos en el corto plazo.<\/p>\n<p>El profesional dijo estar \u201cmuy contento de poder celebrar un nuevo aniversario en medio de esta etapa que le est\u00e1 cambiando la cara a nuestro hospital, puesto que despu\u00e9s de mucho trabajo estamos consolidando un proyecto de gesti\u00f3n basado en la Calidad que no se daba hace muchos a\u00f1os y que no s\u00f3lo trae esta reciente acreditaci\u00f3n, sino que tambi\u00e9n la compra de nuevo equipamiento para seguir mejorando y perfeccionado la atenci\u00f3n\u201d.<\/p>\n<p>Con respecto a esta reciente acreditaci\u00f3n de procesos en Calidad, el Director manifest\u00f3 que no es un fin en s\u00ed misma, sino que un medio para seguir mejorando y que la poblaci\u00f3n tiene que estar tranquila de que su hospital se sigue mejorando a s\u00ed mismo en un proceso que no termina.<\/p>\n<p>\u201cEsto es una invitaci\u00f3n a seguir mejorando y demostrando que hacemos las cosas mejor que antes, situaci\u00f3n que queremos que se note en la satisfacci\u00f3n de los usuarios, porque todo el sentido de mejorar es para que sean ellos lo que lo sientan\u201d, agreg\u00f3.<\/p>\n<p>Por ahora est\u00e1n enfrentando estos 171 a\u00f1os en la fase de normalizaci\u00f3n del equipamiento m\u00e9dico para diversos servicios, los cuales van en directa atenci\u00f3n de los usuarios, quienes, muchas veces sin saberlo, son atendidos por equipos de \u00faltima tecnolog\u00eda, similares a los utilizados en las cl\u00ednicas m\u00e1s prestigiosas del pa\u00eds.<\/p>\n<p>&nbsp;<\/p>\n","protected":false},"excerpt":{"rendered":"<p>Para los que conocen la realidad de otros hospitales del pa\u00eds, el Hospital San Camilo de San Felipe es sin lugar a dudas un establecimiento de muy buen nivel, y basta recorrer&#8230;<\/p>\n","protected":false},"author":482,"featured_media":38358,"comment_status":"open","ping_status":"closed","sticky":false,"template":"","format":"standard","meta":{"advanced_seo_description":"","jetpack_seo_html_title":"","jetpack_seo_noindex":false,"_jetpack_memberships_contains_paid_content":false,"footnotes":""},"categories":[15],"tags":[],"class_list":["post-38357","post","type-post","status-publish","format-standard","has-post-thumbnail","hentry","category-comunidad"],"jetpack_featured_media_url":"https:\/\/i0.wp.com\/eltrabajo.cl\/portal\/wp-content\/uploads\/2013\/10\/aniversario-hospital-san-camilo-2.jpg?fit=529%2C322&ssl=1","jetpack_sharing_enabled":true,"jetpack_likes_enabled":true,"jetpack-related-posts":[],"_links":{"self":[{"href":"https:\/\/eltrabajo.cl\/portal\/wp-json\/wp\/v2\/posts\/38357","targetHints":{"allow":["GET"]}}],"collection":[{"href":"https:\/\/eltrabajo.cl\/portal\/wp-json\/wp\/v2\/posts"}],"about":[{"href":"https:\/\/eltrabajo.cl\/portal\/wp-json\/wp\/v2\/types\/post"}],"author":[{"embeddable":true,"href":"https:\/\/eltrabajo.cl\/portal\/wp-json\/wp\/v2\/users\/482"}],"replies":[{"embeddable":true,"href":"https:\/\/eltrabajo.cl\/portal\/wp-json\/wp\/v2\/comments?post=38357"}],"version-history":[{"count":0,"href":"https:\/\/eltrabajo.cl\/portal\/wp-json\/wp\/v2\/posts\/38357\/revisions"}],"wp:featuredmedia":[{"embeddable":true,"href":"https:\/\/eltrabajo.cl\/portal\/wp-json\/wp\/v2\/media\/38358"}],"wp:attachment":[{"href":"https:\/\/eltrabajo.cl\/portal\/wp-json\/wp\/v2\/media?parent=38357"}],"wp:term":[{"taxonomy":"category","embeddable":true,"href":"https:\/\/eltrabajo.cl\/portal\/wp-json\/wp\/v2\/categories?post=38357"},{"taxonomy":"post_tag","embeddable":true,"href":"https:\/\/eltrabajo.cl\/portal\/wp-json\/wp\/v2\/tags?post=38357"}],"curies":[{"name":"wp","href":"https:\/\/api.w.org\/{rel}","templated":true}]}}