{"id":38422,"date":"2013-10-04T09:59:06","date_gmt":"2013-10-04T12:59:06","guid":{"rendered":"http:\/\/www.eltrabajo.cl\/portal\/?p=38422"},"modified":"2013-10-04T09:59:06","modified_gmt":"2013-10-04T12:59:06","slug":"vecinos-piden-al-municipio-esfuerzo-para-comprar-ex-supermercado-la-donita","status":"publish","type":"post","link":"https:\/\/eltrabajo.cl\/portal\/vecinos-piden-al-municipio-esfuerzo-para-comprar-ex-supermercado-la-donita\/","title":{"rendered":"Vecinos piden al municipio esfuerzo para comprar ex Supermercado La Do\u00f1ita"},"content":{"rendered":"<figure id=\"attachment_38423\" aria-describedby=\"caption-attachment-38423\" style=\"width: 317px\" class=\"wp-caption alignleft\"><a href=\"https:\/\/i0.wp.com\/www.eltrabajo.cl\/portal\/wp-content\/uploads\/2013\/10\/nancy-toro.jpg\"><img data-recalc-dims=\"1\" loading=\"lazy\" decoding=\"async\" class=\" wp-image-38423 \" title=\"La se\u00f1ora Nancy Toro es comerciante del sector y para ella \u201cla reutilizaci\u00f3n del local comercial ser\u00eda lo mejor que nos podr\u00eda pasar\u201d.\" alt=\"La se\u00f1ora Nancy Toro es comerciante del sector y para ella \u201cla reutilizaci\u00f3n del local comercial ser\u00eda lo mejor que nos podr\u00eda pasar\u201d.\" src=\"https:\/\/i0.wp.com\/www.eltrabajo.cl\/portal\/wp-content\/uploads\/2013\/10\/nancy-toro.jpg?resize=317%2C238\" width=\"317\" height=\"238\" srcset=\"https:\/\/i0.wp.com\/eltrabajo.cl\/portal\/wp-content\/uploads\/2013\/10\/nancy-toro.jpg?w=528&amp;ssl=1 528w, https:\/\/i0.wp.com\/eltrabajo.cl\/portal\/wp-content\/uploads\/2013\/10\/nancy-toro.jpg?resize=200%2C150&amp;ssl=1 200w, https:\/\/i0.wp.com\/eltrabajo.cl\/portal\/wp-content\/uploads\/2013\/10\/nancy-toro.jpg?resize=300%2C225&amp;ssl=1 300w, https:\/\/i0.wp.com\/eltrabajo.cl\/portal\/wp-content\/uploads\/2013\/10\/nancy-toro.jpg?resize=150%2C112&amp;ssl=1 150w, https:\/\/i0.wp.com\/eltrabajo.cl\/portal\/wp-content\/uploads\/2013\/10\/nancy-toro.jpg?resize=400%2C300&amp;ssl=1 400w\" sizes=\"auto, (max-width: 317px) 100vw, 317px\" \/><\/a><figcaption id=\"caption-attachment-38423\" class=\"wp-caption-text\">La se\u00f1ora Nancy Toro es comerciante del sector y para ella \u201cla reutilizaci\u00f3n del local comercial ser\u00eda lo mejor que nos podr\u00eda pasar\u201d.<\/figcaption><\/figure>\n<p>En los noventa se convirti\u00f3 en el primer supermercado de barrio en San Felipe, y en un tremendo desaf\u00edo familiar para la familia sanfelipe\u00f1a que levant\u00f3 dicho proyecto, todav\u00eda adelantado para la \u00e9poca.<\/p>\n<p>Han pasado los a\u00f1os y tras varias administraciones, el supermercado \u2018La Do\u00f1ita\u2019 de San Felipe finalmente cerr\u00f3 sus puertas hace solo un par de a\u00f1os. Los vecinos fueron viendo c\u00f3mo en donde se emplazaba la estructura del supermercado, ahora yace una construcci\u00f3n que solo evoca lo que alguna vez fue.<\/p>\n<p>&nbsp;<\/p>\n<p><strong>Problema Vecinal<\/strong><\/p>\n<p>Para los lugare\u00f1os este verdadero \u2018elefante blanco\u2019 pas\u00f3 de ser una genial comodidad y revitalizaci\u00f3n del sector, a convertirse en problema diario. Denuncian que hasta ahora se ha transformado en escondite de ladrones y drogadictos. En efecto Carabineros confirma 32 llamados en los \u00faltimos seis meses por intentos de robo, ri\u00f1a y venta de droga en las inmediaciones del edificio. Todo esto favorecido por la oscuridad de la noche o el amparo de su dise\u00f1o.<\/p>\n<p>Diario El Trabajo convers\u00f3 con algunos vecinos inmediatos del ex supermercado. Una de ellas es Ver\u00f3nica Zamora, quien se\u00f1al\u00f3 que \u201ces un peligro pues ac\u00e1 vienen los tipos a drogarse y nuestros hijos no pueden ni salir ya a la calle. Lo otro es que de a poco se est\u00e1 convirtiendo esto en un basural, ac\u00e1 la gente orina, pasa la noche, hace de todo y si no se corta luego m\u00e1s basura van a seguir trayendo\u201d.<\/p>\n<p>Para Norma Araya, el asunto es todav\u00eda m\u00e1s complicado, vive al frente de la propiedad y \u201ca veces suena la alarma de madrugada y yo creo que todo este sector se despierta. Tenemos que estar preocupados de llamar a los Carabineros cuando vemos que est\u00e1n intentando meterse. Quiz\u00e1 sea bueno que alg\u00fan organismo, Bomberos, Carabineros o Municipalidad puedan comprar la propiedad y potenciarla con actividades que beneficien a las poblaciones del sector\u201d.<\/p>\n<p>&nbsp;<\/p>\n<p>Posible soluci\u00f3n<\/p>\n<p>Hace unas semanas, cuando el municipio de San Felipe hizo la consulta ciudadana en el Liceo Roberto Humeres, y se presentaron dirigentes vecinales de \u2018La Do\u00f1ita\u2019, \u2018Las Acacias\u2019 y \u2018Santa Br\u00edgida\u2019, algunos de ellos lanzaron una idea de mejora en su barrio, proponiendo al municipio de San Felipe comprar el edificio para emplazar un gimnasio, un centro de servicios municipales o un centro de extensi\u00f3n cultural que bien administrado, pueda revitalizar la propiedad con apoyo de los mismos vecinos que cuiden lo que les pertenece.<\/p>\n<p>\u201cSer\u00eda lo mejor que nos podr\u00eda pasar, porque estamos justo al lado y vemos muchas cosas. Los delincuentes se guarecen en un rinc\u00f3n y muy pocas veces los atrapan porque tienen muchas partes por donde huir. Ser\u00eda fant\u00e1stico que la municipalidad entienda este problema que tenemos, y haga un esfuerzo. Ser\u00eda fant\u00e1stico que ellos se hicieran cargo y ser\u00eda estupendo que este espacio se sepa aprovechar mejor, eso ser\u00eda un alivio para todos nosotros\u201d, se\u00f1ala la se\u00f1ora Nancy Toro, propietaria de un negocio cercano.<\/p>\n<p>El municipio acogi\u00f3 la idea de los vecinos y fue incluida en el sondeo previo de c\u00f3mo quieren los vecinos ver su ciudad y de qu\u00e9 manera la imaginan a futuro. Algunos concejales escucharon con benepl\u00e1cito la iniciativa y se comprometieron a estudiarla.<\/p>\n<p>La propiedad pertenece a la empresa familiar \u2018Comercial Antillanca Ltda.\u2019, de los hermanos Jorquera, y que por a\u00f1os se han relacionado a la tradicional Panader\u00eda Moderna en San Felipe. Fuera de micr\u00f3fonos asintieron en la necesidad de recuperar el edificio y reconocieron los problemas que se han presentado tras el cierre del negocio. Esperan lo que muchos del sector norponiente de la ciudad imaginan: que tras la apertura del Street Center de Av. Enc\u00f3n y Hermanos Carrera, el sector se revitalice y se pueda emprender una nueva iniciativa en la propiedad. Aunque tambi\u00e9n se encuentran abiertos a la opci\u00f3n de vender al municipio o cualquier organismo interesado en desarrollar alg\u00fan proyecto social o comunitario.<\/p>\n<p>Pedro Mu\u00f1oz Hern\u00e1ndez<\/p>\n<p>&nbsp;<\/p>\n","protected":false},"excerpt":{"rendered":"<p>En los noventa se convirti\u00f3 en el primer supermercado de barrio en San Felipe, y en un tremendo desaf\u00edo familiar para la familia sanfelipe\u00f1a que levant\u00f3 dicho proyecto, todav\u00eda adelantado para la&#8230;<\/p>\n","protected":false},"author":482,"featured_media":38423,"comment_status":"open","ping_status":"closed","sticky":false,"template":"","format":"standard","meta":{"advanced_seo_description":"","jetpack_seo_html_title":"","jetpack_seo_noindex":false,"_jetpack_memberships_contains_paid_content":false,"footnotes":""},"categories":[15],"tags":[],"class_list":["post-38422","post","type-post","status-publish","format-standard","has-post-thumbnail","hentry","category-comunidad"],"jetpack_featured_media_url":"https:\/\/i0.wp.com\/eltrabajo.cl\/portal\/wp-content\/uploads\/2013\/10\/nancy-toro.jpg?fit=528%2C396&ssl=1","jetpack_sharing_enabled":true,"jetpack_likes_enabled":true,"jetpack-related-posts":[],"_links":{"self":[{"href":"https:\/\/eltrabajo.cl\/portal\/wp-json\/wp\/v2\/posts\/38422","targetHints":{"allow":["GET"]}}],"collection":[{"href":"https:\/\/eltrabajo.cl\/portal\/wp-json\/wp\/v2\/posts"}],"about":[{"href":"https:\/\/eltrabajo.cl\/portal\/wp-json\/wp\/v2\/types\/post"}],"author":[{"embeddable":true,"href":"https:\/\/eltrabajo.cl\/portal\/wp-json\/wp\/v2\/users\/482"}],"replies":[{"embeddable":true,"href":"https:\/\/eltrabajo.cl\/portal\/wp-json\/wp\/v2\/comments?post=38422"}],"version-history":[{"count":0,"href":"https:\/\/eltrabajo.cl\/portal\/wp-json\/wp\/v2\/posts\/38422\/revisions"}],"wp:featuredmedia":[{"embeddable":true,"href":"https:\/\/eltrabajo.cl\/portal\/wp-json\/wp\/v2\/media\/38423"}],"wp:attachment":[{"href":"https:\/\/eltrabajo.cl\/portal\/wp-json\/wp\/v2\/media?parent=38422"}],"wp:term":[{"taxonomy":"category","embeddable":true,"href":"https:\/\/eltrabajo.cl\/portal\/wp-json\/wp\/v2\/categories?post=38422"},{"taxonomy":"post_tag","embeddable":true,"href":"https:\/\/eltrabajo.cl\/portal\/wp-json\/wp\/v2\/tags?post=38422"}],"curies":[{"name":"wp","href":"https:\/\/api.w.org\/{rel}","templated":true}]}}