{"id":38436,"date":"2013-10-07T10:04:54","date_gmt":"2013-10-07T13:04:54","guid":{"rendered":"http:\/\/www.eltrabajo.cl\/portal\/?p=38436"},"modified":"2013-10-07T10:04:54","modified_gmt":"2013-10-07T13:04:54","slug":"dos-parejas-rinconadinas-resultaron-campeonas-en-provincial-de-cueca-escolar","status":"publish","type":"post","link":"https:\/\/eltrabajo.cl\/portal\/dos-parejas-rinconadinas-resultaron-campeonas-en-provincial-de-cueca-escolar\/","title":{"rendered":"Dos parejas rinconadinas resultaron campeonas en Provincial de Cueca Escolar"},"content":{"rendered":"<figure id=\"attachment_38437\" aria-describedby=\"caption-attachment-38437\" style=\"width: 529px\" class=\"wp-caption alignnone\"><a href=\"https:\/\/i0.wp.com\/www.eltrabajo.cl\/portal\/wp-content\/uploads\/2013\/10\/cueca-basica-2.jpg\"><img data-recalc-dims=\"1\" loading=\"lazy\" decoding=\"async\" class=\"size-full wp-image-38437\" title=\"Jaime S\u00e1nchez y Francisca S\u00e1nchez conforman la dupla que representar\u00e1 a la comuna en la categor\u00eda \u00abPrimer Ciclo\u00bb a nivel regional.\" alt=\"Jaime S\u00e1nchez y Francisca S\u00e1nchez conforman la dupla que representar\u00e1 a la comuna en la categor\u00eda \u00abPrimer Ciclo\u00bb a nivel regional.\" src=\"https:\/\/i0.wp.com\/www.eltrabajo.cl\/portal\/wp-content\/uploads\/2013\/10\/cueca-basica-2.jpg?resize=529%2C353\" width=\"529\" height=\"353\" srcset=\"https:\/\/i0.wp.com\/eltrabajo.cl\/portal\/wp-content\/uploads\/2013\/10\/cueca-basica-2.jpg?w=529&amp;ssl=1 529w, https:\/\/i0.wp.com\/eltrabajo.cl\/portal\/wp-content\/uploads\/2013\/10\/cueca-basica-2.jpg?resize=200%2C133&amp;ssl=1 200w, https:\/\/i0.wp.com\/eltrabajo.cl\/portal\/wp-content\/uploads\/2013\/10\/cueca-basica-2.jpg?resize=300%2C200&amp;ssl=1 300w, https:\/\/i0.wp.com\/eltrabajo.cl\/portal\/wp-content\/uploads\/2013\/10\/cueca-basica-2.jpg?resize=150%2C100&amp;ssl=1 150w, https:\/\/i0.wp.com\/eltrabajo.cl\/portal\/wp-content\/uploads\/2013\/10\/cueca-basica-2.jpg?resize=400%2C266&amp;ssl=1 400w\" sizes=\"auto, (max-width: 529px) 100vw, 529px\" \/><\/a><figcaption id=\"caption-attachment-38437\" class=\"wp-caption-text\">Jaime S\u00e1nchez y Francisca S\u00e1nchez conforman la dupla que representar\u00e1 a la comuna en la categor\u00eda \u00abPrimer Ciclo\u00bb a nivel regional.<\/figcaption><\/figure>\n<ul>\n<li><strong>En la comuna de Calle Larga se realiz\u00f3 el campeonato provincial de cueca escolar correspondiente a las comunas de la provincia de Los Andes.<\/strong><\/li>\n<\/ul>\n<p>Dentro de los ganadores se encuentran dos parejas rinconadinas compuestas por, Jaime S\u00e1nchez y Francisca S\u00e1nchez representando al Liceo Parroquial Teresita de Los Andes, quienes obtuvieron el primer lugar en la competencia por la categor\u00eda primer ciclo. En tanto que la otra pareja formada por Yaritza Ahumada y Pedro Vargas ganaron en la categor\u00eda especial representando a la Escuela Nueva Esperanza. Esta \u00faltima pareja gan\u00f3 el paso al Regional de Olmu\u00e9 a celebrarse este mes.<\/p>\n<p>El Alcalde Pedro Caballer\u00eda dijo a Diario El Trabajo: \u00abhemos estado potenciando el deporte y tambi\u00e9n nuestras tradiciones y el folklore, es por esto que me siento orgulloso de estas parejas que representaron tan bien a nuestra querida comuna de Rinconada, y que sabr\u00e1n defendernos tambi\u00e9n en el regional a disputarse en la comuna de Olmu\u00e9\u00bb.<\/p>\n<p>El Encargado de Deporte y Promoci\u00f3n de la Salud, Cristian Ram\u00edrez afirm\u00f3 que \u00abestamos muy contentos por la convocatoria que hubo, ya que super\u00f3 todas las expectativas, adem\u00e1s feliz de que tengamos dos campeones provinciales y dejar el nombre de Rinconada en alto\u00bb.<\/p>\n<p>&nbsp;<\/p>\n","protected":false},"excerpt":{"rendered":"<p>En la comuna de Calle Larga se realiz\u00f3 el campeonato provincial de cueca escolar correspondiente a las comunas de la provincia de Los Andes. Dentro de los ganadores se encuentran dos parejas&#8230;<\/p>\n","protected":false},"author":482,"featured_media":38437,"comment_status":"open","ping_status":"closed","sticky":false,"template":"","format":"standard","meta":{"advanced_seo_description":"","jetpack_seo_html_title":"","jetpack_seo_noindex":false,"_jetpack_memberships_contains_paid_content":false,"footnotes":""},"categories":[15],"tags":[],"class_list":["post-38436","post","type-post","status-publish","format-standard","has-post-thumbnail","hentry","category-comunidad"],"jetpack_featured_media_url":"https:\/\/i0.wp.com\/eltrabajo.cl\/portal\/wp-content\/uploads\/2013\/10\/cueca-basica-2.jpg?fit=529%2C353&ssl=1","jetpack_sharing_enabled":true,"jetpack_likes_enabled":true,"jetpack-related-posts":[],"_links":{"self":[{"href":"https:\/\/eltrabajo.cl\/portal\/wp-json\/wp\/v2\/posts\/38436","targetHints":{"allow":["GET"]}}],"collection":[{"href":"https:\/\/eltrabajo.cl\/portal\/wp-json\/wp\/v2\/posts"}],"about":[{"href":"https:\/\/eltrabajo.cl\/portal\/wp-json\/wp\/v2\/types\/post"}],"author":[{"embeddable":true,"href":"https:\/\/eltrabajo.cl\/portal\/wp-json\/wp\/v2\/users\/482"}],"replies":[{"embeddable":true,"href":"https:\/\/eltrabajo.cl\/portal\/wp-json\/wp\/v2\/comments?post=38436"}],"version-history":[{"count":0,"href":"https:\/\/eltrabajo.cl\/portal\/wp-json\/wp\/v2\/posts\/38436\/revisions"}],"wp:featuredmedia":[{"embeddable":true,"href":"https:\/\/eltrabajo.cl\/portal\/wp-json\/wp\/v2\/media\/38437"}],"wp:attachment":[{"href":"https:\/\/eltrabajo.cl\/portal\/wp-json\/wp\/v2\/media?parent=38436"}],"wp:term":[{"taxonomy":"category","embeddable":true,"href":"https:\/\/eltrabajo.cl\/portal\/wp-json\/wp\/v2\/categories?post=38436"},{"taxonomy":"post_tag","embeddable":true,"href":"https:\/\/eltrabajo.cl\/portal\/wp-json\/wp\/v2\/tags?post=38436"}],"curies":[{"name":"wp","href":"https:\/\/api.w.org\/{rel}","templated":true}]}}