{"id":38442,"date":"2013-10-07T10:09:16","date_gmt":"2013-10-07T13:09:16","guid":{"rendered":"http:\/\/www.eltrabajo.cl\/portal\/?p=38442"},"modified":"2013-10-07T10:09:16","modified_gmt":"2013-10-07T13:09:16","slug":"con-gran-alegria-trabajadores-celebraron-el-dia-del-asistente-de-la-educacion-en-san-felipe","status":"publish","type":"post","link":"https:\/\/eltrabajo.cl\/portal\/con-gran-alegria-trabajadores-celebraron-el-dia-del-asistente-de-la-educacion-en-san-felipe\/","title":{"rendered":"Con gran alegr\u00eda, trabajadores celebraron el D\u00eda del Asistente de la Educaci\u00f3n en San Felipe"},"content":{"rendered":"<figure id=\"attachment_38443\" aria-describedby=\"caption-attachment-38443\" style=\"width: 528px\" class=\"wp-caption alignnone\"><a href=\"https:\/\/i0.wp.com\/www.eltrabajo.cl\/portal\/wp-content\/uploads\/2013\/10\/asistentes-2.jpg\"><img data-recalc-dims=\"1\" loading=\"lazy\" decoding=\"async\" class=\"size-full wp-image-38443\" title=\"Tras una misa los asistentes de la educaci\u00f3n fueron acompa\u00f1ados  a un almuerzo en el que compartieron alegremente junto a colegas y autoridades locales.\" alt=\"Tras una misa los asistentes de la educaci\u00f3n fueron acompa\u00f1ados  a un almuerzo en el que compartieron alegremente junto a colegas y autoridades locales.\" src=\"https:\/\/i0.wp.com\/www.eltrabajo.cl\/portal\/wp-content\/uploads\/2013\/10\/asistentes-2.jpg?resize=528%2C368\" width=\"528\" height=\"368\" srcset=\"https:\/\/i0.wp.com\/eltrabajo.cl\/portal\/wp-content\/uploads\/2013\/10\/asistentes-2.jpg?w=528&amp;ssl=1 528w, https:\/\/i0.wp.com\/eltrabajo.cl\/portal\/wp-content\/uploads\/2013\/10\/asistentes-2.jpg?resize=200%2C139&amp;ssl=1 200w, https:\/\/i0.wp.com\/eltrabajo.cl\/portal\/wp-content\/uploads\/2013\/10\/asistentes-2.jpg?resize=300%2C209&amp;ssl=1 300w, https:\/\/i0.wp.com\/eltrabajo.cl\/portal\/wp-content\/uploads\/2013\/10\/asistentes-2.jpg?resize=150%2C104&amp;ssl=1 150w, https:\/\/i0.wp.com\/eltrabajo.cl\/portal\/wp-content\/uploads\/2013\/10\/asistentes-2.jpg?resize=400%2C278&amp;ssl=1 400w\" sizes=\"auto, (max-width: 528px) 100vw, 528px\" \/><\/a><figcaption id=\"caption-attachment-38443\" class=\"wp-caption-text\">Tras una misa los asistentes de la educaci\u00f3n fueron acompa\u00f1ados a un almuerzo en el que compartieron alegremente junto a colegas y autoridades locales.<\/figcaption><\/figure>\n<p>Como cada a\u00f1o, y con una gran convocatoria, se celebr\u00f3 un nuevo \u00abD\u00eda del Asistente de la Educaci\u00f3n\u00bb de los establecimientos municipalizados de la comuna de San Felipe.<\/p>\n<p>La actividad comenz\u00f3 el mediod\u00eda del pasado viernes, con una misa oficiada en la Catedral de nuestra ciudad, hasta donde lleg\u00f3 el Alcalde de la comuna de San Felipe Patricio Freire Canto, acompa\u00f1ado de los concejales Ricardo Covarrubias, Jeannette Sotomayor, Juan Manuel Millanao, y Dante Rodr\u00edguez, adem\u00e1s de una gran cantidad de trabajadores de los diferentes establecimientos educacionales municipalizados, para luego compartir con un almuerzo de camarader\u00eda realizado en la Vi\u00f1a Martel.<\/p>\n<p>En la oportunidad, Silvia Meneses, Presidenta del sindicato de Asistentes de la educaci\u00f3n de San Felipe, manifest\u00f3 que \u00abes importante que se reconozca el trabajo que diariamente desarrollan los asistentes de cada uno de los establecimientos de la comuna, tal como lo destacan las autoridades, se\u00f1alando que son un engranaje fundamental del sistema educativo p\u00fablico, lo que ha permitido muchos avances que se han alcanzado con la autoridad, destacando la mesa de trabajo con la nueva administraci\u00f3n, manteniendo la confianza de que se avanzar\u00e1 en las distintas materias que involucran al sector.\u00bb<\/p>\n<p>Por su parte, el Alcalde Patricio Freire destac\u00f3 la labor realizada por los asistentes de la educaci\u00f3n en un emotivo discurso, se\u00f1alando que \u00abse est\u00e1n realizando todas las gestiones para continuar en una senda amistosa, buscando dar soluciones a las inquietudes del sector, destacando que pueden contar con su apoyo en esta nueva gesti\u00f3n edilicia, buscando mejorar d\u00eda a d\u00eda la calidad de la Educaci\u00f3n Municipal.\u00bb<\/p>\n<p>Adem\u00e1s, el actual Director de Educaci\u00f3n Municipal, Iv\u00e1n Silva Padilla, quien por motivos inherentes al cargo no pudo estar presente en la actividad, envi\u00f3 un afectuoso saludo a todos los asistentes de la educaci\u00f3n, a trav\u00e9s de su representante, el abogado William Gal\u00e1z, mostrando su satisfacci\u00f3n con los esfuerzos que diariamente realizan para sacar adelante la gran tarea de la educaci\u00f3n municipal, destacando y agradeciendo el alto nivel de compromiso demostrado con la actual gesti\u00f3n.<\/p>\n","protected":false},"excerpt":{"rendered":"<p>Como cada a\u00f1o, y con una gran convocatoria, se celebr\u00f3 un nuevo \u00abD\u00eda del Asistente de la Educaci\u00f3n\u00bb de los establecimientos municipalizados de la comuna de San Felipe. La actividad comenz\u00f3 el&#8230;<\/p>\n","protected":false},"author":482,"featured_media":38443,"comment_status":"open","ping_status":"closed","sticky":false,"template":"","format":"standard","meta":{"advanced_seo_description":"","jetpack_seo_html_title":"","jetpack_seo_noindex":false,"_jetpack_memberships_contains_paid_content":false,"footnotes":""},"categories":[15],"tags":[],"class_list":["post-38442","post","type-post","status-publish","format-standard","has-post-thumbnail","hentry","category-comunidad"],"jetpack_featured_media_url":"https:\/\/i0.wp.com\/eltrabajo.cl\/portal\/wp-content\/uploads\/2013\/10\/asistentes-2.jpg?fit=528%2C368&ssl=1","jetpack_sharing_enabled":true,"jetpack_likes_enabled":true,"jetpack-related-posts":[],"_links":{"self":[{"href":"https:\/\/eltrabajo.cl\/portal\/wp-json\/wp\/v2\/posts\/38442","targetHints":{"allow":["GET"]}}],"collection":[{"href":"https:\/\/eltrabajo.cl\/portal\/wp-json\/wp\/v2\/posts"}],"about":[{"href":"https:\/\/eltrabajo.cl\/portal\/wp-json\/wp\/v2\/types\/post"}],"author":[{"embeddable":true,"href":"https:\/\/eltrabajo.cl\/portal\/wp-json\/wp\/v2\/users\/482"}],"replies":[{"embeddable":true,"href":"https:\/\/eltrabajo.cl\/portal\/wp-json\/wp\/v2\/comments?post=38442"}],"version-history":[{"count":0,"href":"https:\/\/eltrabajo.cl\/portal\/wp-json\/wp\/v2\/posts\/38442\/revisions"}],"wp:featuredmedia":[{"embeddable":true,"href":"https:\/\/eltrabajo.cl\/portal\/wp-json\/wp\/v2\/media\/38443"}],"wp:attachment":[{"href":"https:\/\/eltrabajo.cl\/portal\/wp-json\/wp\/v2\/media?parent=38442"}],"wp:term":[{"taxonomy":"category","embeddable":true,"href":"https:\/\/eltrabajo.cl\/portal\/wp-json\/wp\/v2\/categories?post=38442"},{"taxonomy":"post_tag","embeddable":true,"href":"https:\/\/eltrabajo.cl\/portal\/wp-json\/wp\/v2\/tags?post=38442"}],"curies":[{"name":"wp","href":"https:\/\/api.w.org\/{rel}","templated":true}]}}