{"id":38454,"date":"2013-10-07T10:16:06","date_gmt":"2013-10-07T13:16:06","guid":{"rendered":"http:\/\/www.eltrabajo.cl\/portal\/?p=38454"},"modified":"2013-10-07T10:16:06","modified_gmt":"2013-10-07T13:16:06","slug":"hasta-el-25-de-octubre-hay-plazo-para-postular-al-fondo-de-iniciativas-barriales","status":"publish","type":"post","link":"https:\/\/eltrabajo.cl\/portal\/hasta-el-25-de-octubre-hay-plazo-para-postular-al-fondo-de-iniciativas-barriales\/","title":{"rendered":"Hasta el 25 de Octubre hay plazo para postular al Fondo de Iniciativas Barriales"},"content":{"rendered":"<p><a href=\"https:\/\/i0.wp.com\/www.eltrabajo.cl\/portal\/wp-content\/uploads\/2013\/10\/ricardo-carrasco.jpg\"><img data-recalc-dims=\"1\" loading=\"lazy\" decoding=\"async\" class=\" wp-image-38455 alignleft\" alt=\"ricardo carrasco\" src=\"https:\/\/i0.wp.com\/www.eltrabajo.cl\/portal\/wp-content\/uploads\/2013\/10\/ricardo-carrasco.jpg?resize=317%2C361\" width=\"317\" height=\"361\" srcset=\"https:\/\/i0.wp.com\/eltrabajo.cl\/portal\/wp-content\/uploads\/2013\/10\/ricardo-carrasco.jpg?w=529&amp;ssl=1 529w, https:\/\/i0.wp.com\/eltrabajo.cl\/portal\/wp-content\/uploads\/2013\/10\/ricardo-carrasco.jpg?resize=132%2C150&amp;ssl=1 132w, https:\/\/i0.wp.com\/eltrabajo.cl\/portal\/wp-content\/uploads\/2013\/10\/ricardo-carrasco.jpg?resize=264%2C300&amp;ssl=1 264w, https:\/\/i0.wp.com\/eltrabajo.cl\/portal\/wp-content\/uploads\/2013\/10\/ricardo-carrasco.jpg?resize=400%2C454&amp;ssl=1 400w\" sizes=\"auto, (max-width: 317px) 100vw, 317px\" \/><\/a><\/p>\n<p>Un llamado a las organizaciones sociales de la comuna, est\u00e1 formulando la Municipalidad de San Felipe, para que postulen al Fondo de Iniciativas Barriales (FIB), el que reemplaza al antiguo Fondecom y que dispone de 20 millones de pesos para el financiamiento de proyectos vecinales, caracterizados por la participaci\u00f3n de los pobladores de cada sector.<\/p>\n<p>La informaci\u00f3n la entreg\u00f3 el profesional municipal, Ricardo Carrasco, quien se\u00f1al\u00f3 que por ley est\u00e1 establecido que los municipios deben contar con un fondo que financie proyectos de las organizaciones sociales y es as\u00ed que se resolvi\u00f3 implementar este FIB.<\/p>\n<p>Explic\u00f3 que la diferencia con el Fondecom, radica en la participaci\u00f3n de la comunidad en la definici\u00f3n de los proyectos, dado que uno de los requisitos es que las organizaciones acrediten que la discusi\u00f3n de la iniciativa a postular, la hicieron los integrantes de la entidad.<\/p>\n<p>\u00abEsto tiene que ver con levantar actas, convocar a la ciudadan\u00eda y de manera coordinada, presentar proyectos, pero siempre y cuando levanten un acta de aquella necesidad m\u00e1s sentida por ese sector o agrupaci\u00f3n, en asamblea\u00bb, se\u00f1al\u00f3 Carrasco.<\/p>\n<p>A\u00f1adi\u00f3 que \u00ablo que hoy d\u00eda andamos buscando es la participaci\u00f3n de las personas, que no se sientan aislados de estos procesos los vecinos. Que sientan que si se toma una decisi\u00f3n de presentar un proyecto, cualquiera sea el fondo al cual se postule, este tenga una connotaci\u00f3n y respaldo social\u00bb.<\/p>\n<p>La iniciativa del FIB sintoniza con la pol\u00edtica implementada por la actual administraci\u00f3n de Patricio Freire, en cuanto a que todo proyecto que se ejecute, sea consultado a la ciudadan\u00eda, que es el que en definitiva va a tomar las decisiones y rendir a su comunidad, acerca del uso de los fondos recibidos.<\/p>\n<p>Hace algunos d\u00edas, la municipalidad realiz\u00f3 una convocatoria abierta a todas las organizaciones funcionales y territoriales, a fin de invitarlos a postular proyectos a este fondo. En la oportunidad, participaron representantes de m\u00e1s de cien organizaciones, quienes se mostraron muy entusiasmados en participar.<\/p>\n<p>Respecto de los proyectos que se pueden postular, Ricardo Carrasco dijo que pueden ser iniciativas de infraestructura, equipamiento comunitario o deportivo, a fin de que las organizaciones puedan contar con los elementos que necesitan para su trabajo.<\/p>\n<p>\u00abNosotros buscamos la corresponsabilidad entre el municipio y las organizaciones sociales, la que tiene que ver con la asignaci\u00f3n de recursos, pero tambi\u00e9n tiene que ver con la democratizaci\u00f3n de los espacios p\u00fablicos y democratizar las decisiones que se toman a nivel de cada una de las organizaciones\u00bb, se\u00f1al\u00f3 Carrasco.<\/p>\n<p>Los proyectos se pueden presentar hasta el 25 de octubre, con un tope de recursos a solicitar, de 500 mil pesos.<\/p>\n<p>&nbsp;<\/p>\n","protected":false},"excerpt":{"rendered":"<p>Un llamado a las organizaciones sociales de la comuna, est\u00e1 formulando la Municipalidad de San Felipe, para que postulen al Fondo de Iniciativas Barriales (FIB), el que reemplaza al antiguo Fondecom y&#8230;<\/p>\n","protected":false},"author":482,"featured_media":38455,"comment_status":"open","ping_status":"closed","sticky":false,"template":"","format":"standard","meta":{"advanced_seo_description":"","jetpack_seo_html_title":"","jetpack_seo_noindex":false,"_jetpack_memberships_contains_paid_content":false,"footnotes":""},"categories":[15],"tags":[],"class_list":["post-38454","post","type-post","status-publish","format-standard","has-post-thumbnail","hentry","category-comunidad"],"jetpack_featured_media_url":"https:\/\/i0.wp.com\/eltrabajo.cl\/portal\/wp-content\/uploads\/2013\/10\/ricardo-carrasco.jpg?fit=529%2C601&ssl=1","jetpack_sharing_enabled":true,"jetpack_likes_enabled":true,"jetpack-related-posts":[],"_links":{"self":[{"href":"https:\/\/eltrabajo.cl\/portal\/wp-json\/wp\/v2\/posts\/38454","targetHints":{"allow":["GET"]}}],"collection":[{"href":"https:\/\/eltrabajo.cl\/portal\/wp-json\/wp\/v2\/posts"}],"about":[{"href":"https:\/\/eltrabajo.cl\/portal\/wp-json\/wp\/v2\/types\/post"}],"author":[{"embeddable":true,"href":"https:\/\/eltrabajo.cl\/portal\/wp-json\/wp\/v2\/users\/482"}],"replies":[{"embeddable":true,"href":"https:\/\/eltrabajo.cl\/portal\/wp-json\/wp\/v2\/comments?post=38454"}],"version-history":[{"count":0,"href":"https:\/\/eltrabajo.cl\/portal\/wp-json\/wp\/v2\/posts\/38454\/revisions"}],"wp:featuredmedia":[{"embeddable":true,"href":"https:\/\/eltrabajo.cl\/portal\/wp-json\/wp\/v2\/media\/38455"}],"wp:attachment":[{"href":"https:\/\/eltrabajo.cl\/portal\/wp-json\/wp\/v2\/media?parent=38454"}],"wp:term":[{"taxonomy":"category","embeddable":true,"href":"https:\/\/eltrabajo.cl\/portal\/wp-json\/wp\/v2\/categories?post=38454"},{"taxonomy":"post_tag","embeddable":true,"href":"https:\/\/eltrabajo.cl\/portal\/wp-json\/wp\/v2\/tags?post=38454"}],"curies":[{"name":"wp","href":"https:\/\/api.w.org\/{rel}","templated":true}]}}