{"id":38457,"date":"2013-10-07T10:18:44","date_gmt":"2013-10-07T13:18:44","guid":{"rendered":"http:\/\/www.eltrabajo.cl\/portal\/?p=38457"},"modified":"2013-10-07T10:18:44","modified_gmt":"2013-10-07T13:18:44","slug":"son-150-agricultores-de-aconcagua-los-afectados-por-las-heladas","status":"publish","type":"post","link":"https:\/\/eltrabajo.cl\/portal\/son-150-agricultores-de-aconcagua-los-afectados-por-las-heladas\/","title":{"rendered":"Son 150 agricultores de Aconcagua los afectados por las heladas"},"content":{"rendered":"<figure id=\"attachment_38458\" aria-describedby=\"caption-attachment-38458\" style=\"width: 422px\" class=\"wp-caption alignleft\"><a href=\"https:\/\/i0.wp.com\/www.eltrabajo.cl\/portal\/wp-content\/uploads\/2013\/10\/conferencia-heladas.jpg\"><img data-recalc-dims=\"1\" loading=\"lazy\" decoding=\"async\" class=\" wp-image-38458 \" title=\"La gobernadora Patricia Boffa, junto a la jefa de \u00e1rea San Felipe \u2013 Los Andes de Indap, Patricia Montes.\" alt=\"La gobernadora Patricia Boffa, junto a la jefa de \u00e1rea San Felipe \u2013 Los Andes de Indap, Patricia Montes.\" src=\"https:\/\/i0.wp.com\/www.eltrabajo.cl\/portal\/wp-content\/uploads\/2013\/10\/conferencia-heladas.jpg?resize=422%2C317\" width=\"422\" height=\"317\" srcset=\"https:\/\/i0.wp.com\/eltrabajo.cl\/portal\/wp-content\/uploads\/2013\/10\/conferencia-heladas.jpg?w=528&amp;ssl=1 528w, https:\/\/i0.wp.com\/eltrabajo.cl\/portal\/wp-content\/uploads\/2013\/10\/conferencia-heladas.jpg?resize=200%2C150&amp;ssl=1 200w, https:\/\/i0.wp.com\/eltrabajo.cl\/portal\/wp-content\/uploads\/2013\/10\/conferencia-heladas.jpg?resize=300%2C225&amp;ssl=1 300w, https:\/\/i0.wp.com\/eltrabajo.cl\/portal\/wp-content\/uploads\/2013\/10\/conferencia-heladas.jpg?resize=150%2C112&amp;ssl=1 150w, https:\/\/i0.wp.com\/eltrabajo.cl\/portal\/wp-content\/uploads\/2013\/10\/conferencia-heladas.jpg?resize=400%2C300&amp;ssl=1 400w\" sizes=\"auto, (max-width: 422px) 100vw, 422px\" \/><\/a><figcaption id=\"caption-attachment-38458\" class=\"wp-caption-text\">La gobernadora Patricia Boffa, junto a la jefa de \u00e1rea San Felipe \u2013 Los Andes de Indap, Patricia Montes.<\/figcaption><\/figure>\n<p>Producciones de tomates, damascos, cerezos, nogales y algunas variedades de uva, se perdieron a prop\u00f3sito de las bajas temperaturas que han comenzado a registrarse el 16 de Septiembre.<\/p>\n<p>Un total de 150 agricultores, usuarios del Instituto de Desarrollo Agropecuario, son los que tiene catastrados este servicio a trav\u00e9s de los Prodesal, como afectados por las heladas, con p\u00e9rdidas casi totales de sus producciones, siendo la comuna de Putaendo la que ha resultado m\u00e1s complicada por este tema.<\/p>\n<p>As\u00ed lo dio a conocer la jefa de \u00e1rea de Indap, Patricia Montes, quien se\u00f1al\u00f3 que a contar del 17 de septiembre, los profesionales del servicio est\u00e1n trabajando para acoger las presentaciones de los agricultores, muchos de los cuales hab\u00edan contratado el seguro agr\u00edcola, por lo que ya se est\u00e1 tramitando su pago.<\/p>\n<p>\u00abDetectamos p\u00e9rdidas en hortalizas como el tomate, que ya estaba en floraci\u00f3n o en alm\u00e1cigo; los damascos se hab\u00edan perdido, porque florecen y cuajan el fruto en forma temprana; se detect\u00f3 que hab\u00eda flor y fruto en duraznos tempranos, por lo que en dos semanas sabremos el da\u00f1o que presentar\u00e1 este fruto\u00bb, se\u00f1al\u00f3 Patricia Montes.<\/p>\n<p>Indic\u00f3 que semanalmente se han enviado informes a la direcci\u00f3n nacional, con el detalle del catastro realizado en terreno, que da cuenta de 150 agricultores usuarios de Indap, a nivel del valle de Aconcagua, que resultaron con sus producciones perjudicadas.<\/p>\n<p>Consultada la jefa de \u00e1rea por la ayuda que entregar\u00e1 Indap a los afectados, manifest\u00f3 que hay varios instrumentos como pr\u00f3rrogas y renegociaciones, excepciones en cuanto al pago de abonos. \u00abLa informaci\u00f3n oficial no ha llegado todav\u00eda, el catastro que se est\u00e1 realizando, tiene por objeto entregar alg\u00fan apoyo econ\u00f3mico en el tema de las heladas. No podr\u00eda decir si eso llegar\u00e1 al tiro, pero se est\u00e1 trabajando\u00bb, indic\u00f3 la profesional.<\/p>\n<p>A\u00f1adi\u00f3 que \u00abdesde el d\u00eda 24 de septiembre se est\u00e1 trabajando en el tema del apoyo, y pensamos que no pasar\u00e1 del lunes, para que las autoridades de nuestra instituci\u00f3n y del Ministerio, se pronuncien respecto a este tema\u00bb.<\/p>\n<p>Patricia Montes se\u00f1al\u00f3 que la oficina de \u00e1rea ha registrado una importante demanda de agricultores, quienes han llegado diariamente y son catastrados, para inmediatamente cotejar su informaci\u00f3n crediticia y establecer de qu\u00e9 manera se les puede ayudar.<\/p>\n<p>\u00abHemos tenido una buena reacci\u00f3n de los agricultores, quienes tienen una muy buena llegada con nosotros\u00bb, coment\u00f3.<\/p>\n<p>Por su parte, la gobernadora Patricia Boffa destac\u00f3 que las distintas unidades de Prodesal han realizado un trabajo en terreno, de cuantificaci\u00f3n de da\u00f1os.<\/p>\n<p>Consultada por las cr\u00edticas que se han formulado, sobre todo en Putaendo, por la falta de preocupaci\u00f3n de las autoridades, Boffa manifest\u00f3 que Indap ha estado atento a todo lo que acontece en este tema desde el 17 de septiembre, acotando de paso que el Prodesal de esa comuna fue el \u00faltimo en entregar su informe.<\/p>\n<p>\u00abDesde el d\u00eda 22 de septiembre he estado recibiendo informes de Indap, hemos estado desde un primer minuto atentos a lo que ocurre. Algunas municipalidades han criticado el accionar de esta Gobernaci\u00f3n, pero nosotros hemos estado muy atentos de lo que ocurre con los agricultores de la provincia. Se pidi\u00f3 un informe a todos los Prodesal, que son la contraparte de Indap, y Putaendo fue la \u00faltima comuna en entregar su informe\u00bb, puntualiz\u00f3 la autoridad provincial.<\/p>\n<p>&nbsp;<\/p>\n","protected":false},"excerpt":{"rendered":"<p>Producciones de tomates, damascos, cerezos, nogales y algunas variedades de uva, se perdieron a prop\u00f3sito de las bajas temperaturas que han comenzado a registrarse el 16 de Septiembre. Un total de 150&#8230;<\/p>\n","protected":false},"author":482,"featured_media":38458,"comment_status":"open","ping_status":"closed","sticky":false,"template":"","format":"standard","meta":{"advanced_seo_description":"","jetpack_seo_html_title":"","jetpack_seo_noindex":false,"_jetpack_memberships_contains_paid_content":false,"footnotes":""},"categories":[15],"tags":[],"class_list":["post-38457","post","type-post","status-publish","format-standard","has-post-thumbnail","hentry","category-comunidad"],"jetpack_featured_media_url":"https:\/\/i0.wp.com\/eltrabajo.cl\/portal\/wp-content\/uploads\/2013\/10\/conferencia-heladas.jpg?fit=528%2C396&ssl=1","jetpack_sharing_enabled":true,"jetpack_likes_enabled":true,"jetpack-related-posts":[],"_links":{"self":[{"href":"https:\/\/eltrabajo.cl\/portal\/wp-json\/wp\/v2\/posts\/38457","targetHints":{"allow":["GET"]}}],"collection":[{"href":"https:\/\/eltrabajo.cl\/portal\/wp-json\/wp\/v2\/posts"}],"about":[{"href":"https:\/\/eltrabajo.cl\/portal\/wp-json\/wp\/v2\/types\/post"}],"author":[{"embeddable":true,"href":"https:\/\/eltrabajo.cl\/portal\/wp-json\/wp\/v2\/users\/482"}],"replies":[{"embeddable":true,"href":"https:\/\/eltrabajo.cl\/portal\/wp-json\/wp\/v2\/comments?post=38457"}],"version-history":[{"count":0,"href":"https:\/\/eltrabajo.cl\/portal\/wp-json\/wp\/v2\/posts\/38457\/revisions"}],"wp:featuredmedia":[{"embeddable":true,"href":"https:\/\/eltrabajo.cl\/portal\/wp-json\/wp\/v2\/media\/38458"}],"wp:attachment":[{"href":"https:\/\/eltrabajo.cl\/portal\/wp-json\/wp\/v2\/media?parent=38457"}],"wp:term":[{"taxonomy":"category","embeddable":true,"href":"https:\/\/eltrabajo.cl\/portal\/wp-json\/wp\/v2\/categories?post=38457"},{"taxonomy":"post_tag","embeddable":true,"href":"https:\/\/eltrabajo.cl\/portal\/wp-json\/wp\/v2\/tags?post=38457"}],"curies":[{"name":"wp","href":"https:\/\/api.w.org\/{rel}","templated":true}]}}