{"id":38471,"date":"2013-10-08T09:48:03","date_gmt":"2013-10-08T12:48:03","guid":{"rendered":"http:\/\/www.eltrabajo.cl\/portal\/?p=38471"},"modified":"2013-10-08T09:48:03","modified_gmt":"2013-10-08T12:48:03","slug":"mas-de-800-personas-sin-agua-potable-por-nueva-rotura-de-matriz-en-putaendo","status":"publish","type":"post","link":"https:\/\/eltrabajo.cl\/portal\/mas-de-800-personas-sin-agua-potable-por-nueva-rotura-de-matriz-en-putaendo\/","title":{"rendered":"M\u00e1s de 800 personas sin agua potable por nueva rotura de matriz en Putaendo"},"content":{"rendered":"<figure id=\"attachment_38472\" aria-describedby=\"caption-attachment-38472\" style=\"width: 529px\" class=\"wp-caption alignnone\"><a href=\"https:\/\/i0.wp.com\/www.eltrabajo.cl\/portal\/wp-content\/uploads\/2013\/10\/rotura-matriz1.jpg\"><img data-recalc-dims=\"1\" loading=\"lazy\" decoding=\"async\" class=\"size-full wp-image-38472\" title=\"Ya van 10 roturas de matriz solo en la Poblaci\u00f3n San Antonio en los \u00faltimos meses.\" alt=\"Ya van 10 roturas de matriz solo en la Poblaci\u00f3n San Antonio en los \u00faltimos meses.\" src=\"https:\/\/i0.wp.com\/www.eltrabajo.cl\/portal\/wp-content\/uploads\/2013\/10\/rotura-matriz1.jpg?resize=529%2C353\" width=\"529\" height=\"353\" srcset=\"https:\/\/i0.wp.com\/eltrabajo.cl\/portal\/wp-content\/uploads\/2013\/10\/rotura-matriz1.jpg?w=529&amp;ssl=1 529w, https:\/\/i0.wp.com\/eltrabajo.cl\/portal\/wp-content\/uploads\/2013\/10\/rotura-matriz1.jpg?resize=200%2C133&amp;ssl=1 200w, https:\/\/i0.wp.com\/eltrabajo.cl\/portal\/wp-content\/uploads\/2013\/10\/rotura-matriz1.jpg?resize=300%2C200&amp;ssl=1 300w, https:\/\/i0.wp.com\/eltrabajo.cl\/portal\/wp-content\/uploads\/2013\/10\/rotura-matriz1.jpg?resize=150%2C100&amp;ssl=1 150w, https:\/\/i0.wp.com\/eltrabajo.cl\/portal\/wp-content\/uploads\/2013\/10\/rotura-matriz1.jpg?resize=400%2C266&amp;ssl=1 400w\" sizes=\"auto, (max-width: 529px) 100vw, 529px\" \/><\/a><figcaption id=\"caption-attachment-38472\" class=\"wp-caption-text\">Ya van 10 roturas de matriz solo en la Poblaci\u00f3n San Antonio en los \u00faltimos meses.<\/figcaption><\/figure>\n<p><strong>PUTAENDO.<\/strong>&#8211; Aunque parezca dif\u00edcil de creer, en forma ins\u00f3lita nuevamente la rotura de una matriz dej\u00f3 sin suministro de agua potable a m\u00e1s de 800 personas la ma\u00f1ana de este jueves en el centro de Putaendo.<\/p>\n<p>Pasadas las 02:00 horas de la madrugada comenz\u00f3 a salir agua en la Avenida Ej\u00e9rcito Libertador a un costado de la Poblaci\u00f3n San Antonio, evidenciando nuevamente la rotura de una matriz, lo que ya a eso de las 05:00 horas dej\u00f3 sin agua potable a los vecinos de Villa Los Alerces, Poblaci\u00f3n San Antonio, Villa Mercedes, Poblaci\u00f3n Do\u00f1a Javiera, Villa El Sendero y Poblaci\u00f3n Ej\u00e9rcito Libertador.<\/p>\n<p>Como ya es pr\u00e1cticamente habitual, los equipos de emergencia de Esval trabajaron con maquinaria pesada y debieron cambiar m\u00e1s de 20 metros de ca\u00f1er\u00eda, reemplaz\u00e1ndola por PVC, por lo que el suministro de agua potable fue repuesto a eso de las once de la ma\u00f1ana.<\/p>\n<p>En los \u00faltimos meses se han registrado m\u00e1s de 10 roturas de matriz solo en la Poblaci\u00f3n San Antonio por causa de la antig\u00fcedad de la ca\u00f1er\u00eda que ya pr\u00e1cticamente est\u00e1n colapsadas y necesitan en forma urgente una reposici\u00f3n total, sin embargo, Esval solo se ha dedicado a realizar soluciones de parche.<\/p>\n<p>El alcalde Guillermo Reyes la semana pasada anunci\u00f3 que denunciar\u00eda los hechos a la Superintendencia de Servicios Sanitarios y ante esta nueva emergencia dijo sentirse indignado y aburrido de la falta de seriedad de Esval, por lo que indic\u00f3 que a partir de este momento da por finalizada cualquier tipo de gesti\u00f3n con el Subgerente Zonal de Esval Hern\u00e1n Berr\u00edos, quien a juicio del edil, no le interesa la situaci\u00f3n que afecta a los vecinos de Putaendo, pues agreg\u00f3 que es un gerente ausente de la grave situaci\u00f3n que afecta a la comuna.<\/p>\n<p><strong>\u00a0<\/strong><\/p>\n<p><strong>VECINOS SE ORGANIZAN Y ANUNCIAN MOVILIZACIONES<\/strong><\/p>\n<p>Varios dirigentes de las juntas de vecinos de las poblaciones afectadas sostendr\u00e1n una importante reuni\u00f3n con la finalidad de organizarse y realizar las primeras manifestaciones o protestas en contra de Esval por la cr\u00edtica situaci\u00f3n que pr\u00e1cticamente una vez a la semana les est\u00e1 afectando.<\/p>\n<p>Patricio Gallardo M.<\/p>\n<p>&nbsp;<\/p>\n","protected":false},"excerpt":{"rendered":"<p>PUTAENDO.&#8211; Aunque parezca dif\u00edcil de creer, en forma ins\u00f3lita nuevamente la rotura de una matriz dej\u00f3 sin suministro de agua potable a m\u00e1s de 800 personas la ma\u00f1ana de este jueves en&#8230;<\/p>\n","protected":false},"author":482,"featured_media":38472,"comment_status":"open","ping_status":"closed","sticky":false,"template":"","format":"standard","meta":{"advanced_seo_description":"","jetpack_seo_html_title":"","jetpack_seo_noindex":false,"_jetpack_memberships_contains_paid_content":false,"footnotes":""},"categories":[15],"tags":[],"class_list":["post-38471","post","type-post","status-publish","format-standard","has-post-thumbnail","hentry","category-comunidad"],"jetpack_featured_media_url":"https:\/\/i0.wp.com\/eltrabajo.cl\/portal\/wp-content\/uploads\/2013\/10\/rotura-matriz1.jpg?fit=529%2C353&ssl=1","jetpack_sharing_enabled":true,"jetpack_likes_enabled":true,"jetpack-related-posts":[],"_links":{"self":[{"href":"https:\/\/eltrabajo.cl\/portal\/wp-json\/wp\/v2\/posts\/38471","targetHints":{"allow":["GET"]}}],"collection":[{"href":"https:\/\/eltrabajo.cl\/portal\/wp-json\/wp\/v2\/posts"}],"about":[{"href":"https:\/\/eltrabajo.cl\/portal\/wp-json\/wp\/v2\/types\/post"}],"author":[{"embeddable":true,"href":"https:\/\/eltrabajo.cl\/portal\/wp-json\/wp\/v2\/users\/482"}],"replies":[{"embeddable":true,"href":"https:\/\/eltrabajo.cl\/portal\/wp-json\/wp\/v2\/comments?post=38471"}],"version-history":[{"count":0,"href":"https:\/\/eltrabajo.cl\/portal\/wp-json\/wp\/v2\/posts\/38471\/revisions"}],"wp:featuredmedia":[{"embeddable":true,"href":"https:\/\/eltrabajo.cl\/portal\/wp-json\/wp\/v2\/media\/38472"}],"wp:attachment":[{"href":"https:\/\/eltrabajo.cl\/portal\/wp-json\/wp\/v2\/media?parent=38471"}],"wp:term":[{"taxonomy":"category","embeddable":true,"href":"https:\/\/eltrabajo.cl\/portal\/wp-json\/wp\/v2\/categories?post=38471"},{"taxonomy":"post_tag","embeddable":true,"href":"https:\/\/eltrabajo.cl\/portal\/wp-json\/wp\/v2\/tags?post=38471"}],"curies":[{"name":"wp","href":"https:\/\/api.w.org\/{rel}","templated":true}]}}