{"id":38493,"date":"2013-10-08T09:58:15","date_gmt":"2013-10-08T12:58:15","guid":{"rendered":"http:\/\/www.eltrabajo.cl\/portal\/?p=38493"},"modified":"2013-10-08T09:58:15","modified_gmt":"2013-10-08T12:58:15","slug":"concejales-piden-aumentar-aporte-municipal-al-area-de-salud","status":"publish","type":"post","link":"https:\/\/eltrabajo.cl\/portal\/concejales-piden-aumentar-aporte-municipal-al-area-de-salud\/","title":{"rendered":"Concejales piden aumentar aporte municipal al \u00e1rea de salud"},"content":{"rendered":"<figure id=\"attachment_38494\" aria-describedby=\"caption-attachment-38494\" style=\"width: 423px\" class=\"wp-caption alignleft\"><a href=\"https:\/\/i0.wp.com\/www.eltrabajo.cl\/portal\/wp-content\/uploads\/2013\/10\/concejales-muena-y-silva.jpg\"><img data-recalc-dims=\"1\" loading=\"lazy\" decoding=\"async\" class=\" wp-image-38494 \" title=\"Concejales Rodolfo Silva y Basilio Muena.\" alt=\"Concejales Rodolfo Silva y Basilio Muena.\" src=\"https:\/\/i0.wp.com\/www.eltrabajo.cl\/portal\/wp-content\/uploads\/2013\/10\/concejales-muena-y-silva.jpg?resize=423%2C318\" width=\"423\" height=\"318\" srcset=\"https:\/\/i0.wp.com\/eltrabajo.cl\/portal\/wp-content\/uploads\/2013\/10\/concejales-muena-y-silva.jpg?w=529&amp;ssl=1 529w, https:\/\/i0.wp.com\/eltrabajo.cl\/portal\/wp-content\/uploads\/2013\/10\/concejales-muena-y-silva.jpg?resize=200%2C150&amp;ssl=1 200w, https:\/\/i0.wp.com\/eltrabajo.cl\/portal\/wp-content\/uploads\/2013\/10\/concejales-muena-y-silva.jpg?resize=300%2C225&amp;ssl=1 300w, https:\/\/i0.wp.com\/eltrabajo.cl\/portal\/wp-content\/uploads\/2013\/10\/concejales-muena-y-silva.jpg?resize=150%2C112&amp;ssl=1 150w, https:\/\/i0.wp.com\/eltrabajo.cl\/portal\/wp-content\/uploads\/2013\/10\/concejales-muena-y-silva.jpg?resize=400%2C300&amp;ssl=1 400w\" sizes=\"auto, (max-width: 423px) 100vw, 423px\" \/><\/a><figcaption id=\"caption-attachment-38494\" class=\"wp-caption-text\">Concejales Rodolfo Silva y Basilio Muena.<\/figcaption><\/figure>\n<ul>\n<li><strong>Mientras la municipalidad de San Felipe contempla aportar 70 millones de pesos para 2014, en Catemu por ejemplo, se traspasar\u00e1n 200 millones de pesos.<\/strong><\/li>\n<\/ul>\n<p>Una propuesta al municipio de San Felipe, en particular a su alcalde Patricio Freire, presentaron los concejales Rodolfo Silva (RN) y Basilio Muena (DC), a fin de aumentar el aporte municipal al \u00e1rea de salud, lo que permitir\u00eda mejorar la situaci\u00f3n de los centros de salud que dependen de la corporaci\u00f3n edilicia, como el Cesfam Segismundo Iturra.<\/p>\n<p>La iniciativa se plante\u00f3 en el marco de la sesi\u00f3n del concejo municipal, oportunidad en la que se revis\u00f3 la propuesta de presupuesto municipal 2014, donde se analiz\u00f3 cada uno de los \u00edtemes y financiamiento que tendr\u00e1n los departamentos. En este contexto, se propuso que en el \u00e1rea de salud municipal se haga un esfuerzo mayor y se eleve el aporte que se realiza al sistema.<\/p>\n<p>\u201cConsiderando que el monto proyectado para 2014 son cerca de 70 millones de pesos y al compararlo con otros municipios, se puede constatar que es una cifra bastante exigua, pese a tratarse de comunas m\u00e1s peque\u00f1as que la nuestra. Pedimos que se haga una revisi\u00f3n al presupuesto proyectado de salud, para as\u00ed aumentarlo. Con eso gana en definitiva la comunidad\u201d, se\u00f1al\u00f3 Muena.<\/p>\n<p>A\u00f1adi\u00f3 que la idea es que con este aumento de aporte a salud, se podr\u00eda hacer una mayor inversi\u00f3n en medicamentos o profesionales, lo que permitir\u00eda mejorar la calidad de la atenci\u00f3n de la salud municipal en la comuna.<\/p>\n<p>En ese mismo sentido, el concejal Rodolfo Silva dijo que es \u2018paup\u00e9rrimo\u2019 el aporte que hace el municipio de San Felipe a la salud, ya que se trata de una suma de 50 millones de pesos para el Cesfam Segismundo Iturra y 20 millones de pesos para el CECOSF, sin que el edil haya indicado qu\u00e9 ocurre con aportes a los dem\u00e1s centros de salud municipales.<\/p>\n<p>\u201cMe comuniqu\u00e9 con el alcalde Boris Luksic para comparar, y Catemu va a dar 200 millones de pesos el pr\u00f3ximo a\u00f1o, y eso que esa comuna tiene una poblaci\u00f3n de 13 mil habitantes, versus San Felipe que tiene 5 veces m\u00e1s. Por lo tanto el municipio, con la anuencia del alcalde, tendr\u00e1 que reevaluar el aporte 2014 a salud, pensando que la poblaci\u00f3n est\u00e1 envejeciendo, las necesidades son mayores, hay mayor cantidad de ex\u00e1menes y la poblaci\u00f3n est\u00e1 m\u00e1s exigente\u201d, expres\u00f3 el concejal Silva.<\/p>\n<p>A\u00f1adi\u00f3 que de igual manera es necesario cumplir los compromisos, dado que en 2011 se comprometieron 135 millones de pesos y el ingreso real al sistema de de 92 millones de pesos; en tanto que se acord\u00f3 entregar 150 millones de pesos y finalmente se traspasaron 50 millones de pesos.<\/p>\n<p>Ambos concejales manifestaron que independientemente de pertenecer a tiendas pol\u00edticas diferentes, se han preocupado por avanzar en materia de una mejor calidad de atenci\u00f3n de salud primaria, lo que pasa necesariamente por incrementar el aporte financiero que realiza la municipalidad al sistema que es de su dependencia.<\/p>\n<p>&nbsp;<\/p>\n","protected":false},"excerpt":{"rendered":"<p>Mientras la municipalidad de San Felipe contempla aportar 70 millones de pesos para 2014, en Catemu por ejemplo, se traspasar\u00e1n 200 millones de pesos. Una propuesta al municipio de San Felipe, en&#8230;<\/p>\n","protected":false},"author":482,"featured_media":38494,"comment_status":"open","ping_status":"closed","sticky":false,"template":"","format":"standard","meta":{"advanced_seo_description":"","jetpack_seo_html_title":"","jetpack_seo_noindex":false,"_jetpack_memberships_contains_paid_content":false,"footnotes":""},"categories":[15],"tags":[],"class_list":["post-38493","post","type-post","status-publish","format-standard","has-post-thumbnail","hentry","category-comunidad"],"jetpack_featured_media_url":"https:\/\/i0.wp.com\/eltrabajo.cl\/portal\/wp-content\/uploads\/2013\/10\/concejales-muena-y-silva.jpg?fit=529%2C397&ssl=1","jetpack_sharing_enabled":true,"jetpack_likes_enabled":true,"jetpack-related-posts":[],"_links":{"self":[{"href":"https:\/\/eltrabajo.cl\/portal\/wp-json\/wp\/v2\/posts\/38493","targetHints":{"allow":["GET"]}}],"collection":[{"href":"https:\/\/eltrabajo.cl\/portal\/wp-json\/wp\/v2\/posts"}],"about":[{"href":"https:\/\/eltrabajo.cl\/portal\/wp-json\/wp\/v2\/types\/post"}],"author":[{"embeddable":true,"href":"https:\/\/eltrabajo.cl\/portal\/wp-json\/wp\/v2\/users\/482"}],"replies":[{"embeddable":true,"href":"https:\/\/eltrabajo.cl\/portal\/wp-json\/wp\/v2\/comments?post=38493"}],"version-history":[{"count":0,"href":"https:\/\/eltrabajo.cl\/portal\/wp-json\/wp\/v2\/posts\/38493\/revisions"}],"wp:featuredmedia":[{"embeddable":true,"href":"https:\/\/eltrabajo.cl\/portal\/wp-json\/wp\/v2\/media\/38494"}],"wp:attachment":[{"href":"https:\/\/eltrabajo.cl\/portal\/wp-json\/wp\/v2\/media?parent=38493"}],"wp:term":[{"taxonomy":"category","embeddable":true,"href":"https:\/\/eltrabajo.cl\/portal\/wp-json\/wp\/v2\/categories?post=38493"},{"taxonomy":"post_tag","embeddable":true,"href":"https:\/\/eltrabajo.cl\/portal\/wp-json\/wp\/v2\/tags?post=38493"}],"curies":[{"name":"wp","href":"https:\/\/api.w.org\/{rel}","templated":true}]}}