{"id":38521,"date":"2013-10-09T10:04:19","date_gmt":"2013-10-09T13:04:19","guid":{"rendered":"http:\/\/www.eltrabajo.cl\/portal\/?p=38521"},"modified":"2013-10-09T10:13:05","modified_gmt":"2013-10-09T13:13:05","slug":"vecinos-de-villa-departamental-se-organizan-para-mejorar-su-sector","status":"publish","type":"post","link":"https:\/\/eltrabajo.cl\/portal\/vecinos-de-villa-departamental-se-organizan-para-mejorar-su-sector\/","title":{"rendered":"Vecinos de Villa Departamental se organizan para mejorar su sector"},"content":{"rendered":"<figure id=\"attachment_38522\" aria-describedby=\"caption-attachment-38522\" style=\"width: 529px\" class=\"wp-caption alignnone\"><a href=\"https:\/\/i0.wp.com\/www.eltrabajo.cl\/portal\/wp-content\/uploads\/2013\/10\/ninos-y-adultos-de-la-depa.jpg\"><img data-recalc-dims=\"1\" loading=\"lazy\" decoding=\"async\" class=\"size-full wp-image-38522\" title=\"La idea de los vecinos con la serie de acciones que desarrollan, es favorecer mayor identidad barrial, mejorar su calidad de vida y vencer el estigma de sector conflictivo.\" alt=\"La idea de los vecinos con la serie de acciones que desarrollan, es favorecer mayor identidad barrial, mejorar su calidad de vida y vencer el estigma de sector conflictivo.\" src=\"https:\/\/i0.wp.com\/www.eltrabajo.cl\/portal\/wp-content\/uploads\/2013\/10\/ninos-y-adultos-de-la-depa.jpg?resize=529%2C397\" width=\"529\" height=\"397\" srcset=\"https:\/\/i0.wp.com\/eltrabajo.cl\/portal\/wp-content\/uploads\/2013\/10\/ninos-y-adultos-de-la-depa.jpg?w=529&amp;ssl=1 529w, https:\/\/i0.wp.com\/eltrabajo.cl\/portal\/wp-content\/uploads\/2013\/10\/ninos-y-adultos-de-la-depa.jpg?resize=200%2C150&amp;ssl=1 200w, https:\/\/i0.wp.com\/eltrabajo.cl\/portal\/wp-content\/uploads\/2013\/10\/ninos-y-adultos-de-la-depa.jpg?resize=300%2C225&amp;ssl=1 300w, https:\/\/i0.wp.com\/eltrabajo.cl\/portal\/wp-content\/uploads\/2013\/10\/ninos-y-adultos-de-la-depa.jpg?resize=150%2C112&amp;ssl=1 150w, https:\/\/i0.wp.com\/eltrabajo.cl\/portal\/wp-content\/uploads\/2013\/10\/ninos-y-adultos-de-la-depa.jpg?resize=400%2C300&amp;ssl=1 400w\" sizes=\"auto, (max-width: 529px) 100vw, 529px\" \/><\/a><figcaption id=\"caption-attachment-38522\" class=\"wp-caption-text\">La idea de los vecinos con la serie de acciones que desarrollan, es favorecer mayor identidad barrial, mejorar su calidad de vida y vencer el estigma de sector conflictivo.<\/figcaption><\/figure>\n<ul>\n<li><strong>Formaron club deportivo para brindar m\u00e1s espacios a los ni\u00f1os y j\u00f3venes, en tanto que ayer realizaron operativo de limpieza de las calles de la poblaci\u00f3n.<\/strong><\/li>\n<\/ul>\n<p>Distintas acciones est\u00e1n realizando los vecinos de la Villa Departamental, con la finalidad de mejorar su calidad de vida, cambiar la imagen de sector complicado que han tenido que sobrellevar por a\u00f1os y generar espacios para que los ni\u00f1os y j\u00f3venes puedan hacer buen uso de su tiempo libre.<\/p>\n<p>Una de estas acciones corresponde a la recuperaci\u00f3n de la multicancha de la villa, la que presentaba un gran deterioro y gracias al trabajo conjunto y la colaboraci\u00f3n de los vecinos, pudo ser mejorada ostensiblemente, lo que favorece la pr\u00e1ctica de actividades deportivas.<\/p>\n<p>Seg\u00fan explic\u00f3 Valeska Pulgar Henr\u00edquez, esta iniciativa surge de los mismos j\u00f3venes del sector, quienes deseaban mejorar esta multicancha, \u201cque estaba s\u00faper deteriorada y de a poco la fuimos arreglando, haciendo colectas, bingos, rifas, para poder comprar las mallas para la cancha\u201d.<\/p>\n<p>Este grupo de j\u00f3venes, m\u00e1s otros vecinos que se han ido sumando, lograron constituirse como club deportivo, captando gran cantidad de socios. Se trata del Club \u2018Los Chicos Buenos\u2019, el que ya obtuvo su personalidad jur\u00eddica, registrando m\u00e1s de 50 integrantes, quienes precisamente buscaron el nombre para esta agrupaci\u00f3n que se espera registre larga vida.<\/p>\n<p>\u201cLo que buscamos es que los m\u00e1s chiquititos, el tiempo que pueden utilizar en otra cosa, lo ocupen en actividad f\u00edsica, insertando tambi\u00e9n a los j\u00f3venes\u201d, se\u00f1al\u00f3.<\/p>\n<p>Una de las \u00faltimas actividades que han desarrollado los vecinos del sector, corresponde a la limpieza de las calles, tarea que realizaron m\u00e1s de 80 personas entre adultos y ni\u00f1os, quienes buscan con este tipo de acciones avanzar hacia una mejor calidad de vida y la desestigmatizaci\u00f3n del sector.<\/p>\n<p>\u201cMucha gente piensa que porque en un lugar hay pobreza, o uno que otro drogadicto, sus habitantes son sucios y no pueden surgir. Eso no va con nosotros, en mi caso, como futura profesional y sin tener hijos, tengo la visi\u00f3n en estos ni\u00f1os de que pueden surgir y que no por vivir en un lugar as\u00ed, van a seguir la misma ruta que siguen los j\u00f3venes de ac\u00e1, sino que pueden ser j\u00f3venes, profesionales\u201d, se\u00f1al\u00f3 Valeska.<\/p>\n<p>La joven formul\u00f3 un llamado a los vecinos de la Villa Departamental, para que se sumen a las actividades que est\u00e1n realizando, se\u00f1alando que \u201ca ellos les benefician las acciones que se est\u00e1n haciendo en la poblaci\u00f3n, invitamos a los ni\u00f1os a participar, a recrearse y as\u00ed se van motivando mucho m\u00e1s en un entorno m\u00e1s limpio\u201d.<\/p>\n<p>&nbsp;<\/p>\n","protected":false},"excerpt":{"rendered":"<p>Formaron club deportivo para brindar m\u00e1s espacios a los ni\u00f1os y j\u00f3venes, en tanto que ayer realizaron operativo de limpieza de las calles de la poblaci\u00f3n. Distintas acciones est\u00e1n realizando los vecinos&#8230;<\/p>\n","protected":false},"author":482,"featured_media":38522,"comment_status":"open","ping_status":"closed","sticky":false,"template":"","format":"standard","meta":{"advanced_seo_description":"","jetpack_seo_html_title":"","jetpack_seo_noindex":false,"_jetpack_memberships_contains_paid_content":false,"footnotes":""},"categories":[15],"tags":[],"class_list":["post-38521","post","type-post","status-publish","format-standard","has-post-thumbnail","hentry","category-comunidad"],"jetpack_featured_media_url":"https:\/\/i0.wp.com\/eltrabajo.cl\/portal\/wp-content\/uploads\/2013\/10\/ninos-y-adultos-de-la-depa.jpg?fit=529%2C397&ssl=1","jetpack_sharing_enabled":true,"jetpack_likes_enabled":true,"jetpack-related-posts":[],"_links":{"self":[{"href":"https:\/\/eltrabajo.cl\/portal\/wp-json\/wp\/v2\/posts\/38521","targetHints":{"allow":["GET"]}}],"collection":[{"href":"https:\/\/eltrabajo.cl\/portal\/wp-json\/wp\/v2\/posts"}],"about":[{"href":"https:\/\/eltrabajo.cl\/portal\/wp-json\/wp\/v2\/types\/post"}],"author":[{"embeddable":true,"href":"https:\/\/eltrabajo.cl\/portal\/wp-json\/wp\/v2\/users\/482"}],"replies":[{"embeddable":true,"href":"https:\/\/eltrabajo.cl\/portal\/wp-json\/wp\/v2\/comments?post=38521"}],"version-history":[{"count":0,"href":"https:\/\/eltrabajo.cl\/portal\/wp-json\/wp\/v2\/posts\/38521\/revisions"}],"wp:featuredmedia":[{"embeddable":true,"href":"https:\/\/eltrabajo.cl\/portal\/wp-json\/wp\/v2\/media\/38522"}],"wp:attachment":[{"href":"https:\/\/eltrabajo.cl\/portal\/wp-json\/wp\/v2\/media?parent=38521"}],"wp:term":[{"taxonomy":"category","embeddable":true,"href":"https:\/\/eltrabajo.cl\/portal\/wp-json\/wp\/v2\/categories?post=38521"},{"taxonomy":"post_tag","embeddable":true,"href":"https:\/\/eltrabajo.cl\/portal\/wp-json\/wp\/v2\/tags?post=38521"}],"curies":[{"name":"wp","href":"https:\/\/api.w.org\/{rel}","templated":true}]}}