{"id":38533,"date":"2013-10-09T09:48:21","date_gmt":"2013-10-09T12:48:21","guid":{"rendered":"http:\/\/www.eltrabajo.cl\/portal\/?p=38533"},"modified":"2013-10-09T09:48:21","modified_gmt":"2013-10-09T12:48:21","slug":"la-historia-no-contada-del-tucho-caldera-ii-parte-y-final","status":"publish","type":"post","link":"https:\/\/eltrabajo.cl\/portal\/la-historia-no-contada-del-tucho-caldera-ii-parte-y-final\/","title":{"rendered":"La historia no contada del Tucho Caldera II parte y final"},"content":{"rendered":"<figure id=\"attachment_38534\" aria-describedby=\"caption-attachment-38534\" style=\"width: 529px\" class=\"wp-caption alignnone\"><a href=\"https:\/\/i0.wp.com\/www.eltrabajo.cl\/portal\/wp-content\/uploads\/2013\/10\/tucho-caldera-1.jpg\"><img data-recalc-dims=\"1\" loading=\"lazy\" decoding=\"async\" class=\"size-full wp-image-38534\" title=\"Oficiales de la Polic\u00eda Civil junto al empleado que enterr\u00f3 clandestinamente el cuerpo de Demetrio Amar. Los hombres se disponen a comenzar la excavaci\u00f3n.\" alt=\"Oficiales de la Polic\u00eda Civil junto al empleado que enterr\u00f3 clandestinamente el cuerpo de Demetrio Amar. Los hombres se disponen a comenzar la excavaci\u00f3n.\" src=\"https:\/\/i0.wp.com\/www.eltrabajo.cl\/portal\/wp-content\/uploads\/2013\/10\/tucho-caldera-1.jpg?resize=529%2C318\" width=\"529\" height=\"318\" srcset=\"https:\/\/i0.wp.com\/eltrabajo.cl\/portal\/wp-content\/uploads\/2013\/10\/tucho-caldera-1.jpg?w=529&amp;ssl=1 529w, https:\/\/i0.wp.com\/eltrabajo.cl\/portal\/wp-content\/uploads\/2013\/10\/tucho-caldera-1.jpg?resize=200%2C120&amp;ssl=1 200w, https:\/\/i0.wp.com\/eltrabajo.cl\/portal\/wp-content\/uploads\/2013\/10\/tucho-caldera-1.jpg?resize=300%2C180&amp;ssl=1 300w, https:\/\/i0.wp.com\/eltrabajo.cl\/portal\/wp-content\/uploads\/2013\/10\/tucho-caldera-1.jpg?resize=150%2C90&amp;ssl=1 150w, https:\/\/i0.wp.com\/eltrabajo.cl\/portal\/wp-content\/uploads\/2013\/10\/tucho-caldera-1.jpg?resize=400%2C240&amp;ssl=1 400w\" sizes=\"auto, (max-width: 529px) 100vw, 529px\" \/><\/a><figcaption id=\"caption-attachment-38534\" class=\"wp-caption-text\">Oficiales de la Polic\u00eda Civil junto al empleado que enterr\u00f3 clandestinamente el cuerpo de Demetrio Amar. Los hombres se disponen a comenzar la excavaci\u00f3n.<\/figcaption><\/figure>\n<p>A 62 a\u00f1os del fusilamiento en Santiago del condenado sanfelipe\u00f1o Alberto Hip\u00f3menes Caldera, nos introdujimos en su historia para atar algunos cabos sueltos, no solo sobre el caso, sino tambi\u00e9n sobre el homicida y su \u00faltimo destino en un cementerio de la capital.<\/p>\n<p>En medio de las investigaciones por la muerte de Demetrio Amar, un periodista fund\u00f3 la Brigada de Homicidios (BH) en 1949. Se llamaba Ren\u00e9 Vergara y adem\u00e1s de detective y escritor, con siete libros publicados, tambi\u00e9n fue boxeador y autor de letras de tango. Su participaci\u00f3n en el caso le dio gran cobertura medi\u00e1tica, pues gustaba de relacionarse con los fot\u00f3grafos y periodistas que cubr\u00edan los entretelones del crimen.<\/p>\n<figure id=\"attachment_38535\" aria-describedby=\"caption-attachment-38535\" style=\"width: 317px\" class=\"wp-caption alignright\"><a href=\"https:\/\/i0.wp.com\/www.eltrabajo.cl\/portal\/wp-content\/uploads\/2013\/10\/tucho-caldera-3.jpg\"><img data-recalc-dims=\"1\" loading=\"lazy\" decoding=\"async\" class=\" wp-image-38535 \" title=\"Por primera vez se publica el lugar exacto donde ocurri\u00f3 el crimen. Hoy un local comercial funciona en ese sitio, en pleno centro de la ciudad.\" alt=\"Por primera vez se publica el lugar exacto donde ocurri\u00f3 el crimen. Hoy un local comercial funciona en ese sitio, en pleno centro de la ciudad.\" src=\"https:\/\/i0.wp.com\/www.eltrabajo.cl\/portal\/wp-content\/uploads\/2013\/10\/tucho-caldera-3.jpg?resize=317%2C191\" width=\"317\" height=\"191\" srcset=\"https:\/\/i0.wp.com\/eltrabajo.cl\/portal\/wp-content\/uploads\/2013\/10\/tucho-caldera-3.jpg?w=529&amp;ssl=1 529w, https:\/\/i0.wp.com\/eltrabajo.cl\/portal\/wp-content\/uploads\/2013\/10\/tucho-caldera-3.jpg?resize=200%2C120&amp;ssl=1 200w, https:\/\/i0.wp.com\/eltrabajo.cl\/portal\/wp-content\/uploads\/2013\/10\/tucho-caldera-3.jpg?resize=300%2C180&amp;ssl=1 300w, https:\/\/i0.wp.com\/eltrabajo.cl\/portal\/wp-content\/uploads\/2013\/10\/tucho-caldera-3.jpg?resize=150%2C90&amp;ssl=1 150w, https:\/\/i0.wp.com\/eltrabajo.cl\/portal\/wp-content\/uploads\/2013\/10\/tucho-caldera-3.jpg?resize=400%2C240&amp;ssl=1 400w\" sizes=\"auto, (max-width: 317px) 100vw, 317px\" \/><\/a><figcaption id=\"caption-attachment-38535\" class=\"wp-caption-text\">Por primera vez se publica el lugar exacto donde ocurri\u00f3 el crimen. Hoy un local comercial funciona en ese sitio, en pleno centro de la ciudad.<\/figcaption><\/figure>\n<p>En Santiago el Presidente Gabriel Gonz\u00e1lez Videla segu\u00eda con atenci\u00f3n los entretelones del caso. No quer\u00eda lo peor: que el Tucho fuese hallado culpable pues se ver\u00eda enfrentado a decidir darle el indulto o no. Caldera hab\u00eda sido su empleado en un fundo que compr\u00f3 mientras visitaba la zona junto a su amigo y correligionario Radical Pedro Aguirre Cerda para las celebraciones de los 200 a\u00f1os de la ciudad.<\/p>\n<p>Al final, no le entreg\u00f3 el indulto \u2013quiz\u00e1 por el costo pol\u00edtico de perdonar a un mat\u00f3n y ex militante del mismo Partido Radical- y Caldera fue fusilado la ma\u00f1ana del 6 de octubre en la Penitenciar\u00eda de Santiago. Sin embargo, le concedi\u00f3 a la familia y amigos Radicales que manten\u00eda en com\u00fan en la zona dos beneficios muy raros para la \u00e9poca: en primer lugar no permiti\u00f3 el ingreso de periodistas al pared\u00f3n, constituy\u00e9ndose en el \u00fanico fusilamiento de este tipo. Y en segundo lugar pag\u00f3 todo el proceso de entierro, lo que incluy\u00f3 costear un entierro falso para distraer a curiosos y periodistas en el Cementerio General, donde hoy existen los registros de la sepultura, m\u00e1s no los del Tucho.<\/p>\n<p>En paralelo, se compr\u00f3 una tumba nueva, en un pasillo de nichos levantado solo a partir de este entierro en el \u2018Patio de los Arrepentidos\u2019, hasta donde hoy, algunos devotos de Caldera acuden para pagar alguna manda.<\/p>\n<p>&nbsp;<\/p>\n<p><strong>La Familia Caldera hasta Alberto<\/strong><\/p>\n<p>La prensa de la \u00e9poca termin\u00f3 por bestializar la figura de Alberto Caldera, conocido como el Tucho. Mucho de lo que se escribi\u00f3 sobre \u00e9l no es cierto, pero para la posteridad qued\u00f3 de manera imborrable que el \u2018Tucho Caldera\u2019 ya hab\u00eda pagado dos homicidios en la ex Penitenciar\u00eda de Santiago y uno en San Felipe. Le colgaron extra\u00f1as muertes, como la de un hermano menor que nunca qued\u00f3 claro si fue suicidio o asesinato, y la de una sirvienta que, por desobedecerle, muri\u00f3 devorada por los mastines de Caldera en un \u2018accidente\u2019.<\/p>\n<p>Para la prensa de la \u00e9poca \u00ab\u00e9l era un sujeto astuto, s\u00e1dico, avaro, mat\u00f3n y cruel. Gozaba haciendo sufrir a los animales. Arrojaba perros vivos al fuego\u00bb.<\/p>\n<p>Sea as\u00ed o no, en el San Felipe de 1940 la figura de los Caldera era respetada como la de una familia ligada a la fibra de la historia de la ciudad ya que, por ejemplo, un t\u00edo abuelo del Tucho era el h\u00e9roe sanfelipe\u00f1o, Benigno Caldera, a quien una calle honra su memoria. Fue tambi\u00e9n bisnieto de Gaspar Cabrera, quien junto a Jer\u00f3nimo Hurtado (M\u00e9dico del Vaticano) certific\u00f3 la sangre de San Francisco de As\u00eds en estudios solicitados por la Santa Sede.<\/p>\n<p>Por su sangre tambi\u00e9n corr\u00edan las huellas de don Juan Antonio Caldera Hurtado, su t\u00e1tara abuelo 2\u00ba, quien lleg\u00f3 a ser alcalde de Santiago en 1796, y que a su vez se encontraba casado con do\u00f1a Luisa de Toro Mazote, hermana de Andr\u00e9s de Toro Mazote Hidalgo, el mismo que don\u00f3 los terrenos para que se levantara la entonces villa de San Felipe el Real.<\/p>\n<p>Y la lista de antecesores sigue. Don Ram\u00f3n Luco Caldera fue primer alcalde de San Felipe en 1819, le sucedi\u00f3 don Francisco de Paula Caldera en 1920, y don Belisario Caldera lo hizo en 1876, todos de la misma l\u00ednea de Alberto Caldera.<\/p>\n<p>Sin ir m\u00e1s lejos, cuando camine usted por la esquina de Salinas y Prat en la ciudad de San Felipe, ac\u00e9rquese hasta la estatua que posa mirando a la misma calle donde se cometi\u00f3 el crimen. \u00bfLa modelo? Do\u00f1a Ana Luisa Caldera, t\u00eda abuela del malhechor sanfelipe\u00f1o.<\/p>\n<p>&nbsp;<\/p>\n<p><strong>Huellas del pasado<\/strong><\/p>\n<p>Dicen que el tiempo lo borra todo, pero en la ciudad se sabe que la distancia que tomaron los Amar y los Caldera fue dolorosa hasta el d\u00eda de hoy.<\/p>\n<p>El m\u00f3vil del crimen fue apropiarse de la fortuna de Amar, que en dinero de hoy, ser\u00eda algo as\u00ed como unos 500 millones de pesos.<\/p>\n<p>Donde ocurri\u00f3 el crimen, hoy existe un edificio de locales comerciales. Donde el Tucho quem\u00f3 parte de los restos de Amar, hoy funciona un comando pol\u00edtico. Donde los restos fueron enterrados clandestinamente hoy crecen sabrosos vi\u00f1edos. Y en el \u2018Patio de los Arrepentidos\u2019, donde descansan los restos del asesino, hoy una vela se enciende para recordar los 62 a\u00f1os del fusilamiento de uno de los criminales m\u00e1s recordados en la historia policial local.<\/p>\n<p>Investigaci\u00f3n: Pedro Mu\u00f1oz Hern\u00e1ndez<\/p>\n<p>Fotograf\u00edas: Archivo MiPatrimonio<\/p>\n<p>&nbsp;<\/p>\n","protected":false},"excerpt":{"rendered":"<p>A 62 a\u00f1os del fusilamiento en Santiago del condenado sanfelipe\u00f1o Alberto Hip\u00f3menes Caldera, nos introdujimos en su historia para atar algunos cabos sueltos, no solo sobre el caso, sino tambi\u00e9n sobre el&#8230;<\/p>\n","protected":false},"author":482,"featured_media":38534,"comment_status":"open","ping_status":"closed","sticky":false,"template":"","format":"standard","meta":{"advanced_seo_description":"","jetpack_seo_html_title":"","jetpack_seo_noindex":false,"_jetpack_memberships_contains_paid_content":false,"footnotes":""},"categories":[15],"tags":[],"class_list":["post-38533","post","type-post","status-publish","format-standard","has-post-thumbnail","hentry","category-comunidad"],"jetpack_featured_media_url":"https:\/\/i0.wp.com\/eltrabajo.cl\/portal\/wp-content\/uploads\/2013\/10\/tucho-caldera-1.jpg?fit=529%2C318&ssl=1","jetpack_sharing_enabled":true,"jetpack_likes_enabled":true,"jetpack-related-posts":[],"_links":{"self":[{"href":"https:\/\/eltrabajo.cl\/portal\/wp-json\/wp\/v2\/posts\/38533","targetHints":{"allow":["GET"]}}],"collection":[{"href":"https:\/\/eltrabajo.cl\/portal\/wp-json\/wp\/v2\/posts"}],"about":[{"href":"https:\/\/eltrabajo.cl\/portal\/wp-json\/wp\/v2\/types\/post"}],"author":[{"embeddable":true,"href":"https:\/\/eltrabajo.cl\/portal\/wp-json\/wp\/v2\/users\/482"}],"replies":[{"embeddable":true,"href":"https:\/\/eltrabajo.cl\/portal\/wp-json\/wp\/v2\/comments?post=38533"}],"version-history":[{"count":0,"href":"https:\/\/eltrabajo.cl\/portal\/wp-json\/wp\/v2\/posts\/38533\/revisions"}],"wp:featuredmedia":[{"embeddable":true,"href":"https:\/\/eltrabajo.cl\/portal\/wp-json\/wp\/v2\/media\/38534"}],"wp:attachment":[{"href":"https:\/\/eltrabajo.cl\/portal\/wp-json\/wp\/v2\/media?parent=38533"}],"wp:term":[{"taxonomy":"category","embeddable":true,"href":"https:\/\/eltrabajo.cl\/portal\/wp-json\/wp\/v2\/categories?post=38533"},{"taxonomy":"post_tag","embeddable":true,"href":"https:\/\/eltrabajo.cl\/portal\/wp-json\/wp\/v2\/tags?post=38533"}],"curies":[{"name":"wp","href":"https:\/\/api.w.org\/{rel}","templated":true}]}}