{"id":38538,"date":"2013-10-09T09:49:34","date_gmt":"2013-10-09T12:49:34","guid":{"rendered":"http:\/\/www.eltrabajo.cl\/portal\/?p=38538"},"modified":"2013-10-09T09:49:34","modified_gmt":"2013-10-09T12:49:34","slug":"construccion-del-nuevo-cesfam-centenario-alcanza-el-45-de-avance","status":"publish","type":"post","link":"https:\/\/eltrabajo.cl\/portal\/construccion-del-nuevo-cesfam-centenario-alcanza-el-45-de-avance\/","title":{"rendered":"Construcci\u00f3n del nuevo Cesfam Centenario alcanza el 45% de avance"},"content":{"rendered":"<figure id=\"attachment_38539\" aria-describedby=\"caption-attachment-38539\" style=\"width: 528px\" class=\"wp-caption alignnone\"><a href=\"https:\/\/i0.wp.com\/www.eltrabajo.cl\/portal\/wp-content\/uploads\/2013\/10\/obra1.jpg\"><img data-recalc-dims=\"1\" loading=\"lazy\" decoding=\"async\" class=\"size-full wp-image-38539\" title=\"As\u00ed de avanzada se ve la construcci\u00f3n del Cesfam Centenario despu\u00e9s de tan s\u00f3lo unos meses de comenzada.\" alt=\"As\u00ed de avanzada se ve la construcci\u00f3n del Cesfam Centenario despu\u00e9s de tan s\u00f3lo unos meses de comenzada.\" src=\"https:\/\/i0.wp.com\/www.eltrabajo.cl\/portal\/wp-content\/uploads\/2013\/10\/obra1.jpg?resize=528%2C397\" width=\"528\" height=\"397\" srcset=\"https:\/\/i0.wp.com\/eltrabajo.cl\/portal\/wp-content\/uploads\/2013\/10\/obra1.jpg?w=528&amp;ssl=1 528w, https:\/\/i0.wp.com\/eltrabajo.cl\/portal\/wp-content\/uploads\/2013\/10\/obra1.jpg?resize=200%2C150&amp;ssl=1 200w, https:\/\/i0.wp.com\/eltrabajo.cl\/portal\/wp-content\/uploads\/2013\/10\/obra1.jpg?resize=300%2C225&amp;ssl=1 300w, https:\/\/i0.wp.com\/eltrabajo.cl\/portal\/wp-content\/uploads\/2013\/10\/obra1.jpg?resize=150%2C112&amp;ssl=1 150w, https:\/\/i0.wp.com\/eltrabajo.cl\/portal\/wp-content\/uploads\/2013\/10\/obra1.jpg?resize=400%2C300&amp;ssl=1 400w\" sizes=\"auto, (max-width: 528px) 100vw, 528px\" \/><\/a><figcaption id=\"caption-attachment-38539\" class=\"wp-caption-text\">As\u00ed de avanzada se ve la construcci\u00f3n del Cesfam Centenario despu\u00e9s de tan s\u00f3lo unos meses de comenzada.<\/figcaption><\/figure>\n<p><strong>LOS ANDES.<\/strong>&#8211; Luego de una visita inspectiva al terreno donde se levanta la estructura del Centro de Salud Familiar, el Director del Servicio de Salud Aconcagua, Rodrigo Infante, destac\u00f3 que los trabajos han avanzado por sobre la planificaci\u00f3n original, lo que incluso permite pensar en que podr\u00edan terminar antes de lo pensado.<\/p>\n<p>\u201cSin dudas esta inspecci\u00f3n nos deja m\u00e1s que satisfechos, porque la obra est\u00e1 muy bien encaminada y avanza de acuerdo a lo que nosotros esper\u00e1bamos. Incluso los trabajos han avanzado por sobre lo que est\u00e1 en la Carta Gantt y eso nos permite pensar en que terminar\u00e1n antes de lo que tenemos planificado\u201d, expres\u00f3 su satisfacci\u00f3n Rodrigo Infante por el contundente avance que han tenido las obras del nuevo Cesfam Centenario.<\/p>\n<p>Infante agreg\u00f3 que la obra cuenta con un 45% de avance, lo que es altamente significativo tomando en cuenta el tiempo transcurrido desde la entrega del terreno. Adem\u00e1s resalt\u00f3 que el objetivo es que los usuarios y funcionarios puedan ocuparlo lo m\u00e1s r\u00e1pido posible.<\/p>\n<p>\u201cHace unos meses est\u00e1bamos instalando la primera piedra y hoy ya tenemos pr\u00e1cticamente la mitad de la obra, lo que sin dudas nos motiva a seguir trabajando a este mismo ritmo\u201d, asegur\u00f3 Infante.<\/p>\n<p>La autoridad destac\u00f3 que la empresa constructora ha cumplido con todos los est\u00e1ndares y ha demostrado seriedad en el trabajo, lo que ha permitido dar celeridad a la obra.<\/p>\n<p>\u201cEn esta gesti\u00f3n nos hemos caracterizado por ser muy rigurosos en los plazos de construcci\u00f3n, al punto de despedir a empresas que no nos cumplieron con lo pactado. En este caso debemos reconocer que el trabajo desarrollado ha sido de calidad y esperamos que siga as\u00ed, ya que lo m\u00e1s importante es que la comunidad pueda disfrutar pronto de este Cesfam\u201d, manifest\u00f3 Infante.<\/p>\n<p>En cuanto a las caracter\u00edsticas de la obra, la autoridad destac\u00f3 que esta inversi\u00f3n superar\u00e1 los 3.400 millones de pesos y permitir\u00e1 cumplir el compromiso adquirido de renovar totalmente los establecimientos de atenci\u00f3n primaria de Los Andes.<\/p>\n<p>\u201cAl asumir el Servicio de Salud me fij\u00e9 como meta de gesti\u00f3n que la comuna de Los Andes contara con un nuevo Cesfam Cordillera Andina y con un nuevo Cesfam Centenario, lo que est\u00e1 muy cerca de cumplirse y me llena de satisfacci\u00f3n, no s\u00f3lo de modo personal, sino por el equipo que ha participado en las obras y por los usuarios y funcionarios que podr\u00e1n contar con espacios dignos y c\u00f3modos\u201d, expres\u00f3 el Director del Servicio de Salud.<\/p>\n<p>Finalmente Infante agreg\u00f3 que espera que el proyecto de mejoramiento del entorno del Cesfam, que contempla \u00e1reas verdes en el cerro aleda\u00f1o, est\u00e9 terminado al mismo tiempo que el nuevo establecimiento.<\/p>\n<p>\u201cOjal\u00e1 que corramos al mismo ritmo para que no s\u00f3lo tengamos el Cesfam, sino tambi\u00e9n remozado el cerro y por qu\u00e9 no la plaza que esta frente a este centro de salud, para que contemos con un gran espacio para toda la comunidad, no s\u00f3lo de este sector, sino de toda la comuna de Los Andes\u201d, concluy\u00f3 el Director del Servicio de Salud.<\/p>\n<p>&nbsp;<\/p>\n","protected":false},"excerpt":{"rendered":"<p>LOS ANDES.&#8211; Luego de una visita inspectiva al terreno donde se levanta la estructura del Centro de Salud Familiar, el Director del Servicio de Salud Aconcagua, Rodrigo Infante, destac\u00f3 que los trabajos&#8230;<\/p>\n","protected":false},"author":482,"featured_media":38539,"comment_status":"open","ping_status":"closed","sticky":false,"template":"","format":"standard","meta":{"advanced_seo_description":"","jetpack_seo_html_title":"","jetpack_seo_noindex":false,"_jetpack_memberships_contains_paid_content":false,"footnotes":""},"categories":[15],"tags":[],"class_list":["post-38538","post","type-post","status-publish","format-standard","has-post-thumbnail","hentry","category-comunidad"],"jetpack_featured_media_url":"https:\/\/i0.wp.com\/eltrabajo.cl\/portal\/wp-content\/uploads\/2013\/10\/obra1.jpg?fit=528%2C397&ssl=1","jetpack_sharing_enabled":true,"jetpack_likes_enabled":true,"jetpack-related-posts":[],"_links":{"self":[{"href":"https:\/\/eltrabajo.cl\/portal\/wp-json\/wp\/v2\/posts\/38538","targetHints":{"allow":["GET"]}}],"collection":[{"href":"https:\/\/eltrabajo.cl\/portal\/wp-json\/wp\/v2\/posts"}],"about":[{"href":"https:\/\/eltrabajo.cl\/portal\/wp-json\/wp\/v2\/types\/post"}],"author":[{"embeddable":true,"href":"https:\/\/eltrabajo.cl\/portal\/wp-json\/wp\/v2\/users\/482"}],"replies":[{"embeddable":true,"href":"https:\/\/eltrabajo.cl\/portal\/wp-json\/wp\/v2\/comments?post=38538"}],"version-history":[{"count":0,"href":"https:\/\/eltrabajo.cl\/portal\/wp-json\/wp\/v2\/posts\/38538\/revisions"}],"wp:featuredmedia":[{"embeddable":true,"href":"https:\/\/eltrabajo.cl\/portal\/wp-json\/wp\/v2\/media\/38539"}],"wp:attachment":[{"href":"https:\/\/eltrabajo.cl\/portal\/wp-json\/wp\/v2\/media?parent=38538"}],"wp:term":[{"taxonomy":"category","embeddable":true,"href":"https:\/\/eltrabajo.cl\/portal\/wp-json\/wp\/v2\/categories?post=38538"},{"taxonomy":"post_tag","embeddable":true,"href":"https:\/\/eltrabajo.cl\/portal\/wp-json\/wp\/v2\/tags?post=38538"}],"curies":[{"name":"wp","href":"https:\/\/api.w.org\/{rel}","templated":true}]}}