{"id":38608,"date":"2013-10-11T09:43:56","date_gmt":"2013-10-11T12:43:56","guid":{"rendered":"http:\/\/www.eltrabajo.cl\/portal\/?p=38608"},"modified":"2013-10-11T09:43:56","modified_gmt":"2013-10-11T12:43:56","slug":"profesores-de-san-felipe-no-adheriran-al-paro-nacional","status":"publish","type":"post","link":"https:\/\/eltrabajo.cl\/portal\/profesores-de-san-felipe-no-adheriran-al-paro-nacional\/","title":{"rendered":"Profesores de San Felipe no adherir\u00e1n al Paro Nacional"},"content":{"rendered":"<figure id=\"attachment_38609\" aria-describedby=\"caption-attachment-38609\" style=\"width: 317px\" class=\"wp-caption alignleft\"><a href=\"https:\/\/i0.wp.com\/www.eltrabajo.cl\/portal\/wp-content\/uploads\/2013\/10\/carlos-valdes.jpg\"><img data-recalc-dims=\"1\" loading=\"lazy\" decoding=\"async\" class=\" wp-image-38609 \" title=\"Carlos Vald\u00e9s, presidente del Colegio de Profesores de San Felipe.\" alt=\"Carlos Vald\u00e9s, presidente del Colegio de Profesores de San Felipe.\" src=\"https:\/\/i0.wp.com\/www.eltrabajo.cl\/portal\/wp-content\/uploads\/2013\/10\/carlos-valdes.jpg?resize=317%2C362\" width=\"317\" height=\"362\" srcset=\"https:\/\/i0.wp.com\/eltrabajo.cl\/portal\/wp-content\/uploads\/2013\/10\/carlos-valdes.jpg?w=529&amp;ssl=1 529w, https:\/\/i0.wp.com\/eltrabajo.cl\/portal\/wp-content\/uploads\/2013\/10\/carlos-valdes.jpg?resize=131%2C150&amp;ssl=1 131w, https:\/\/i0.wp.com\/eltrabajo.cl\/portal\/wp-content\/uploads\/2013\/10\/carlos-valdes.jpg?resize=263%2C300&amp;ssl=1 263w, https:\/\/i0.wp.com\/eltrabajo.cl\/portal\/wp-content\/uploads\/2013\/10\/carlos-valdes.jpg?resize=400%2C455&amp;ssl=1 400w\" sizes=\"auto, (max-width: 317px) 100vw, 317px\" \/><\/a><figcaption id=\"caption-attachment-38609\" class=\"wp-caption-text\">Carlos Vald\u00e9s, presidente del Colegio de Profesores de San Felipe.<\/figcaption><\/figure>\n<ul>\n<li><strong>Apoyo solo se traducir\u00e1 en la participaci\u00f3n de una delegaci\u00f3n de 20 docentes de la comuna, en marcha que se realizar\u00e1 en Santiago.<\/strong><\/li>\n<\/ul>\n<p>El presidente del Colegio de Profesores de San Felipe, Carlos Vald\u00e9s, descart\u00f3 la posibilidad de adhesi\u00f3n de parte de los docentes de la comuna, en el paro nacional convocado por el Magisterio para el d\u00eda de hoy. Seg\u00fan dijo, el apoyo solo se ver\u00e1 reflejado en la participaci\u00f3n de una delegaci\u00f3n de veinte pedagogos en la marcha que se realizar\u00e1 en Santiago.<\/p>\n<p>La decisi\u00f3n de no sumarse al paro en San Felipe, pasa principalmente por los descuentos que se aplicar\u00e1n a quienes no concurran a las aulas este viernes, situaci\u00f3n que fue evaluada por los asociados al Colegio de Profesores, quienes optaron por no adherir.<\/p>\n<p>\u201cNosotros lo que hemos convocado es a una delegaci\u00f3n que va en representaci\u00f3n de la provincia a la marcha de los profesores, pero todos comprender\u00e1n que hoy d\u00eda el tema de los descuentos es una cosa complicada, para cualquier persona que falte a su trabajo, un d\u00eda de descuento de su sueldo es un tema que le afecta, ya que con lo dif\u00edcil que est\u00e1 la situaci\u00f3n econ\u00f3mica no es f\u00e1cil asumirlo\u201d, se\u00f1al\u00f3 Carlos Vald\u00e9s.<\/p>\n<p>Sobre las motivaciones de este paro nacional, dicen relaci\u00f3n con la preocupaci\u00f3n por la falta de acuerdos con el Ministerio de Educaci\u00f3n, con cuyos representantes han sostenido desde mayo a la fecha un total de ocho reuniones, para discutir y consensuar en lo relativo a una agenda corta de prioridades para los docentes.<\/p>\n<p>\u201cNuestra dirigencia nacional solo se ha reunido con el subsecretario de Educaci\u00f3n, ya que no ha logrado reunirse con la Ministra, para que nos d\u00e9 respuesta a cuatro puntos que son de la agenda corta por lo cual nos vamos a movilizar\u201d, explic\u00f3 el dirigente del magisterio local.<\/p>\n<p>Estos puntos dicen relaci\u00f3n con la gran cantidad de profesores que est\u00e1n a contrata hace a\u00f1os y no han sido incorporados a la planta; la deuda hist\u00f3rica que fue fallada a favor de los profesores por la OIT, sin que haya sido reconocido por el Gobierno; plan de incentivo al retiro para aquellos profesores que est\u00e1n en condiciones de jubilar; y como cuarto punto el proyecto de ley con suma urgencia de carrera docente, que el Magisterio cuestiona porque establece la contrataci\u00f3n de profesores a trav\u00e9s del C\u00f3digo del Trabajo y no a trav\u00e9s del Estatuto Docente.<\/p>\n<p>&nbsp;<\/p>\n","protected":false},"excerpt":{"rendered":"<p>Apoyo solo se traducir\u00e1 en la participaci\u00f3n de una delegaci\u00f3n de 20 docentes de la comuna, en marcha que se realizar\u00e1 en Santiago. El presidente del Colegio de Profesores de San Felipe,&#8230;<\/p>\n","protected":false},"author":482,"featured_media":38609,"comment_status":"open","ping_status":"closed","sticky":false,"template":"","format":"standard","meta":{"advanced_seo_description":"","jetpack_seo_html_title":"","jetpack_seo_noindex":false,"_jetpack_memberships_contains_paid_content":false,"footnotes":""},"categories":[15],"tags":[],"class_list":["post-38608","post","type-post","status-publish","format-standard","has-post-thumbnail","hentry","category-comunidad"],"jetpack_featured_media_url":"https:\/\/i0.wp.com\/eltrabajo.cl\/portal\/wp-content\/uploads\/2013\/10\/carlos-valdes.jpg?fit=529%2C603&ssl=1","jetpack_sharing_enabled":true,"jetpack_likes_enabled":true,"jetpack-related-posts":[],"_links":{"self":[{"href":"https:\/\/eltrabajo.cl\/portal\/wp-json\/wp\/v2\/posts\/38608","targetHints":{"allow":["GET"]}}],"collection":[{"href":"https:\/\/eltrabajo.cl\/portal\/wp-json\/wp\/v2\/posts"}],"about":[{"href":"https:\/\/eltrabajo.cl\/portal\/wp-json\/wp\/v2\/types\/post"}],"author":[{"embeddable":true,"href":"https:\/\/eltrabajo.cl\/portal\/wp-json\/wp\/v2\/users\/482"}],"replies":[{"embeddable":true,"href":"https:\/\/eltrabajo.cl\/portal\/wp-json\/wp\/v2\/comments?post=38608"}],"version-history":[{"count":0,"href":"https:\/\/eltrabajo.cl\/portal\/wp-json\/wp\/v2\/posts\/38608\/revisions"}],"wp:featuredmedia":[{"embeddable":true,"href":"https:\/\/eltrabajo.cl\/portal\/wp-json\/wp\/v2\/media\/38609"}],"wp:attachment":[{"href":"https:\/\/eltrabajo.cl\/portal\/wp-json\/wp\/v2\/media?parent=38608"}],"wp:term":[{"taxonomy":"category","embeddable":true,"href":"https:\/\/eltrabajo.cl\/portal\/wp-json\/wp\/v2\/categories?post=38608"},{"taxonomy":"post_tag","embeddable":true,"href":"https:\/\/eltrabajo.cl\/portal\/wp-json\/wp\/v2\/tags?post=38608"}],"curies":[{"name":"wp","href":"https:\/\/api.w.org\/{rel}","templated":true}]}}