{"id":38611,"date":"2013-10-11T09:46:37","date_gmt":"2013-10-11T12:46:37","guid":{"rendered":"http:\/\/www.eltrabajo.cl\/portal\/?p=38611"},"modified":"2013-10-11T09:46:37","modified_gmt":"2013-10-11T12:46:37","slug":"hoy-no-habra-clases-en-colegios-municipales-de-los-andes-por-paro-docente","status":"publish","type":"post","link":"https:\/\/eltrabajo.cl\/portal\/hoy-no-habra-clases-en-colegios-municipales-de-los-andes-por-paro-docente\/","title":{"rendered":"Hoy no habr\u00e1 clases en colegios municipales de Los Andes por paro docente"},"content":{"rendered":"<figure id=\"attachment_38612\" aria-describedby=\"caption-attachment-38612\" style=\"width: 370px\" class=\"wp-caption alignleft\"><a href=\"https:\/\/i0.wp.com\/www.eltrabajo.cl\/portal\/wp-content\/uploads\/2013\/10\/acuevas-paroviernes2.jpg\"><img data-recalc-dims=\"1\" loading=\"lazy\" decoding=\"async\" class=\" wp-image-38612 \" title=\"Alexis Cuevas, presidente de los docentes en Los Andes, insisti\u00f3 en hacer patente al gobierno sus demandas que no han sido escuchadas.\" alt=\"Alexis Cuevas, presidente de los docentes en Los Andes, insisti\u00f3 en hacer patente al gobierno sus demandas que no han sido escuchadas.\" src=\"https:\/\/i0.wp.com\/www.eltrabajo.cl\/portal\/wp-content\/uploads\/2013\/10\/acuevas-paroviernes2.jpg?resize=370%2C247\" width=\"370\" height=\"247\" srcset=\"https:\/\/i0.wp.com\/eltrabajo.cl\/portal\/wp-content\/uploads\/2013\/10\/acuevas-paroviernes2.jpg?w=529&amp;ssl=1 529w, https:\/\/i0.wp.com\/eltrabajo.cl\/portal\/wp-content\/uploads\/2013\/10\/acuevas-paroviernes2.jpg?resize=200%2C133&amp;ssl=1 200w, https:\/\/i0.wp.com\/eltrabajo.cl\/portal\/wp-content\/uploads\/2013\/10\/acuevas-paroviernes2.jpg?resize=300%2C200&amp;ssl=1 300w, https:\/\/i0.wp.com\/eltrabajo.cl\/portal\/wp-content\/uploads\/2013\/10\/acuevas-paroviernes2.jpg?resize=150%2C100&amp;ssl=1 150w, https:\/\/i0.wp.com\/eltrabajo.cl\/portal\/wp-content\/uploads\/2013\/10\/acuevas-paroviernes2.jpg?resize=400%2C266&amp;ssl=1 400w\" sizes=\"auto, (max-width: 370px) 100vw, 370px\" \/><\/a><figcaption id=\"caption-attachment-38612\" class=\"wp-caption-text\">Alexis Cuevas, presidente de los docentes en Los Andes, insisti\u00f3 en hacer patente al gobierno sus demandas que no han sido escuchadas.<\/figcaption><\/figure>\n<p><strong>LOS ANDES<\/strong>.- La totalidad de los colegios municipalizados de la provincia de Los Andes no tendr\u00e1n clases hoy viernes debido al paro nacional convocado por el Colegio de Profesores.<\/p>\n<p>El Presidente de esa organismos a nivel local, Alexis Cuevas, se\u00f1al\u00f3 que este es un paro de advertencia al gobierno que no ha querido escuchar sus demandas y que tienen que ver con una carrera inicial docente, la titularidad de los docentes a contrata, el descongelamiento del sueldo m\u00ednimo docente, la soluci\u00f3n a la deuda hist\u00f3rica y el fin a la municipalizaci\u00f3n de la educaci\u00f3n.<\/p>\n<p>Cuevas dijo adem\u00e1s que a nivel local har\u00e1n patente su molestia con el municipio andino por el no cumplimiento con el pago del bono SAE y de las deudas previsionales, advirtiendo que la corporaci\u00f3n edilicia est\u00e1 moralmente inhabilitada para exigirles rendimiento a ellos.<\/p>\n<p>Agreg\u00f3 que las deudas de arrastre de los municipios con los profesores ya los tienen hartos y por eso reiter\u00f3 el llamado al alcalde Navarro para que cumpla con el compromiso de cancelar estas deudas.<\/p>\n<p>Respecto a la movilizaci\u00f3n de este viernes, indic\u00f3 que se juntar\u00e1n a eso de las 10 horas en la sede de la entidad gremial y por primera vez se sumar\u00e1n los establecimientos municipalizados de la comuna de Rinconada que anteriormente no hab\u00edan adherido a estas movilizaciones, \u201cadem\u00e1s de una delegaci\u00f3n que va a ir participar de la gran marcha en Santiago\u201d.<\/p>\n<p>El dirigente llam\u00f3 a las funcionarias de la fundaci\u00f3n Integra a que se plieguen a esta movilizaci\u00f3n, \u201cporque las demandas de ellas son tambi\u00e9n nuestras que son justas y que la primera dama no ha respondido\u201d.<\/p>\n<p>El Presidente del colegio de profesores advirti\u00f3 que no aceptar\u00e1n que en la comuna de Los Andes las clases se extiendan hasta fines del mes de Diciembre como tiene pensado el DAEM, \u201cya que si ellos (municipalidad) no nos han cumplido, no nos pidan que nosotros les cumplamos m\u00e1s all\u00e1 de la cuenta\u201d.<\/p>\n<p>&nbsp;<\/p>\n","protected":false},"excerpt":{"rendered":"<p>LOS ANDES.- La totalidad de los colegios municipalizados de la provincia de Los Andes no tendr\u00e1n clases hoy viernes debido al paro nacional convocado por el Colegio de Profesores. El Presidente de&#8230;<\/p>\n","protected":false},"author":482,"featured_media":38612,"comment_status":"open","ping_status":"closed","sticky":false,"template":"","format":"standard","meta":{"advanced_seo_description":"","jetpack_seo_html_title":"","jetpack_seo_noindex":false,"_jetpack_memberships_contains_paid_content":false,"footnotes":""},"categories":[15],"tags":[],"class_list":["post-38611","post","type-post","status-publish","format-standard","has-post-thumbnail","hentry","category-comunidad"],"jetpack_featured_media_url":"https:\/\/i0.wp.com\/eltrabajo.cl\/portal\/wp-content\/uploads\/2013\/10\/acuevas-paroviernes2.jpg?fit=529%2C353&ssl=1","jetpack_sharing_enabled":true,"jetpack_likes_enabled":true,"jetpack-related-posts":[],"_links":{"self":[{"href":"https:\/\/eltrabajo.cl\/portal\/wp-json\/wp\/v2\/posts\/38611","targetHints":{"allow":["GET"]}}],"collection":[{"href":"https:\/\/eltrabajo.cl\/portal\/wp-json\/wp\/v2\/posts"}],"about":[{"href":"https:\/\/eltrabajo.cl\/portal\/wp-json\/wp\/v2\/types\/post"}],"author":[{"embeddable":true,"href":"https:\/\/eltrabajo.cl\/portal\/wp-json\/wp\/v2\/users\/482"}],"replies":[{"embeddable":true,"href":"https:\/\/eltrabajo.cl\/portal\/wp-json\/wp\/v2\/comments?post=38611"}],"version-history":[{"count":0,"href":"https:\/\/eltrabajo.cl\/portal\/wp-json\/wp\/v2\/posts\/38611\/revisions"}],"wp:featuredmedia":[{"embeddable":true,"href":"https:\/\/eltrabajo.cl\/portal\/wp-json\/wp\/v2\/media\/38612"}],"wp:attachment":[{"href":"https:\/\/eltrabajo.cl\/portal\/wp-json\/wp\/v2\/media?parent=38611"}],"wp:term":[{"taxonomy":"category","embeddable":true,"href":"https:\/\/eltrabajo.cl\/portal\/wp-json\/wp\/v2\/categories?post=38611"},{"taxonomy":"post_tag","embeddable":true,"href":"https:\/\/eltrabajo.cl\/portal\/wp-json\/wp\/v2\/tags?post=38611"}],"curies":[{"name":"wp","href":"https:\/\/api.w.org\/{rel}","templated":true}]}}