{"id":38633,"date":"2013-10-11T09:55:54","date_gmt":"2013-10-11T12:55:54","guid":{"rendered":"http:\/\/www.eltrabajo.cl\/portal\/?p=38633"},"modified":"2013-10-11T09:55:54","modified_gmt":"2013-10-11T12:55:54","slug":"realizaran-nueva-velaton-en-memoria-de-alejandro-vergara","status":"publish","type":"post","link":"https:\/\/eltrabajo.cl\/portal\/realizaran-nueva-velaton-en-memoria-de-alejandro-vergara\/","title":{"rendered":"Realizar\u00e1n nueva velat\u00f3n en memoria de Alejandro Vergara"},"content":{"rendered":"<figure id=\"attachment_38634\" aria-describedby=\"caption-attachment-38634\" style=\"width: 317px\" class=\"wp-caption alignleft\"><a href=\"https:\/\/i0.wp.com\/www.eltrabajo.cl\/portal\/wp-content\/uploads\/2013\/10\/alejandro-vergara-1.jpg\"><img data-recalc-dims=\"1\" loading=\"lazy\" decoding=\"async\" class=\" wp-image-38634 \" title=\"Alejandro Vergara, a nueve a\u00f1os de su muerte su familia a\u00fan piensa en que fue homicidio.\" alt=\"Alejandro Vergara, a nueve a\u00f1os de su muerte su familia a\u00fan piensa en que fue homicidio.\" src=\"https:\/\/i0.wp.com\/www.eltrabajo.cl\/portal\/wp-content\/uploads\/2013\/10\/alejandro-vergara-1.jpg?resize=317%2C412\" width=\"317\" height=\"412\" srcset=\"https:\/\/i0.wp.com\/eltrabajo.cl\/portal\/wp-content\/uploads\/2013\/10\/alejandro-vergara-1.jpg?w=529&amp;ssl=1 529w, https:\/\/i0.wp.com\/eltrabajo.cl\/portal\/wp-content\/uploads\/2013\/10\/alejandro-vergara-1.jpg?resize=115%2C150&amp;ssl=1 115w, https:\/\/i0.wp.com\/eltrabajo.cl\/portal\/wp-content\/uploads\/2013\/10\/alejandro-vergara-1.jpg?resize=231%2C300&amp;ssl=1 231w, https:\/\/i0.wp.com\/eltrabajo.cl\/portal\/wp-content\/uploads\/2013\/10\/alejandro-vergara-1.jpg?resize=400%2C518&amp;ssl=1 400w\" sizes=\"auto, (max-width: 317px) 100vw, 317px\" \/><\/a><figcaption id=\"caption-attachment-38634\" class=\"wp-caption-text\">Alejandro Vergara, a nueve a\u00f1os de su muerte su familia a\u00fan piensa en que fue homicidio.<\/figcaption><\/figure>\n<p><strong>PUTAENDO.<\/strong>&#8211; Al cumplirse nueve a\u00f1os de la muerte de Alejandro Vergara Lobos, cuyo deceso para su familia es considerado un homicidio y con la esperanza inamovible de que exista justicia y verdad, se realizar\u00e1 una velat\u00f3n en el lugar donde su cuerpo fue encontrado.<\/p>\n<p>Hace un par de semanas, nuestro medio public\u00f3 un reportaje donde la familia asegura que hay un testigo clave que podr\u00eda aportar alg\u00fan tipo de antecedente que permita reabrir el caso (hoy archivado temporalmente) y que respaldar\u00eda la hip\u00f3tesis del homicidio, sin embargo la se\u00f1ora Luc\u00eda Lobos, madre de Alejandro, confirm\u00f3 que el testigo siente temor de hablar y que no ha recibido, a lo menos hasta el momento, alguna ayuda u ofrecimiento para permitir que este testigo entregue su versi\u00f3n.<\/p>\n<p>Pese a aquello, la familia de Alejandro encabezada por la se\u00f1ora Luc\u00eda tiene preparado para este s\u00e1bado 12 de octubre una velat\u00f3n que comenzar\u00e1 a las 21:00 horas en el estacionamiento del Cementerio Parroquial de Putaendo y luego la familia, que junto a quienes tradicionalmente la acompa\u00f1an en este simb\u00f3lico momento se trasladar\u00e1n hasta la Calle Jos\u00e9 Antonio Salinas donde hoy existe una gruta que indica el lugar donde Alejandro fue encontrado muerto el 10 de octubre del a\u00f1o 2004, lugar donde se realizar\u00e1n algunos discursos y se rendir\u00e1 un sentido homenaje a Alejandro, cuya muerte en todos estos a\u00f1os no ha podido ser esclarecida y que lamentablemente, como en m\u00e1s de una ocasi\u00f3n lo hemos se\u00f1alado, se transforma en una de las tantas muertes de vecinos de la comuna de Putaendo que han fallecido en extra\u00f1as circunstancias, las cuales jam\u00e1s han sido aclaradas por la justicia.<\/p>\n<p>Patricio Gallardo M.<\/p>\n<p>&nbsp;<\/p>\n","protected":false},"excerpt":{"rendered":"<p>PUTAENDO.&#8211; Al cumplirse nueve a\u00f1os de la muerte de Alejandro Vergara Lobos, cuyo deceso para su familia es considerado un homicidio y con la esperanza inamovible de que exista justicia y verdad,&#8230;<\/p>\n","protected":false},"author":482,"featured_media":38634,"comment_status":"open","ping_status":"closed","sticky":false,"template":"","format":"standard","meta":{"advanced_seo_description":"","jetpack_seo_html_title":"","jetpack_seo_noindex":false,"_jetpack_memberships_contains_paid_content":false,"footnotes":""},"categories":[15],"tags":[],"class_list":["post-38633","post","type-post","status-publish","format-standard","has-post-thumbnail","hentry","category-comunidad"],"jetpack_featured_media_url":"https:\/\/i0.wp.com\/eltrabajo.cl\/portal\/wp-content\/uploads\/2013\/10\/alejandro-vergara-1.jpg?fit=529%2C686&ssl=1","jetpack_sharing_enabled":true,"jetpack_likes_enabled":true,"jetpack-related-posts":[],"_links":{"self":[{"href":"https:\/\/eltrabajo.cl\/portal\/wp-json\/wp\/v2\/posts\/38633","targetHints":{"allow":["GET"]}}],"collection":[{"href":"https:\/\/eltrabajo.cl\/portal\/wp-json\/wp\/v2\/posts"}],"about":[{"href":"https:\/\/eltrabajo.cl\/portal\/wp-json\/wp\/v2\/types\/post"}],"author":[{"embeddable":true,"href":"https:\/\/eltrabajo.cl\/portal\/wp-json\/wp\/v2\/users\/482"}],"replies":[{"embeddable":true,"href":"https:\/\/eltrabajo.cl\/portal\/wp-json\/wp\/v2\/comments?post=38633"}],"version-history":[{"count":0,"href":"https:\/\/eltrabajo.cl\/portal\/wp-json\/wp\/v2\/posts\/38633\/revisions"}],"wp:featuredmedia":[{"embeddable":true,"href":"https:\/\/eltrabajo.cl\/portal\/wp-json\/wp\/v2\/media\/38634"}],"wp:attachment":[{"href":"https:\/\/eltrabajo.cl\/portal\/wp-json\/wp\/v2\/media?parent=38633"}],"wp:term":[{"taxonomy":"category","embeddable":true,"href":"https:\/\/eltrabajo.cl\/portal\/wp-json\/wp\/v2\/categories?post=38633"},{"taxonomy":"post_tag","embeddable":true,"href":"https:\/\/eltrabajo.cl\/portal\/wp-json\/wp\/v2\/tags?post=38633"}],"curies":[{"name":"wp","href":"https:\/\/api.w.org\/{rel}","templated":true}]}}