{"id":38640,"date":"2013-10-11T09:59:55","date_gmt":"2013-10-11T12:59:55","guid":{"rendered":"http:\/\/www.eltrabajo.cl\/portal\/?p=38640"},"modified":"2013-10-11T09:59:55","modified_gmt":"2013-10-11T12:59:55","slug":"con-total-exito-se-realizo-segunda-feria-cientifica-en-el-colegio-piramide","status":"publish","type":"post","link":"https:\/\/eltrabajo.cl\/portal\/con-total-exito-se-realizo-segunda-feria-cientifica-en-el-colegio-piramide\/","title":{"rendered":"Con total \u00e9xito se realiz\u00f3 Segunda Feria Cient\u00edfica en el Colegio Pir\u00e1mide"},"content":{"rendered":"<figure id=\"attachment_38641\" aria-describedby=\"caption-attachment-38641\" style=\"width: 529px\" class=\"wp-caption alignnone\"><a href=\"https:\/\/i0.wp.com\/www.eltrabajo.cl\/portal\/wp-content\/uploads\/2013\/10\/piramide-1.jpg\"><img data-recalc-dims=\"1\" loading=\"lazy\" decoding=\"async\" class=\"size-full wp-image-38641\" title=\"Alumnos de pre k\u00ednder a cuarto medio mostraron sus trabajos y experimentos en la Feria Cient\u00edfica.\" alt=\"Alumnos de pre k\u00ednder a cuarto medio mostraron sus trabajos y experimentos en la Feria Cient\u00edfica.\" src=\"https:\/\/i0.wp.com\/www.eltrabajo.cl\/portal\/wp-content\/uploads\/2013\/10\/piramide-1.jpg?resize=529%2C312\" width=\"529\" height=\"312\" srcset=\"https:\/\/i0.wp.com\/eltrabajo.cl\/portal\/wp-content\/uploads\/2013\/10\/piramide-1.jpg?w=529&amp;ssl=1 529w, https:\/\/i0.wp.com\/eltrabajo.cl\/portal\/wp-content\/uploads\/2013\/10\/piramide-1.jpg?resize=200%2C117&amp;ssl=1 200w, https:\/\/i0.wp.com\/eltrabajo.cl\/portal\/wp-content\/uploads\/2013\/10\/piramide-1.jpg?resize=300%2C176&amp;ssl=1 300w, https:\/\/i0.wp.com\/eltrabajo.cl\/portal\/wp-content\/uploads\/2013\/10\/piramide-1.jpg?resize=150%2C88&amp;ssl=1 150w, https:\/\/i0.wp.com\/eltrabajo.cl\/portal\/wp-content\/uploads\/2013\/10\/piramide-1.jpg?resize=400%2C235&amp;ssl=1 400w\" sizes=\"auto, (max-width: 529px) 100vw, 529px\" \/><\/a><figcaption id=\"caption-attachment-38641\" class=\"wp-caption-text\">Alumnos de pre k\u00ednder a cuarto medio mostraron sus trabajos y experimentos en la Feria Cient\u00edfica.<\/figcaption><\/figure>\n<p>Alumnos se lucieron con sus trabajos, maquetas y experimentos, en el marco de esta segunda versi\u00f3n realizada por el establecimiento educacional que abri\u00f3 sus puertas para que el p\u00fablico conociera el trabajo de los estudiantes.<\/p>\n<p>Con gran \u00e9xito se realiz\u00f3 ayer la Segunda Feria Cient\u00edfica del Colegio Pir\u00e1mide de San Felipe, oportunidad en la que alumnos y alumnas de pre k\u00ednder a cuarto a\u00f1o medio, mostraron sus experimentos, trabajos y maquetas, las que fueron elaboradas a lo largo del a\u00f1o escolar y con el apoyo y supervisi\u00f3n de sus profesores de ciencias.<\/p>\n<p>El director del establecimiento, Marcelo Ruiz, se\u00f1al\u00f3 que a partir de la primera experiencia desarrollada el a\u00f1o pasado, se fijaron como desaf\u00edo desarrollar una segunda versi\u00f3n de Feria Cient\u00edfica, con una mejor puesta en escena, as\u00ed como con una convocatoria abierta a los colegios para que tambi\u00e9n expusieran sus trabajos y a la comunidad de San Felipe, para que pudiera acceder al Pir\u00e1mide y conocer esta muestra.<\/p>\n<p>\u201cTambi\u00e9n le hemos dado un plus, contratando los servicios de una muestra entomol\u00f3gica, son m\u00e1s de 35 insectarios que se exhibieron en una sala, en tanto que desde el punto de vista de la transversalidad de los objetivos de aprendizaje, creo que cumplimos con nuestro prop\u00f3sito, ya que los alumnos desde pre k\u00ednder hasta cuarto medio desarrollaron los contenidos entregados, plasm\u00e1ndolos en una maqueta o en un experimento\u201d, se\u00f1al\u00f3 el director del colegio.<\/p>\n<p>Seg\u00fan explic\u00f3 la profesora de Ciencias, Mar\u00eda Loreto Vargas Pincheira, esta Feria Cient\u00edfica es el resultado del trabajo mancomunado de las cuatro \u00e1reas de la ciencia, como son comprensi\u00f3n del medio (b\u00e1sica), f\u00edsica, qu\u00edmica y biolog\u00eda (media), cuyos profesores desarrollaron un arduo trabajo con los alumnos, a fin de que pudiesen concretar sus proyectos cient\u00edficos.<\/p>\n<p>\u201cEsto se logra con harto esfuerzo, tanto de profesores como alumnos, as\u00ed como de nuestro director que nos apoya harto en la parte cient\u00edfica. Empezamos desde poquito a trabajar en esto, desde principios de a\u00f1o, ya sea en nuestras mismas clases, pr\u00e1cticas y laboratorios, y todo lo que estamos mostrando a la comunidad de San Felipe, es el esfuerzo nuestro\u201d, se\u00f1al\u00f3 la docente.<\/p>\n<p>En la ocasi\u00f3n se invit\u00f3 a participar a alumnos de otros establecimientos educacionales, no solo mediante experiencias, sino tambi\u00e9n con indagaciones en la sala de laboratorio.<\/p>\n<p>Consultada la profesora por la acogida de los estudiantes del Colegio Pir\u00e1mide a esta iniciativa impulsada por el establecimiento, se\u00f1al\u00f3 que ha sido muy buena. \u201cA ellos les gusta la pr\u00e1ctica, se entusiasman mucho, hacen sus aportes, favoreciendo el inter\u00e9s por la ciencia y mejora los resultados acad\u00e9micos\u201d, se\u00f1al\u00f3 Mar\u00eda Loreto Vargas.<\/p>\n<p>&nbsp;<\/p>\n","protected":false},"excerpt":{"rendered":"<p>Alumnos se lucieron con sus trabajos, maquetas y experimentos, en el marco de esta segunda versi\u00f3n realizada por el establecimiento educacional que abri\u00f3 sus puertas para que el p\u00fablico conociera el trabajo&#8230;<\/p>\n","protected":false},"author":482,"featured_media":38641,"comment_status":"open","ping_status":"closed","sticky":false,"template":"","format":"standard","meta":{"advanced_seo_description":"","jetpack_seo_html_title":"","jetpack_seo_noindex":false,"_jetpack_memberships_contains_paid_content":false,"footnotes":""},"categories":[15],"tags":[],"class_list":["post-38640","post","type-post","status-publish","format-standard","has-post-thumbnail","hentry","category-comunidad"],"jetpack_featured_media_url":"https:\/\/i0.wp.com\/eltrabajo.cl\/portal\/wp-content\/uploads\/2013\/10\/piramide-1.jpg?fit=529%2C312&ssl=1","jetpack_sharing_enabled":true,"jetpack_likes_enabled":true,"jetpack-related-posts":[],"_links":{"self":[{"href":"https:\/\/eltrabajo.cl\/portal\/wp-json\/wp\/v2\/posts\/38640","targetHints":{"allow":["GET"]}}],"collection":[{"href":"https:\/\/eltrabajo.cl\/portal\/wp-json\/wp\/v2\/posts"}],"about":[{"href":"https:\/\/eltrabajo.cl\/portal\/wp-json\/wp\/v2\/types\/post"}],"author":[{"embeddable":true,"href":"https:\/\/eltrabajo.cl\/portal\/wp-json\/wp\/v2\/users\/482"}],"replies":[{"embeddable":true,"href":"https:\/\/eltrabajo.cl\/portal\/wp-json\/wp\/v2\/comments?post=38640"}],"version-history":[{"count":0,"href":"https:\/\/eltrabajo.cl\/portal\/wp-json\/wp\/v2\/posts\/38640\/revisions"}],"wp:featuredmedia":[{"embeddable":true,"href":"https:\/\/eltrabajo.cl\/portal\/wp-json\/wp\/v2\/media\/38641"}],"wp:attachment":[{"href":"https:\/\/eltrabajo.cl\/portal\/wp-json\/wp\/v2\/media?parent=38640"}],"wp:term":[{"taxonomy":"category","embeddable":true,"href":"https:\/\/eltrabajo.cl\/portal\/wp-json\/wp\/v2\/categories?post=38640"},{"taxonomy":"post_tag","embeddable":true,"href":"https:\/\/eltrabajo.cl\/portal\/wp-json\/wp\/v2\/tags?post=38640"}],"curies":[{"name":"wp","href":"https:\/\/api.w.org\/{rel}","templated":true}]}}