{"id":38652,"date":"2013-10-14T09:54:23","date_gmt":"2013-10-14T12:54:23","guid":{"rendered":"http:\/\/www.eltrabajo.cl\/portal\/?p=38652"},"modified":"2013-10-14T09:54:23","modified_gmt":"2013-10-14T12:54:23","slug":"carabineros-realizo-masivo-operativo-en-la-comuna-de-san-felipe","status":"publish","type":"post","link":"https:\/\/eltrabajo.cl\/portal\/carabineros-realizo-masivo-operativo-en-la-comuna-de-san-felipe\/","title":{"rendered":"Carabineros realiz\u00f3 masivo operativo en la comuna de San Felipe"},"content":{"rendered":"<figure id=\"attachment_38653\" aria-describedby=\"caption-attachment-38653\" style=\"width: 423px\" class=\"wp-caption alignleft\"><a href=\"https:\/\/i0.wp.com\/www.eltrabajo.cl\/portal\/wp-content\/uploads\/2013\/10\/fiscalizacion1.jpg\"><img data-recalc-dims=\"1\" loading=\"lazy\" decoding=\"async\" class=\" wp-image-38653 \" title=\"El trabajo de fiscalizaci\u00f3n fue realizado la noche del viernes y madrugada del s\u00e1bado.\" alt=\"El trabajo de fiscalizaci\u00f3n fue realizado la noche del viernes y madrugada del s\u00e1bado.\" src=\"https:\/\/i0.wp.com\/www.eltrabajo.cl\/portal\/wp-content\/uploads\/2013\/10\/fiscalizacion1.jpg?resize=423%2C341\" width=\"423\" height=\"341\" srcset=\"https:\/\/i0.wp.com\/eltrabajo.cl\/portal\/wp-content\/uploads\/2013\/10\/fiscalizacion1.jpg?w=529&amp;ssl=1 529w, https:\/\/i0.wp.com\/eltrabajo.cl\/portal\/wp-content\/uploads\/2013\/10\/fiscalizacion1.jpg?resize=186%2C150&amp;ssl=1 186w, https:\/\/i0.wp.com\/eltrabajo.cl\/portal\/wp-content\/uploads\/2013\/10\/fiscalizacion1.jpg?resize=300%2C241&amp;ssl=1 300w, https:\/\/i0.wp.com\/eltrabajo.cl\/portal\/wp-content\/uploads\/2013\/10\/fiscalizacion1.jpg?resize=150%2C120&amp;ssl=1 150w, https:\/\/i0.wp.com\/eltrabajo.cl\/portal\/wp-content\/uploads\/2013\/10\/fiscalizacion1.jpg?resize=400%2C322&amp;ssl=1 400w\" sizes=\"auto, (max-width: 423px) 100vw, 423px\" \/><\/a><figcaption id=\"caption-attachment-38653\" class=\"wp-caption-text\">El trabajo de fiscalizaci\u00f3n fue realizado la noche del viernes y madrugada del s\u00e1bado.<\/figcaption><\/figure>\n<p>Un masivo operativo de car\u00e1cter preventivo en las calles de San Felipe, realiz\u00f3 personal de la Segunda Comisar\u00eda de Carabineros la noche del viernes y madrugada del s\u00e1bado, en una iniciativa dispuesta por la Prefectura de Aconcagua.<\/p>\n<p>En la ocasi\u00f3n, el trabajo policial contempl\u00f3 la fiscalizaci\u00f3n de locales de expendio de bebidas alcoh\u00f3licas, as\u00ed como controles de tr\u00e1nsito, ocasi\u00f3n en la que se logr\u00f3 la detenci\u00f3n de una persona a prop\u00f3sito de una orden de arresto pendiente.<\/p>\n<p>La informaci\u00f3n la entreg\u00f3 el capit\u00e1n Juan Vargas, subcomisario de Carabineros de San Felipe, quien destac\u00f3 la realizaci\u00f3n de este trabajo policial, explicando que este servicio especial no entorpece el normal desarrollo de patrullajes rutinarios en las poblaciones, como tampoco la labor del Plan Cuadrante.<\/p>\n<p>\u00abEste es un servicio especial que desarrollamos con la finalidad de fortalecer la presencia policial, tiene un car\u00e1cter preventivo y se logr\u00f3 la realizaci\u00f3n de controles de tr\u00e1nsito numerosos, as\u00ed como la fiscalizaci\u00f3n de locales de bebidas alcoh\u00f3licas. Estuvimos trabajando desde las 23.00 horas del viernes y hasta las 03.00 horas del s\u00e1bado, sin que ello hubiese entorpecido los normales servicios policiales\u00bb, puntualiz\u00f3 el oficial policial.<\/p>\n<p>&nbsp;<\/p>\n","protected":false},"excerpt":{"rendered":"<p>Un masivo operativo de car\u00e1cter preventivo en las calles de San Felipe, realiz\u00f3 personal de la Segunda Comisar\u00eda de Carabineros la noche del viernes y madrugada del s\u00e1bado, en una iniciativa dispuesta&#8230;<\/p>\n","protected":false},"author":482,"featured_media":38653,"comment_status":"open","ping_status":"closed","sticky":false,"template":"","format":"standard","meta":{"advanced_seo_description":"","jetpack_seo_html_title":"","jetpack_seo_noindex":false,"_jetpack_memberships_contains_paid_content":false,"footnotes":""},"categories":[15],"tags":[],"class_list":["post-38652","post","type-post","status-publish","format-standard","has-post-thumbnail","hentry","category-comunidad"],"jetpack_featured_media_url":"https:\/\/i0.wp.com\/eltrabajo.cl\/portal\/wp-content\/uploads\/2013\/10\/fiscalizacion1.jpg?fit=529%2C426&ssl=1","jetpack_sharing_enabled":true,"jetpack_likes_enabled":true,"jetpack-related-posts":[],"_links":{"self":[{"href":"https:\/\/eltrabajo.cl\/portal\/wp-json\/wp\/v2\/posts\/38652","targetHints":{"allow":["GET"]}}],"collection":[{"href":"https:\/\/eltrabajo.cl\/portal\/wp-json\/wp\/v2\/posts"}],"about":[{"href":"https:\/\/eltrabajo.cl\/portal\/wp-json\/wp\/v2\/types\/post"}],"author":[{"embeddable":true,"href":"https:\/\/eltrabajo.cl\/portal\/wp-json\/wp\/v2\/users\/482"}],"replies":[{"embeddable":true,"href":"https:\/\/eltrabajo.cl\/portal\/wp-json\/wp\/v2\/comments?post=38652"}],"version-history":[{"count":0,"href":"https:\/\/eltrabajo.cl\/portal\/wp-json\/wp\/v2\/posts\/38652\/revisions"}],"wp:featuredmedia":[{"embeddable":true,"href":"https:\/\/eltrabajo.cl\/portal\/wp-json\/wp\/v2\/media\/38653"}],"wp:attachment":[{"href":"https:\/\/eltrabajo.cl\/portal\/wp-json\/wp\/v2\/media?parent=38652"}],"wp:term":[{"taxonomy":"category","embeddable":true,"href":"https:\/\/eltrabajo.cl\/portal\/wp-json\/wp\/v2\/categories?post=38652"},{"taxonomy":"post_tag","embeddable":true,"href":"https:\/\/eltrabajo.cl\/portal\/wp-json\/wp\/v2\/tags?post=38652"}],"curies":[{"name":"wp","href":"https:\/\/api.w.org\/{rel}","templated":true}]}}