{"id":38656,"date":"2013-10-14T09:55:41","date_gmt":"2013-10-14T12:55:41","guid":{"rendered":"http:\/\/www.eltrabajo.cl\/portal\/?p=38656"},"modified":"2013-10-14T09:55:41","modified_gmt":"2013-10-14T12:55:41","slug":"con-variadas-actividades-celebraron-el-dia-del-campesino-en-putaendo","status":"publish","type":"post","link":"https:\/\/eltrabajo.cl\/portal\/con-variadas-actividades-celebraron-el-dia-del-campesino-en-putaendo\/","title":{"rendered":"Con variadas actividades celebraron el \u2018D\u00eda del Campesino\u2019 en Putaendo"},"content":{"rendered":"<figure id=\"attachment_38657\" aria-describedby=\"caption-attachment-38657\" style=\"width: 529px\" class=\"wp-caption alignnone\"><a href=\"https:\/\/i0.wp.com\/www.eltrabajo.cl\/portal\/wp-content\/uploads\/2013\/10\/dia-del-campesino.jpg\"><img data-recalc-dims=\"1\" loading=\"lazy\" decoding=\"async\" class=\"size-full wp-image-38657\" title=\"Con rodeo, asado y empanada celebraron el D\u00eda del Campesino en Putaendo.\" alt=\"Con rodeo, asado y empanada celebraron el D\u00eda del Campesino en Putaendo.\" src=\"https:\/\/i0.wp.com\/www.eltrabajo.cl\/portal\/wp-content\/uploads\/2013\/10\/dia-del-campesino.jpg?resize=529%2C353\" width=\"529\" height=\"353\" srcset=\"https:\/\/i0.wp.com\/eltrabajo.cl\/portal\/wp-content\/uploads\/2013\/10\/dia-del-campesino.jpg?w=529&amp;ssl=1 529w, https:\/\/i0.wp.com\/eltrabajo.cl\/portal\/wp-content\/uploads\/2013\/10\/dia-del-campesino.jpg?resize=200%2C133&amp;ssl=1 200w, https:\/\/i0.wp.com\/eltrabajo.cl\/portal\/wp-content\/uploads\/2013\/10\/dia-del-campesino.jpg?resize=300%2C200&amp;ssl=1 300w, https:\/\/i0.wp.com\/eltrabajo.cl\/portal\/wp-content\/uploads\/2013\/10\/dia-del-campesino.jpg?resize=150%2C100&amp;ssl=1 150w, https:\/\/i0.wp.com\/eltrabajo.cl\/portal\/wp-content\/uploads\/2013\/10\/dia-del-campesino.jpg?resize=400%2C266&amp;ssl=1 400w\" sizes=\"auto, (max-width: 529px) 100vw, 529px\" \/><\/a><figcaption id=\"caption-attachment-38657\" class=\"wp-caption-text\">Con rodeo, asado y empanada celebraron el D\u00eda del Campesino en Putaendo.<\/figcaption><\/figure>\n<ul>\n<li><strong>Con una variada gama de actividades fue celebrado el D\u00eda del Campesino en el Parque Municipal de Putaendo en un festejo a nivel provincial.<\/strong><\/li>\n<\/ul>\n<p><strong>PUTAENDO<\/strong>.- Integrantes de los Prodesales de las distintas comunas del Valle del Aconcagua se dieron cita en el Parque Municipal de Putaendo donde asistieron autoridades encabezadas por el Seremi de Agricultura Francesco Venezian, el director regional de INDAP, Alejandro Peirano, los alcaldes Guillermo Reyes de Putaendo y Ren\u00e9 Mardones de San Esteban, el concejal de Putaendo, Carlos Gallardo Lobos el Consejero Regional Nelson Contador, la encargada de INDAP San Felipe, Patricia Montes y el director del Servicio de Salud Aconcagua.<\/p>\n<p>El d\u00eda del campesino se celebra en homenaje a los hombres y mujeres de nuestra tierra \u00abque con su trabajo y esfuerzo resguardan nuestras tradiciones e identidad, nuestras costumbres rurales y valores que se encuentran arraigadas en el alma de Chile.<\/p>\n<p>En el Parque Municipal algunos expositores y artesanos dieron vida a una peque\u00f1a feria costumbrista que, adem\u00e1s contempl\u00f3 la exposici\u00f3n de herramientas y equipos para la agricultura, mientras que en otro sector del parque, comunidades de los distintos sectores del Valle del Aconcagua compart\u00edan un buen asado y empanadas de pino en un grato y familiar ambiente.<\/p>\n<p>En la medialuna del Parque Municipal tambi\u00e9n fue organizado un rodeo entre integrantes de los distintos Prodesal, destacando la collera conformada entre el director del Servicio de Salud Aconcauga, Rodrigo Infante y el director regional de INDAP, Alejandro Peirano, quienes en dos hermosos ejemplares demostraron que definitivamente lo suyo es el servicio p\u00fablico.<\/p>\n<p>Posteriormente, cerca del mediod\u00eda, el alcalde Guillermo Reyes dio la bienvenida a todos los presentes y dijo estar feliz de que Putaendo fuera el anfitri\u00f3n de la celebraci\u00f3n del D\u00eda del Campesino, a lo que sumaron las palabras del director regional de INDAP, Alejandro Peirano, quien destac\u00f3 que INDAP no tan solo est\u00e1 preocupado de la sequ\u00eda y de las heladas, sino que de compartir la fiesta de los campesinos de la regi\u00f3n.<\/p>\n<p>Tambi\u00e9n hizo uso de la palabra el Seremi de Agricultura Francesco Venezian, quien resalt\u00f3 las medidas que el gobierno ha implementado para ir en ayuda de los agricultores que se han visto perjudicados con las emergencias de las heladas y la sequ\u00eda.<\/p>\n<p>Treinta y un campesinos integrantes de los distintos Prodesal de Putaendo y la provincia recibieron importantes reconocimientos en una hermosa ceremonia realizada en el Parque Municipal de Putaendo, que adem\u00e1s contempl\u00f3 las bondades culinarias de la conocida Familia S\u00e1nchez y la presentaci\u00f3n de la conocida artista folcl\u00f3rica Mirta Iturra.<\/p>\n<p>Patricio Gallardo M.<\/p>\n<p>&nbsp;<\/p>\n","protected":false},"excerpt":{"rendered":"<p>Con una variada gama de actividades fue celebrado el D\u00eda del Campesino en el Parque Municipal de Putaendo en un festejo a nivel provincial. PUTAENDO.- Integrantes de los Prodesales de las distintas&#8230;<\/p>\n","protected":false},"author":482,"featured_media":38657,"comment_status":"open","ping_status":"closed","sticky":false,"template":"","format":"standard","meta":{"advanced_seo_description":"","jetpack_seo_html_title":"","jetpack_seo_noindex":false,"_jetpack_memberships_contains_paid_content":false,"footnotes":""},"categories":[15],"tags":[],"class_list":["post-38656","post","type-post","status-publish","format-standard","has-post-thumbnail","hentry","category-comunidad"],"jetpack_featured_media_url":"https:\/\/i0.wp.com\/eltrabajo.cl\/portal\/wp-content\/uploads\/2013\/10\/dia-del-campesino.jpg?fit=529%2C353&ssl=1","jetpack_sharing_enabled":true,"jetpack_likes_enabled":true,"jetpack-related-posts":[],"_links":{"self":[{"href":"https:\/\/eltrabajo.cl\/portal\/wp-json\/wp\/v2\/posts\/38656","targetHints":{"allow":["GET"]}}],"collection":[{"href":"https:\/\/eltrabajo.cl\/portal\/wp-json\/wp\/v2\/posts"}],"about":[{"href":"https:\/\/eltrabajo.cl\/portal\/wp-json\/wp\/v2\/types\/post"}],"author":[{"embeddable":true,"href":"https:\/\/eltrabajo.cl\/portal\/wp-json\/wp\/v2\/users\/482"}],"replies":[{"embeddable":true,"href":"https:\/\/eltrabajo.cl\/portal\/wp-json\/wp\/v2\/comments?post=38656"}],"version-history":[{"count":0,"href":"https:\/\/eltrabajo.cl\/portal\/wp-json\/wp\/v2\/posts\/38656\/revisions"}],"wp:featuredmedia":[{"embeddable":true,"href":"https:\/\/eltrabajo.cl\/portal\/wp-json\/wp\/v2\/media\/38657"}],"wp:attachment":[{"href":"https:\/\/eltrabajo.cl\/portal\/wp-json\/wp\/v2\/media?parent=38656"}],"wp:term":[{"taxonomy":"category","embeddable":true,"href":"https:\/\/eltrabajo.cl\/portal\/wp-json\/wp\/v2\/categories?post=38656"},{"taxonomy":"post_tag","embeddable":true,"href":"https:\/\/eltrabajo.cl\/portal\/wp-json\/wp\/v2\/tags?post=38656"}],"curies":[{"name":"wp","href":"https:\/\/api.w.org\/{rel}","templated":true}]}}