{"id":38659,"date":"2013-10-14T09:57:03","date_gmt":"2013-10-14T12:57:03","guid":{"rendered":"http:\/\/www.eltrabajo.cl\/portal\/?p=38659"},"modified":"2013-10-14T09:57:03","modified_gmt":"2013-10-14T12:57:03","slug":"concejal-silva-acusa-desmantelamiento-y-posible-cierre-de-la-dipma","status":"publish","type":"post","link":"https:\/\/eltrabajo.cl\/portal\/concejal-silva-acusa-desmantelamiento-y-posible-cierre-de-la-dipma\/","title":{"rendered":"Concejal Silva acusa &#8216;desmantelamiento&#8217; y posible cierre de la Dipma"},"content":{"rendered":"<figure id=\"attachment_38660\" aria-describedby=\"caption-attachment-38660\" style=\"width: 317px\" class=\"wp-caption alignleft\"><a href=\"https:\/\/i0.wp.com\/www.eltrabajo.cl\/portal\/wp-content\/uploads\/2013\/10\/silva.jpg\"><img data-recalc-dims=\"1\" loading=\"lazy\" decoding=\"async\" class=\" wp-image-38660 \" title=\"Concejal Rodolfo Silva Gonz\u00e1lez.\" alt=\"Concejal Rodolfo Silva Gonz\u00e1lez.\" src=\"https:\/\/i0.wp.com\/www.eltrabajo.cl\/portal\/wp-content\/uploads\/2013\/10\/silva.jpg?resize=317%2C374\" width=\"317\" height=\"374\" srcset=\"https:\/\/i0.wp.com\/eltrabajo.cl\/portal\/wp-content\/uploads\/2013\/10\/silva.jpg?w=529&amp;ssl=1 529w, https:\/\/i0.wp.com\/eltrabajo.cl\/portal\/wp-content\/uploads\/2013\/10\/silva.jpg?resize=127%2C150&amp;ssl=1 127w, https:\/\/i0.wp.com\/eltrabajo.cl\/portal\/wp-content\/uploads\/2013\/10\/silva.jpg?resize=254%2C300&amp;ssl=1 254w, https:\/\/i0.wp.com\/eltrabajo.cl\/portal\/wp-content\/uploads\/2013\/10\/silva.jpg?resize=400%2C471&amp;ssl=1 400w\" sizes=\"auto, (max-width: 317px) 100vw, 317px\" \/><\/a><figcaption id=\"caption-attachment-38660\" class=\"wp-caption-text\">Concejal Rodolfo Silva Gonz\u00e1lez.<\/figcaption><\/figure>\n<ul>\n<li><strong>\u00abQuedan aproximadamente cuatro funcionarios trabajando, el martes en el concejo voy a consultar que es lo que piensa el alcalde, si quiere un departamento del medio ambiente o lo quiere eliminar\u00bb mencion\u00f3 Silva.<\/strong><\/li>\n<\/ul>\n<p>Una de las principales preocupaciones de la ciudadan\u00eda por estos d\u00edas es la buena conservaci\u00f3n del medio ambiente, especialmente en nuestra ciudad de San Felipe, donde las temperaturas en verano llegan f\u00e1cilmente los 40 grados a la sombra.<\/p>\n<p>Por eso es de suma importancia tener a nivel local una buena pol\u00edtica medio ambiental, para poder de esta forma cubrir la incesante necesidad de encontrar sombra, poder capear el calor, en definitivita vivir en un medio ambiente digno.<\/p>\n<p>En ese contexto el Concejal Rodolfo Silva Gonz\u00e1lez, primera mayor\u00eda en las \u00faltimas elecciones, se manifest\u00f3 muy preocupado porque ha sabido que, lamentablemente a su pesar, la I. Municipalidad de San Felipe est\u00e1 desmantelando la Direcci\u00f3n de Protecci\u00f3n del Medio Ambiente (DIPMA).<\/p>\n<p>Cont\u00f3 que han sacado a algunos funcionarios que laboraban ah\u00ed como es el caso de Enrique Barrera, que fue trasladado a la secretar\u00eda de planificaci\u00f3n en calidad de subrogante, y Edwin Mart\u00ednez que tiene un sumario en curso. Esto adem\u00e1s de otras personas que fueron trasladadas a otros departamentos.<\/p>\n<p>Independiente de los motivos que tenga el Municipio para emprender un sumario contra un funcionario. Lo importante es que la municipalidad cuente con el personal suficiente para hacer funcionar este departamento indic\u00f3 el Concejal.<\/p>\n<p>Este hecho es considerado por Silva como lamentable \u00abporque no hay un inter\u00e9s para que el Departamento de Protecci\u00f3n del Medio Ambiente est\u00e9 activo. Pr\u00e1cticamente han desmantelado ese departamento\u00bb sostuvo el edil.<\/p>\n<p>\u00abQuedan aproximadamente cuatro funcionarios trabajando. El martes en el concejo voy a consultar qu\u00e9 es lo que piensa el alcalde, si quiere un departamento del medio ambiente o lo quiere eliminar\u00bb mencion\u00f3 Silva.<\/p>\n<p>Al parecer, por lo que ha sabido el Concejal Rodolfo Silva, habr\u00eda intensi\u00f3n de terminar con este departamento porque ser\u00eda una fuente de problemas para el municipio. \u00abSi fuera real, siento que es un pensamiento bastante retrogrado, as\u00ed es que me voy a dedicar a comprobar esas versiones\u00bb finaliz\u00f3 Silva.<\/p>\n<p>&nbsp;<\/p>\n","protected":false},"excerpt":{"rendered":"<p>\u00abQuedan aproximadamente cuatro funcionarios trabajando, el martes en el concejo voy a consultar que es lo que piensa el alcalde, si quiere un departamento del medio ambiente o lo quiere eliminar\u00bb mencion\u00f3&#8230;<\/p>\n","protected":false},"author":482,"featured_media":38660,"comment_status":"open","ping_status":"closed","sticky":false,"template":"","format":"standard","meta":{"advanced_seo_description":"","jetpack_seo_html_title":"","jetpack_seo_noindex":false,"_jetpack_memberships_contains_paid_content":false,"footnotes":""},"categories":[15],"tags":[],"class_list":["post-38659","post","type-post","status-publish","format-standard","has-post-thumbnail","hentry","category-comunidad"],"jetpack_featured_media_url":"https:\/\/i0.wp.com\/eltrabajo.cl\/portal\/wp-content\/uploads\/2013\/10\/silva.jpg?fit=529%2C624&ssl=1","jetpack_sharing_enabled":true,"jetpack_likes_enabled":true,"jetpack-related-posts":[],"_links":{"self":[{"href":"https:\/\/eltrabajo.cl\/portal\/wp-json\/wp\/v2\/posts\/38659","targetHints":{"allow":["GET"]}}],"collection":[{"href":"https:\/\/eltrabajo.cl\/portal\/wp-json\/wp\/v2\/posts"}],"about":[{"href":"https:\/\/eltrabajo.cl\/portal\/wp-json\/wp\/v2\/types\/post"}],"author":[{"embeddable":true,"href":"https:\/\/eltrabajo.cl\/portal\/wp-json\/wp\/v2\/users\/482"}],"replies":[{"embeddable":true,"href":"https:\/\/eltrabajo.cl\/portal\/wp-json\/wp\/v2\/comments?post=38659"}],"version-history":[{"count":0,"href":"https:\/\/eltrabajo.cl\/portal\/wp-json\/wp\/v2\/posts\/38659\/revisions"}],"wp:featuredmedia":[{"embeddable":true,"href":"https:\/\/eltrabajo.cl\/portal\/wp-json\/wp\/v2\/media\/38660"}],"wp:attachment":[{"href":"https:\/\/eltrabajo.cl\/portal\/wp-json\/wp\/v2\/media?parent=38659"}],"wp:term":[{"taxonomy":"category","embeddable":true,"href":"https:\/\/eltrabajo.cl\/portal\/wp-json\/wp\/v2\/categories?post=38659"},{"taxonomy":"post_tag","embeddable":true,"href":"https:\/\/eltrabajo.cl\/portal\/wp-json\/wp\/v2\/tags?post=38659"}],"curies":[{"name":"wp","href":"https:\/\/api.w.org\/{rel}","templated":true}]}}