{"id":38662,"date":"2013-10-14T09:59:17","date_gmt":"2013-10-14T12:59:17","guid":{"rendered":"http:\/\/www.eltrabajo.cl\/portal\/?p=38662"},"modified":"2013-10-14T09:59:17","modified_gmt":"2013-10-14T12:59:17","slug":"certifican-obra-cronicas-de-un-limonense-viajando-por-america","status":"publish","type":"post","link":"https:\/\/eltrabajo.cl\/portal\/certifican-obra-cronicas-de-un-limonense-viajando-por-america\/","title":{"rendered":"Certifican obra: \u2018Cr\u00f3nicas de un limonense viajando por Am\u00e9rica\u2019"},"content":{"rendered":"<figure id=\"attachment_38663\" aria-describedby=\"caption-attachment-38663\" style=\"width: 528px\" class=\"wp-caption alignnone\"><a href=\"https:\/\/i0.wp.com\/www.eltrabajo.cl\/portal\/wp-content\/uploads\/2013\/10\/rubrica1.jpg\"><img data-recalc-dims=\"1\" loading=\"lazy\" decoding=\"async\" class=\"size-full wp-image-38663\" title=\"CERTIFICADAS.- \u2018Cr\u00f3nicas de un limonense viajando por Am\u00e9rica\u2019 es ahora una obra certificada por las autoridades chilenas. Los seis tomos registran 18 meses de trabajo period\u00edstico en todo el Valle de Aconcagua de la vida de los chilenos.\" alt=\"CERTIFICADAS.- \u2018Cr\u00f3nicas de un limonense viajando por Am\u00e9rica\u2019 es ahora una obra certificada por las autoridades chilenas. Los seis tomos registran 18 meses de trabajo period\u00edstico en todo el Valle de Aconcagua de la vida de los chilenos.\" src=\"https:\/\/i0.wp.com\/www.eltrabajo.cl\/portal\/wp-content\/uploads\/2013\/10\/rubrica1.jpg?resize=528%2C335\" width=\"528\" height=\"335\" srcset=\"https:\/\/i0.wp.com\/eltrabajo.cl\/portal\/wp-content\/uploads\/2013\/10\/rubrica1.jpg?w=528&amp;ssl=1 528w, https:\/\/i0.wp.com\/eltrabajo.cl\/portal\/wp-content\/uploads\/2013\/10\/rubrica1.jpg?resize=200%2C126&amp;ssl=1 200w, https:\/\/i0.wp.com\/eltrabajo.cl\/portal\/wp-content\/uploads\/2013\/10\/rubrica1.jpg?resize=300%2C190&amp;ssl=1 300w, https:\/\/i0.wp.com\/eltrabajo.cl\/portal\/wp-content\/uploads\/2013\/10\/rubrica1.jpg?resize=150%2C95&amp;ssl=1 150w, https:\/\/i0.wp.com\/eltrabajo.cl\/portal\/wp-content\/uploads\/2013\/10\/rubrica1.jpg?resize=400%2C253&amp;ssl=1 400w\" sizes=\"auto, (max-width: 528px) 100vw, 528px\" \/><\/a><figcaption id=\"caption-attachment-38663\" class=\"wp-caption-text\">CERTIFICADAS.- \u2018Cr\u00f3nicas de un limonense viajando por Am\u00e9rica\u2019 es ahora una obra certificada por las autoridades chilenas. Los seis tomos registran 18 meses de trabajo period\u00edstico en todo el Valle de Aconcagua de la vida de los chilenos.<\/figcaption><\/figure>\n<ul>\n<li><strong>Alcalde Patricio Freire; Gobernadora Patricia Boffa y Director de Diario El Trabajo, estamparon su firma en esta obra \u2018\u00fanica\u2019.<\/strong><\/li>\n<\/ul>\n<p>Un logro importante dentro del mundo del periodismo regional, vino a significar la Ceremonia de Autentificaci\u00f3n de la r\u00fabrica period\u00edstica por medio del acto en el que el Director de Diario El Trabajo Marco Antonio Juri; la Gobernadora Patricia Boffa y el Alcalde de San Felipe, Patricio Freire, autenticaron con sus respectivas firmas en la Hoja de Guarda de cada uno de los seis tomos que fueron presentados de la obra \u2018Cr\u00f3nicas de un limonense viajando por Am\u00e9rica\u2019.<\/p>\n<p>Son todas las coberturas publicadas en Diario El Trabajo de Chile que el periodista costarricense Roberto Gonz\u00e1lez Short ha realizado desde 2011, luego de dar un importante giro en su carrera, ya que desde hace unos 20 a\u00f1os el comunicador centroamericano sostuvo presencia en medios de informaci\u00f3n en Am\u00e9rica Latina pero con un alto \u00e9nfasis de Cr\u00f3nica Roja.<\/p>\n<p>&nbsp;<\/p>\n<p>\u201cSe gan\u00f3 el Coraz\u00f3n\u201d<\/p>\n<p>\u201cCon la presentaci\u00f3n de sus cr\u00f3nicas de prensa, Roberto Gonz\u00e1lez pone a San Felipe en muy en alto, pues desde hace ya varios a\u00f1os \u00e9l viene d\u00e1ndole todo lo que tiene en registrar los acontecimientos de nuestro valle, hoy le sentimos como un chileno m\u00e1s, como un sanfelipe\u00f1o m\u00e1s que gracias a su capacidad y a Diario El Trabajo, logra llevar las historias de nuestra ciudad a su ciudad\u201d, coment\u00f3 el Alcalde Freire.<\/p>\n<p>Por su parte el periodista Marco Antonio Juri, Director de Diario El Trabajo, fue enf\u00e1tico al se\u00f1alar que \u201ca Roberto Gonz\u00e1lez le dimos acogida en nuestro diario gracias al perfil period\u00edstico que \u00e9l tiene, pues cuando solicit\u00f3 trabajar con nosotros, necesit\u00e1bamos reforzar nuestra presencia en las comunas del valle, registrar historias individualizadas y llenas de gran sensibilidad, \u00e9l supo aprovechar la oportunidad y por eso es que hoy certificamos su trabajo para disfrute de las generaciones de costarricenses que leer\u00e1n sus cr\u00f3nicas en el futuro\u201d.<\/p>\n<p>Roberto Gonz\u00e1lez milit\u00f3 intermitentemente en todos los medios de Grupo Extra Costa Rica y destac\u00f3 tambi\u00e9n como Gr\u00e1fico para la AFP en Palestina y Jordania a principios de 2002, las cr\u00f3nicas escritas por Gonz\u00e1lez se registran en decenas de tomos que en los archivos correspondientes de Diario Extra y La Prensa Libre, se encuentran como Patrimonio Hist\u00f3rico en la Biblioteca Nacional de Costa Rica.<\/p>\n<p>\u201cDesde que Roberto Lleg\u00f3 a Chile, \u00e9l se gan\u00f3 el cari\u00f1o y coraz\u00f3n de los sanfelipe\u00f1os, pues en sus cr\u00f3nicas siempre ha destacado todo lo positivo que de nuestro valle se pueda decir, las autoridades tambi\u00e9n estamos siempre complacidas de poder cooperar con la manera apropiada para que \u00e9l logre hacer su trabajo\u201d, coment\u00f3 la Gobernadora Patricia Boffa.<\/p>\n<p>A la ceremonia, que se realiz\u00f3 en el Sal\u00f3n de Honor de la Municipalidad de San Felipe, acudieron algunos dirigentes comunales y amigos personales del periodista, as\u00ed como familiares del comunicador, quienes viajaron desde el estado de Washington en Estados Unidos, Jerem\u00edas Gonz\u00e1lez y su esposa Sulesa Lev\u00fa.<\/p>\n<p><strong>Periodista Agradecido<\/strong><\/p>\n<p>\u201cYo lo que m\u00e1s deseo, es ser agradecido con Dios, con Chile, con Diario El Trabajo, el Alcalde Freire y la Gobernadora Boffa, as\u00ed como a toda la Familia Juri por haberme permitido acercarme, adem\u00e1s del coraz\u00f3n de los aconcag\u00fcinos, quienes son los protagonistas principales de estas \u2018Cr\u00f3nicas de un limonense viajando por Am\u00e9rica\u2019\u201d, se\u00f1al\u00f3 el autor de la obra. Roberto Gonz\u00e1lez Short es adem\u00e1s, el Vicepresidente para Chile de Conape Internacional de M\u00e9xico y el Director General de Prensam\u00e9rica Internacional.<\/p>\n<p>&nbsp;<\/p>\n","protected":false},"excerpt":{"rendered":"<p>Alcalde Patricio Freire; Gobernadora Patricia Boffa y Director de Diario El Trabajo, estamparon su firma en esta obra \u2018\u00fanica\u2019. Un logro importante dentro del mundo del periodismo regional, vino a significar la&#8230;<\/p>\n","protected":false},"author":482,"featured_media":38663,"comment_status":"open","ping_status":"closed","sticky":false,"template":"","format":"standard","meta":{"advanced_seo_description":"","jetpack_seo_html_title":"","jetpack_seo_noindex":false,"_jetpack_memberships_contains_paid_content":false,"footnotes":""},"categories":[15],"tags":[],"class_list":["post-38662","post","type-post","status-publish","format-standard","has-post-thumbnail","hentry","category-comunidad"],"jetpack_featured_media_url":"https:\/\/i0.wp.com\/eltrabajo.cl\/portal\/wp-content\/uploads\/2013\/10\/rubrica1.jpg?fit=528%2C335&ssl=1","jetpack_sharing_enabled":true,"jetpack_likes_enabled":true,"jetpack-related-posts":[],"_links":{"self":[{"href":"https:\/\/eltrabajo.cl\/portal\/wp-json\/wp\/v2\/posts\/38662","targetHints":{"allow":["GET"]}}],"collection":[{"href":"https:\/\/eltrabajo.cl\/portal\/wp-json\/wp\/v2\/posts"}],"about":[{"href":"https:\/\/eltrabajo.cl\/portal\/wp-json\/wp\/v2\/types\/post"}],"author":[{"embeddable":true,"href":"https:\/\/eltrabajo.cl\/portal\/wp-json\/wp\/v2\/users\/482"}],"replies":[{"embeddable":true,"href":"https:\/\/eltrabajo.cl\/portal\/wp-json\/wp\/v2\/comments?post=38662"}],"version-history":[{"count":0,"href":"https:\/\/eltrabajo.cl\/portal\/wp-json\/wp\/v2\/posts\/38662\/revisions"}],"wp:featuredmedia":[{"embeddable":true,"href":"https:\/\/eltrabajo.cl\/portal\/wp-json\/wp\/v2\/media\/38663"}],"wp:attachment":[{"href":"https:\/\/eltrabajo.cl\/portal\/wp-json\/wp\/v2\/media?parent=38662"}],"wp:term":[{"taxonomy":"category","embeddable":true,"href":"https:\/\/eltrabajo.cl\/portal\/wp-json\/wp\/v2\/categories?post=38662"},{"taxonomy":"post_tag","embeddable":true,"href":"https:\/\/eltrabajo.cl\/portal\/wp-json\/wp\/v2\/tags?post=38662"}],"curies":[{"name":"wp","href":"https:\/\/api.w.org\/{rel}","templated":true}]}}