{"id":38692,"date":"2013-10-15T09:47:19","date_gmt":"2013-10-15T12:47:19","guid":{"rendered":"http:\/\/www.eltrabajo.cl\/portal\/?p=38692"},"modified":"2013-10-15T09:47:19","modified_gmt":"2013-10-15T12:47:19","slug":"alegre-celebracion-del-tercer-ano-de-jardin-burbujitas-de-colores","status":"publish","type":"post","link":"https:\/\/eltrabajo.cl\/portal\/alegre-celebracion-del-tercer-ano-de-jardin-burbujitas-de-colores\/","title":{"rendered":"Alegre celebraci\u00f3n del tercer a\u00f1o de jard\u00edn Burbujitas de Colores"},"content":{"rendered":"<figure id=\"attachment_38693\" aria-describedby=\"caption-attachment-38693\" style=\"width: 529px\" class=\"wp-caption alignnone\"><a href=\"https:\/\/i0.wp.com\/www.eltrabajo.cl\/portal\/wp-content\/uploads\/2013\/10\/jardin-burbujitas-de-colores-1.jpg\"><img data-recalc-dims=\"1\" loading=\"lazy\" decoding=\"async\" class=\"size-full wp-image-38693\" title=\"  FOTOS jardin burbujitas de colores (HAY 3 FOTOS) Con una colorida presentaci\u00f3n en el Teatro Municipal de San Felipe, el Jard\u00edn Infantil \u2018Burbujita de Colores\u2019 celebr\u00f3 su tercer a\u00f1o de existencia.\" alt=\"  FOTOS jardin burbujitas de colores (HAY 3 FOTOS) Con una colorida presentaci\u00f3n en el Teatro Municipal de San Felipe, el Jard\u00edn Infantil \u2018Burbujita de Colores\u2019 celebr\u00f3 su tercer a\u00f1o de existencia.\" src=\"https:\/\/i0.wp.com\/www.eltrabajo.cl\/portal\/wp-content\/uploads\/2013\/10\/jardin-burbujitas-de-colores-1.jpg?resize=529%2C373\" width=\"529\" height=\"373\" srcset=\"https:\/\/i0.wp.com\/eltrabajo.cl\/portal\/wp-content\/uploads\/2013\/10\/jardin-burbujitas-de-colores-1.jpg?w=529&amp;ssl=1 529w, https:\/\/i0.wp.com\/eltrabajo.cl\/portal\/wp-content\/uploads\/2013\/10\/jardin-burbujitas-de-colores-1.jpg?resize=200%2C141&amp;ssl=1 200w, https:\/\/i0.wp.com\/eltrabajo.cl\/portal\/wp-content\/uploads\/2013\/10\/jardin-burbujitas-de-colores-1.jpg?resize=300%2C211&amp;ssl=1 300w, https:\/\/i0.wp.com\/eltrabajo.cl\/portal\/wp-content\/uploads\/2013\/10\/jardin-burbujitas-de-colores-1.jpg?resize=150%2C105&amp;ssl=1 150w, https:\/\/i0.wp.com\/eltrabajo.cl\/portal\/wp-content\/uploads\/2013\/10\/jardin-burbujitas-de-colores-1.jpg?resize=400%2C282&amp;ssl=1 400w\" sizes=\"auto, (max-width: 529px) 100vw, 529px\" \/><\/a><figcaption id=\"caption-attachment-38693\" class=\"wp-caption-text\"><br \/>FOTOS jardin burbujitas de colores (HAY 3 FOTOS)<br \/>Con una colorida presentaci\u00f3n en el Teatro Municipal de San Felipe, el Jard\u00edn Infantil \u2018Burbujita de Colores\u2019 celebr\u00f3 su tercer a\u00f1o de existencia.<\/figcaption><\/figure>\n<p>Con una alegre y colorida actividad realizada en el Teatro Municipal de San Felipe, el Jard\u00edn Infantil \u2018Burbujita de Colores\u2019 celebr\u00f3 su tercer a\u00f1o de existencia al servicio de los ni\u00f1os y ni\u00f1as de la comuna de San Felipe.<\/p>\n<p>La actividad de desarroll\u00f3 con la participaci\u00f3n de todos los peque\u00f1os, quienes acompa\u00f1ados de sus padres disfrutaron de cada una de las actividades desarrolladas por las educadoras y t\u00e9cnicos que trabajan en este establecimiento.<\/p>\n<p>En este corto lapso de tiempo, se ha logrado sacar adelante un importante proyecto educativo, lo que ha significado un rotundo \u00e9xito en materias de educaci\u00f3n en las instancias primarias, vi\u00e9ndose esto reflejado en la alta demanda que existe por una de las matr\u00edculas, alcanzando hasta el d\u00eda de hoy a 109 ni\u00f1os y ni\u00f1as que asisten diariamente a este jard\u00edn, estando al m\u00e1ximo de su capacidad, cumpli\u00e9ndose con las metas esperadas por la actual gesti\u00f3n del Alcalde Patricio Freire.<\/p>\n<p>En la actualidad, en este centro se cubren las necesidades pre escolares, en los niveles sala cuna menor, sala cuna mayor, niveles medio menor y mayor.<\/p>\n<p>Patricia Pe\u00f1a Ortiz, Directora del Jard\u00edn Infantil Burbujitas de Colores, se\u00f1al\u00f3 que \u201choy informamos con mucho orgullo, que logramos adjudicarnos un proyecto Codelco, por un monto cercano a los 460 mil pesos, lo que nos permitir\u00e1 comprar las m\u00e1quinas de ejercicios, complementando nuestras metas de fortalecimiento en todas las \u00e1reas, incentivando as\u00ed la vida sana en nuestros ni\u00f1os desde sus primeros a\u00f1os de educaci\u00f3n, destacando el compromiso de cada uno de los trabajadores de nuestro jard\u00edn, as\u00ed como de los padres y apoderados, quienes concurren desde todos los puntos de la comuna\u201d.<\/p>\n<p>El Jard\u00edn Burbujitas de Colores est\u00e1 ubicado en Villa La Estancia, Avenida Ej\u00e9rcito Libertador 1975 en la comuna de San Felipe.<\/p>\n<p>&nbsp;<\/p>\n","protected":false},"excerpt":{"rendered":"<p>Con una alegre y colorida actividad realizada en el Teatro Municipal de San Felipe, el Jard\u00edn Infantil \u2018Burbujita de Colores\u2019 celebr\u00f3 su tercer a\u00f1o de existencia al servicio de los ni\u00f1os y&#8230;<\/p>\n","protected":false},"author":482,"featured_media":38693,"comment_status":"open","ping_status":"closed","sticky":false,"template":"","format":"standard","meta":{"advanced_seo_description":"","jetpack_seo_html_title":"","jetpack_seo_noindex":false,"_jetpack_memberships_contains_paid_content":false,"footnotes":""},"categories":[15],"tags":[],"class_list":["post-38692","post","type-post","status-publish","format-standard","has-post-thumbnail","hentry","category-comunidad"],"jetpack_featured_media_url":"https:\/\/i0.wp.com\/eltrabajo.cl\/portal\/wp-content\/uploads\/2013\/10\/jardin-burbujitas-de-colores-1.jpg?fit=529%2C373&ssl=1","jetpack_sharing_enabled":true,"jetpack_likes_enabled":true,"jetpack-related-posts":[],"_links":{"self":[{"href":"https:\/\/eltrabajo.cl\/portal\/wp-json\/wp\/v2\/posts\/38692","targetHints":{"allow":["GET"]}}],"collection":[{"href":"https:\/\/eltrabajo.cl\/portal\/wp-json\/wp\/v2\/posts"}],"about":[{"href":"https:\/\/eltrabajo.cl\/portal\/wp-json\/wp\/v2\/types\/post"}],"author":[{"embeddable":true,"href":"https:\/\/eltrabajo.cl\/portal\/wp-json\/wp\/v2\/users\/482"}],"replies":[{"embeddable":true,"href":"https:\/\/eltrabajo.cl\/portal\/wp-json\/wp\/v2\/comments?post=38692"}],"version-history":[{"count":0,"href":"https:\/\/eltrabajo.cl\/portal\/wp-json\/wp\/v2\/posts\/38692\/revisions"}],"wp:featuredmedia":[{"embeddable":true,"href":"https:\/\/eltrabajo.cl\/portal\/wp-json\/wp\/v2\/media\/38693"}],"wp:attachment":[{"href":"https:\/\/eltrabajo.cl\/portal\/wp-json\/wp\/v2\/media?parent=38692"}],"wp:term":[{"taxonomy":"category","embeddable":true,"href":"https:\/\/eltrabajo.cl\/portal\/wp-json\/wp\/v2\/categories?post=38692"},{"taxonomy":"post_tag","embeddable":true,"href":"https:\/\/eltrabajo.cl\/portal\/wp-json\/wp\/v2\/tags?post=38692"}],"curies":[{"name":"wp","href":"https:\/\/api.w.org\/{rel}","templated":true}]}}