{"id":38719,"date":"2013-10-15T10:01:48","date_gmt":"2013-10-15T13:01:48","guid":{"rendered":"http:\/\/www.eltrabajo.cl\/portal\/?p=38719"},"modified":"2013-10-15T10:01:48","modified_gmt":"2013-10-15T13:01:48","slug":"denuncian-despidos-injustificados-de-13-trabajadores-de-minera-alma","status":"publish","type":"post","link":"https:\/\/eltrabajo.cl\/portal\/denuncian-despidos-injustificados-de-13-trabajadores-de-minera-alma\/","title":{"rendered":"Denuncian despidos injustificados de 13 trabajadores de Minera Alma"},"content":{"rendered":"<figure id=\"attachment_38720\" aria-describedby=\"caption-attachment-38720\" style=\"width: 370px\" class=\"wp-caption alignleft\"><a href=\"https:\/\/i0.wp.com\/www.eltrabajo.cl\/portal\/wp-content\/uploads\/2013\/10\/jaime-monje.jpg\"><img data-recalc-dims=\"1\" loading=\"lazy\" decoding=\"async\" class=\" wp-image-38720 \" title=\"Jaime Monje, tesorero del Sindicato de Trabajadores de Alma, muestra el documento correspondiente a la denuncia interpuesta en la Inspecci\u00f3n del Trabajo.\" alt=\"Jaime Monje, tesorero del Sindicato de Trabajadores de Alma, muestra el documento correspondiente a la denuncia interpuesta en la Inspecci\u00f3n del Trabajo.\" src=\"https:\/\/i0.wp.com\/www.eltrabajo.cl\/portal\/wp-content\/uploads\/2013\/10\/jaime-monje.jpg?resize=370%2C547\" width=\"370\" height=\"547\" srcset=\"https:\/\/i0.wp.com\/eltrabajo.cl\/portal\/wp-content\/uploads\/2013\/10\/jaime-monje.jpg?w=529&amp;ssl=1 529w, https:\/\/i0.wp.com\/eltrabajo.cl\/portal\/wp-content\/uploads\/2013\/10\/jaime-monje.jpg?resize=101%2C150&amp;ssl=1 101w, https:\/\/i0.wp.com\/eltrabajo.cl\/portal\/wp-content\/uploads\/2013\/10\/jaime-monje.jpg?resize=202%2C300&amp;ssl=1 202w, https:\/\/i0.wp.com\/eltrabajo.cl\/portal\/wp-content\/uploads\/2013\/10\/jaime-monje.jpg?resize=400%2C591&amp;ssl=1 400w\" sizes=\"auto, (max-width: 370px) 100vw, 370px\" \/><\/a><figcaption id=\"caption-attachment-38720\" class=\"wp-caption-text\">Jaime Monje, tesorero del Sindicato de Trabajadores de Alma, muestra el documento correspondiente a la denuncia interpuesta en la Inspecci\u00f3n del Trabajo.<\/figcaption><\/figure>\n<ul>\n<li><strong>La causal de la desvinculaci\u00f3n ser\u00eda la presunta participaci\u00f3n de los trabajadores en la toma por una hora del acceso a la planta minera.<\/strong><\/li>\n<\/ul>\n<p>Un total de 13 trabajadores fueron despedidos por la Compa\u00f1\u00eda Minera Alma de Catemu, debido a su presunta participaci\u00f3n en la toma de las instalaciones de esta empresa hace dos semanas, hecho que fue desmentido categ\u00f3ricamente por los dirigentes del sindicato, quienes aseveraron que solo ellos con el apoyo de la CTC se tomaron el acceso al recinto.<\/p>\n<p>La ma\u00f1ana de ayer lunes, los dirigentes acudieron junto a los trabajadores exonerados hasta la Inspecci\u00f3n Provincial del Trabajo, a fin de estampar una denuncia por despidos injustificados en los que aseguran incurri\u00f3 la empresa.<\/p>\n<p>El tesorero del Sindicato de Trabajadores de Alma, Jaime Monje, manifest\u00f3 que \u201cla toma la hicimos los dirigentes sindicales de la empresa, con el apoyo de dirigentes de la Confederaci\u00f3n de Trabajadores del Cobre. A prop\u00f3sito de esta toma, fueron desvinculados 13 compa\u00f1eros, aduciendo la empresa que ellos tambi\u00e9n se hab\u00edan manifestado, siendo que no fue as\u00ed. De hecho hay gente que estaba en turno en esos momentos, y tambi\u00e9n fue desvinculada, aduciendo la empresa que ellos tambi\u00e9n cerraron la planta, en circunstancias que se encontraban en su trabajo\u201d.<\/p>\n<p>A\u00f1adi\u00f3 que los trabajadores se sienten temerosos de lo que pueda ocurrir, se\u00f1alando que han sido amedrentados e incluso, que ha habido presencia de Carabineros durante toda la semana, en tanto que les llama la atenci\u00f3n que se den las cosas de esta manera, ya que en ning\u00fan momento ellos han vuelto a incurrir en una acci\u00f3n de presi\u00f3n o protesta.<\/p>\n<p>Jaime Monje aprovech\u00f3 de denunciar a trav\u00e9s de la prensa, que en la empresa existir\u00edan problemas graves de seguridad, as\u00ed como falta de criterio con el personal.<\/p>\n<p>\u201cCuando fuimos a Santiago, yo le manifest\u00e9 a la jefa que hab\u00edan condiciones inseguras en la mina, es m\u00e1s, hace dos semanas se registr\u00f3 un planch\u00f3n en la Mina UA, que es de la empresa y si bien no hubo consecuencias fatales, de qu\u00e9 estamos hablando en materia de seguridad\u201d, manifest\u00f3 Monje.<\/p>\n<p>En tanto, el presidente del Sindicato, Alejandro Gonz\u00e1lez, se\u00f1al\u00f3 que a prop\u00f3sito de toda esta problem\u00e1tica, se ha solicitado reuniones con la gerencia de Alma, recordando que los trabajadores no tuvieron el pago de sus gratificaciones por el a\u00f1o 2012, recibiendo solo una parte del monto acordado.<\/p>\n<p>\u201cNo tuvimos una buena respuesta de parte de la empresa a las peticiones que hicimos, como es el tema de la seguridad. La empresa trabaja solo con personal directo, adem\u00e1s de un contratista que es el que traslada el material de la mina a la planta, siendo desvinculados estos trece colegas, todos socios del sindicato\u201d, se\u00f1al\u00f3 Gonz\u00e1lez.<\/p>\n<p>A juicio de los dirigentes, la empresa ha incurrido en pr\u00e1cticas antisindicales, ya que hay trabajadores que se encontraban en turno saliente de noche y se encontraron con el acceso tomado, mientras que otros iban llegando y no pudieron entrar, aplic\u00e1ndoles a todos el mismo art\u00edculo para argumentar el t\u00e9rmino de la relaci\u00f3n laboral con la empresa.<\/p>\n<p>&nbsp;<\/p>\n","protected":false},"excerpt":{"rendered":"<p>La causal de la desvinculaci\u00f3n ser\u00eda la presunta participaci\u00f3n de los trabajadores en la toma por una hora del acceso a la planta minera. Un total de 13 trabajadores fueron despedidos por&#8230;<\/p>\n","protected":false},"author":482,"featured_media":38720,"comment_status":"open","ping_status":"closed","sticky":false,"template":"","format":"standard","meta":{"advanced_seo_description":"","jetpack_seo_html_title":"","jetpack_seo_noindex":false,"_jetpack_memberships_contains_paid_content":false,"footnotes":""},"categories":[15],"tags":[],"class_list":["post-38719","post","type-post","status-publish","format-standard","has-post-thumbnail","hentry","category-comunidad"],"jetpack_featured_media_url":"https:\/\/i0.wp.com\/eltrabajo.cl\/portal\/wp-content\/uploads\/2013\/10\/jaime-monje.jpg?fit=529%2C782&ssl=1","jetpack_sharing_enabled":true,"jetpack_likes_enabled":true,"jetpack-related-posts":[],"_links":{"self":[{"href":"https:\/\/eltrabajo.cl\/portal\/wp-json\/wp\/v2\/posts\/38719","targetHints":{"allow":["GET"]}}],"collection":[{"href":"https:\/\/eltrabajo.cl\/portal\/wp-json\/wp\/v2\/posts"}],"about":[{"href":"https:\/\/eltrabajo.cl\/portal\/wp-json\/wp\/v2\/types\/post"}],"author":[{"embeddable":true,"href":"https:\/\/eltrabajo.cl\/portal\/wp-json\/wp\/v2\/users\/482"}],"replies":[{"embeddable":true,"href":"https:\/\/eltrabajo.cl\/portal\/wp-json\/wp\/v2\/comments?post=38719"}],"version-history":[{"count":0,"href":"https:\/\/eltrabajo.cl\/portal\/wp-json\/wp\/v2\/posts\/38719\/revisions"}],"wp:featuredmedia":[{"embeddable":true,"href":"https:\/\/eltrabajo.cl\/portal\/wp-json\/wp\/v2\/media\/38720"}],"wp:attachment":[{"href":"https:\/\/eltrabajo.cl\/portal\/wp-json\/wp\/v2\/media?parent=38719"}],"wp:term":[{"taxonomy":"category","embeddable":true,"href":"https:\/\/eltrabajo.cl\/portal\/wp-json\/wp\/v2\/categories?post=38719"},{"taxonomy":"post_tag","embeddable":true,"href":"https:\/\/eltrabajo.cl\/portal\/wp-json\/wp\/v2\/tags?post=38719"}],"curies":[{"name":"wp","href":"https:\/\/api.w.org\/{rel}","templated":true}]}}