{"id":38726,"date":"2013-10-15T10:04:55","date_gmt":"2013-10-15T13:04:55","guid":{"rendered":"http:\/\/www.eltrabajo.cl\/portal\/?p=38726"},"modified":"2013-10-15T10:04:55","modified_gmt":"2013-10-15T13:04:55","slug":"dramatica-situacion-laboral-viven-mamas-por-paro-de-jardines-de-integra","status":"publish","type":"post","link":"https:\/\/eltrabajo.cl\/portal\/dramatica-situacion-laboral-viven-mamas-por-paro-de-jardines-de-integra\/","title":{"rendered":"Dram\u00e1tica situaci\u00f3n laboral viven mam\u00e1s por paro de jardines de Integra"},"content":{"rendered":"<figure id=\"attachment_38727\" aria-describedby=\"caption-attachment-38727\" style=\"width: 529px\" class=\"wp-caption alignnone\"><a href=\"https:\/\/i0.wp.com\/www.eltrabajo.cl\/portal\/wp-content\/uploads\/2013\/10\/paro-integra.jpg\"><img data-recalc-dims=\"1\" loading=\"lazy\" decoding=\"async\" class=\"size-full wp-image-38727\" title=\"Los trabajadores de INTEGRA ya acumulan 11 d\u00edas de paralizaci\u00f3n de funciones y a\u00fan no existen acercamientos con el Director nacional Sergio Dom\u00ednguez.\" alt=\"Los trabajadores de INTEGRA ya acumulan 11 d\u00edas de paralizaci\u00f3n de funciones y a\u00fan no existen acercamientos con el Director nacional Sergio Dom\u00ednguez.\" src=\"https:\/\/i0.wp.com\/www.eltrabajo.cl\/portal\/wp-content\/uploads\/2013\/10\/paro-integra.jpg?resize=529%2C243\" width=\"529\" height=\"243\" srcset=\"https:\/\/i0.wp.com\/eltrabajo.cl\/portal\/wp-content\/uploads\/2013\/10\/paro-integra.jpg?w=529&amp;ssl=1 529w, https:\/\/i0.wp.com\/eltrabajo.cl\/portal\/wp-content\/uploads\/2013\/10\/paro-integra.jpg?resize=200%2C91&amp;ssl=1 200w, https:\/\/i0.wp.com\/eltrabajo.cl\/portal\/wp-content\/uploads\/2013\/10\/paro-integra.jpg?resize=300%2C137&amp;ssl=1 300w, https:\/\/i0.wp.com\/eltrabajo.cl\/portal\/wp-content\/uploads\/2013\/10\/paro-integra.jpg?resize=150%2C68&amp;ssl=1 150w, https:\/\/i0.wp.com\/eltrabajo.cl\/portal\/wp-content\/uploads\/2013\/10\/paro-integra.jpg?resize=400%2C183&amp;ssl=1 400w\" sizes=\"auto, (max-width: 529px) 100vw, 529px\" \/><\/a><figcaption id=\"caption-attachment-38727\" class=\"wp-caption-text\">Los trabajadores de INTEGRA ya acumulan 11 d\u00edas de paralizaci\u00f3n de funciones y a\u00fan no existen acercamientos con el Director nacional Sergio Dom\u00ednguez.<\/figcaption><\/figure>\n<p>Jenny Garc\u00eda es una de las m\u00e1s de 250 mam\u00e1s que no ha podido trabajar por un d\u00eda m\u00e1s de movilizaciones en los jardines Integra de San Felipe.<\/p>\n<p>Este es solo uno de los tantos rostros de mujeres que se quedan sin opciones laborales, ya que el sistema no cuenta con un \u2018Plan B\u2019, ni turnos \u00e9ticos, ni nada que les permita mantener a sus hijos a resguardo para poder salir al trabajo.<\/p>\n<p>\u201cLo traigo porque no tengo otra opci\u00f3n para poder trabajar \u2013cuenta la joven mam\u00e1 a Diario El Trabajo- he agotado todos los medios posibles, incluso le escrib\u00ed al Presidente de la Rep\u00fablica y no encontramos soluci\u00f3n. Estamos desesperadas porque en los trabajos no nos aguantan tanto desorden en la asistencia. Algunas veces mis patrones me han dejado estar medio d\u00eda o nos arreglamos para dejar a nuestros hijos en casa de alg\u00fan familiar. Pero no podemos seguir as\u00ed.<\/p>\n<p>\u201cSon muchos los problemas que se nos generan. Yo entiendo las demandas de los trabajadores, pero \u00bfqui\u00e9n nos responde a nosotros en el trabajo? Entonces llevamos tantos d\u00edas, que lo \u00fanico que queremos es que esto llegue a una soluci\u00f3n luego\u201d, finaliz\u00f3 la joven madre, justo en la puerta del jard\u00edn \u2018Hormiguitas\u2019 del sector Sargento Aldea.<\/p>\n<p>En tanto, dirigentes sindicales de los trabajadores en paro, se\u00f1alaron directamente a la primera dama Cecilia Morel para que interceda en este conflicto que va por completar casi la segunda semana de paralizaci\u00f3n.<\/p>\n<p>En total son casi 400 los ni\u00f1os que se atienden en este sistema en la comuna, y cada d\u00eda que pasa es una dificultad grande para las familias, muchas veces monoparentales, que dependen de esta fundaci\u00f3n para poder acceder al campo laboral.<\/p>\n<p>&nbsp;<\/p>\n<p><strong>Actividades<\/strong><\/p>\n<p>Mientras esperan un acuerdo al conflicto, los trabajadores se han reunido con las mam\u00e1s que no tienen c\u00f3mo dejar a sus hijos en otro hogar y han ofrecido ideas o soluciones alternativas, para ello han sostenido reuniones con los padres.<\/p>\n<p>Adem\u00e1s intensificar\u00e1n actividades para esta semana, como por ejemplo, pretenden marchar hoy martes al puente El Rey, para realizar una intervenci\u00f3n creativa. Ma\u00f1ana mi\u00e9rcoles har\u00e1n pinta caritas, funci\u00f3n de t\u00edteres y baile entretenido en la plaza de armas. Para el jueves han organizado una \u2018marcha divertida\u2019 con cotill\u00f3n por la plaza, y el viernes entregar\u00e1n desayunos solidarios en alg\u00fan sector de la ciudad.<\/p>\n<p>&nbsp;<\/p>\n","protected":false},"excerpt":{"rendered":"<p>Jenny Garc\u00eda es una de las m\u00e1s de 250 mam\u00e1s que no ha podido trabajar por un d\u00eda m\u00e1s de movilizaciones en los jardines Integra de San Felipe. Este es solo uno&#8230;<\/p>\n","protected":false},"author":482,"featured_media":38727,"comment_status":"open","ping_status":"closed","sticky":false,"template":"","format":"standard","meta":{"advanced_seo_description":"","jetpack_seo_html_title":"","jetpack_seo_noindex":false,"_jetpack_memberships_contains_paid_content":false,"footnotes":""},"categories":[15],"tags":[],"class_list":["post-38726","post","type-post","status-publish","format-standard","has-post-thumbnail","hentry","category-comunidad"],"jetpack_featured_media_url":"https:\/\/i0.wp.com\/eltrabajo.cl\/portal\/wp-content\/uploads\/2013\/10\/paro-integra.jpg?fit=529%2C243&ssl=1","jetpack_sharing_enabled":true,"jetpack_likes_enabled":true,"jetpack-related-posts":[],"_links":{"self":[{"href":"https:\/\/eltrabajo.cl\/portal\/wp-json\/wp\/v2\/posts\/38726","targetHints":{"allow":["GET"]}}],"collection":[{"href":"https:\/\/eltrabajo.cl\/portal\/wp-json\/wp\/v2\/posts"}],"about":[{"href":"https:\/\/eltrabajo.cl\/portal\/wp-json\/wp\/v2\/types\/post"}],"author":[{"embeddable":true,"href":"https:\/\/eltrabajo.cl\/portal\/wp-json\/wp\/v2\/users\/482"}],"replies":[{"embeddable":true,"href":"https:\/\/eltrabajo.cl\/portal\/wp-json\/wp\/v2\/comments?post=38726"}],"version-history":[{"count":0,"href":"https:\/\/eltrabajo.cl\/portal\/wp-json\/wp\/v2\/posts\/38726\/revisions"}],"wp:featuredmedia":[{"embeddable":true,"href":"https:\/\/eltrabajo.cl\/portal\/wp-json\/wp\/v2\/media\/38727"}],"wp:attachment":[{"href":"https:\/\/eltrabajo.cl\/portal\/wp-json\/wp\/v2\/media?parent=38726"}],"wp:term":[{"taxonomy":"category","embeddable":true,"href":"https:\/\/eltrabajo.cl\/portal\/wp-json\/wp\/v2\/categories?post=38726"},{"taxonomy":"post_tag","embeddable":true,"href":"https:\/\/eltrabajo.cl\/portal\/wp-json\/wp\/v2\/tags?post=38726"}],"curies":[{"name":"wp","href":"https:\/\/api.w.org\/{rel}","templated":true}]}}