{"id":38739,"date":"2013-10-16T09:43:48","date_gmt":"2013-10-16T12:43:48","guid":{"rendered":"http:\/\/www.eltrabajo.cl\/portal\/?p=38739"},"modified":"2013-10-16T09:43:48","modified_gmt":"2013-10-16T12:43:48","slug":"el-proximo-26-de-octubre-realizaran-concurso-mister-gay-aconcagua","status":"publish","type":"post","link":"https:\/\/eltrabajo.cl\/portal\/el-proximo-26-de-octubre-realizaran-concurso-mister-gay-aconcagua\/","title":{"rendered":"El pr\u00f3ximo 26 de octubre realizar\u00e1n concurso \u2018M\u00edster Gay Aconcagua\u2019"},"content":{"rendered":"<figure id=\"attachment_38740\" aria-describedby=\"caption-attachment-38740\" style=\"width: 317px\" class=\"wp-caption alignleft\"><a href=\"https:\/\/i0.wp.com\/www.eltrabajo.cl\/portal\/wp-content\/uploads\/2013\/10\/michelle-letelier.jpg\"><img data-recalc-dims=\"1\" loading=\"lazy\" decoding=\"async\" class=\" wp-image-38740 \" title=\"Michelle Letelier, presidente de la Agrupaci\u00f3n Ciprodes de San Felipe.\" alt=\"Michelle Letelier, presidente de la Agrupaci\u00f3n Ciprodes de San Felipe.\" src=\"https:\/\/i0.wp.com\/www.eltrabajo.cl\/portal\/wp-content\/uploads\/2013\/10\/michelle-letelier.jpg?resize=317%2C238\" width=\"317\" height=\"238\" srcset=\"https:\/\/i0.wp.com\/eltrabajo.cl\/portal\/wp-content\/uploads\/2013\/10\/michelle-letelier.jpg?w=528&amp;ssl=1 528w, https:\/\/i0.wp.com\/eltrabajo.cl\/portal\/wp-content\/uploads\/2013\/10\/michelle-letelier.jpg?resize=200%2C150&amp;ssl=1 200w, https:\/\/i0.wp.com\/eltrabajo.cl\/portal\/wp-content\/uploads\/2013\/10\/michelle-letelier.jpg?resize=300%2C225&amp;ssl=1 300w, https:\/\/i0.wp.com\/eltrabajo.cl\/portal\/wp-content\/uploads\/2013\/10\/michelle-letelier.jpg?resize=150%2C112&amp;ssl=1 150w, https:\/\/i0.wp.com\/eltrabajo.cl\/portal\/wp-content\/uploads\/2013\/10\/michelle-letelier.jpg?resize=400%2C300&amp;ssl=1 400w\" sizes=\"auto, (max-width: 317px) 100vw, 317px\" \/><\/a><figcaption id=\"caption-attachment-38740\" class=\"wp-caption-text\">Michelle Letelier, presidente de la Agrupaci\u00f3n Ciprodes de San Felipe.<\/figcaption><\/figure>\n<p>Para el pr\u00f3ximo 26 de octubre, a las 19.00 horas, en el Teatro del Liceo Roberto Humeres de San Felipe, est\u00e1 contemplada la realizaci\u00f3n del evento denominado \u2018M\u00edster Gay Aconcagua\u2019, actividad a beneficio de un vecino de la comuna quien necesita recursos para financiar una operaci\u00f3n.<\/p>\n<p>La actividad es organizada precisamente por la Comunidad Gay de San Felipe, con el apoyo de Ciprodes, cuyo presidente Michelle Letelier manifest\u00f3 que se les ha solicitado ayuda para la difusi\u00f3n de esta iniciativa, donde habr\u00e1 muchas sorpresas, m\u00fasica y competencia.<\/p>\n<p>\u201cEsta actividad se realiza con motivo de un beneficio que tiene la Comunidad Gay de San Felipe, con la finalidad de reunir plata para ayudar a uno de sus compa\u00f1eros en los gastos de lo que significa un by pass g\u00e1strico, ya que su plan de salud no cubre todo. Entonces se est\u00e1 realizando este beneficio, denominado M\u00edster Gay Aconcagua\u201d, se\u00f1al\u00f3 Michelle Letelier.<\/p>\n<p>El evento ya est\u00e1 completamente organizado, por lo que resta concretarlo y lograr una alta convocatoria de p\u00fablico. El presidente de Ciprodes manifest\u00f3 en este sentido que un eje principal de esta iniciativa, es integrar a la Comunidad Gay de San Felipe a la actividad local, con mayor participaci\u00f3n, entendiendo que actualmente no est\u00e1n muy visibilizados.<\/p>\n<p>\u201cSi bien nuestra agrupaci\u00f3n alberga la diversidad de g\u00e9nero, el mundo gay estaba medio reacio a participar en actividades con nosotros y qu\u00e9 bueno que los j\u00f3venes de esta comunidad se est\u00e9n interesando por ser parte de la agenda social, de mayor inclusi\u00f3n y participaci\u00f3n dentro de lo social\u201d, manifest\u00f3 el dirigente.<\/p>\n<p>El Ciprodes participar\u00e1 de la actividad, haciendo entrega de folleter\u00eda sobre prevenci\u00f3n de enfermedades de transmisi\u00f3n sexual, sobre todo de VIH, en tanto que Michelle Letelier se sumar\u00e1 al jurado que defina al ganador de M\u00edster Gay.<\/p>\n<p>El show en tanto, considera una parrilla art\u00edstica tra\u00edda desde Santiago y seg\u00fan asegur\u00f3 el presidente de Ciprodes, \u201ctraen una gran parafernalia, muy bien organizada\u201d, a\u00f1adiendo que la idea de todo esto es \u201cpromover la no discriminaci\u00f3n de la comunidad gay \u2013 trans \u2013 l\u00e9sbico de la ciudad de San Felipe, ya que tenemos que reconocer que vivimos en un pa\u00eds discriminador y en una ciudad discriminadora\u201d.<\/p>\n<p>Respecto del n\u00famero de integrantes de la Comunidad Gay de San Felipe, Letelier dijo que alcanza las 150 personas, principalmente j\u00f3venes, que est\u00e1n abiertos a la posibilidad de participaci\u00f3n, entendiendo que todos somos iguales.<\/p>\n<p>\u201cNo as\u00ed las generaciones de antes, que tienen otra educaci\u00f3n y otras creencias, por lo que les cuesta mucho m\u00e1s aceptar nuestra condici\u00f3n, tanto gay, transg\u00e9nera y l\u00e9sbica. Pero hoy d\u00eda se est\u00e1 apreciando una apertura de mente, porque el hecho que se visibilice, hace que tambi\u00e9n se conozca\u201d, manifest\u00f3.<\/p>\n<p>La cita entonces es para el pr\u00f3ximo 26 de octubre, en el Teatro del Liceo Roberto Humeres. La entrada en tanto, tendr\u00e1 un valor de 2 mil pesos.<\/p>\n<p>&nbsp;<\/p>\n","protected":false},"excerpt":{"rendered":"<p>Para el pr\u00f3ximo 26 de octubre, a las 19.00 horas, en el Teatro del Liceo Roberto Humeres de San Felipe, est\u00e1 contemplada la realizaci\u00f3n del evento denominado \u2018M\u00edster Gay Aconcagua\u2019, actividad a&#8230;<\/p>\n","protected":false},"author":482,"featured_media":38740,"comment_status":"open","ping_status":"closed","sticky":false,"template":"","format":"standard","meta":{"advanced_seo_description":"","jetpack_seo_html_title":"","jetpack_seo_noindex":false,"_jetpack_memberships_contains_paid_content":false,"footnotes":""},"categories":[15],"tags":[],"class_list":["post-38739","post","type-post","status-publish","format-standard","has-post-thumbnail","hentry","category-comunidad"],"jetpack_featured_media_url":"https:\/\/i0.wp.com\/eltrabajo.cl\/portal\/wp-content\/uploads\/2013\/10\/michelle-letelier.jpg?fit=528%2C396&ssl=1","jetpack_sharing_enabled":true,"jetpack_likes_enabled":true,"jetpack-related-posts":[],"_links":{"self":[{"href":"https:\/\/eltrabajo.cl\/portal\/wp-json\/wp\/v2\/posts\/38739","targetHints":{"allow":["GET"]}}],"collection":[{"href":"https:\/\/eltrabajo.cl\/portal\/wp-json\/wp\/v2\/posts"}],"about":[{"href":"https:\/\/eltrabajo.cl\/portal\/wp-json\/wp\/v2\/types\/post"}],"author":[{"embeddable":true,"href":"https:\/\/eltrabajo.cl\/portal\/wp-json\/wp\/v2\/users\/482"}],"replies":[{"embeddable":true,"href":"https:\/\/eltrabajo.cl\/portal\/wp-json\/wp\/v2\/comments?post=38739"}],"version-history":[{"count":0,"href":"https:\/\/eltrabajo.cl\/portal\/wp-json\/wp\/v2\/posts\/38739\/revisions"}],"wp:featuredmedia":[{"embeddable":true,"href":"https:\/\/eltrabajo.cl\/portal\/wp-json\/wp\/v2\/media\/38740"}],"wp:attachment":[{"href":"https:\/\/eltrabajo.cl\/portal\/wp-json\/wp\/v2\/media?parent=38739"}],"wp:term":[{"taxonomy":"category","embeddable":true,"href":"https:\/\/eltrabajo.cl\/portal\/wp-json\/wp\/v2\/categories?post=38739"},{"taxonomy":"post_tag","embeddable":true,"href":"https:\/\/eltrabajo.cl\/portal\/wp-json\/wp\/v2\/tags?post=38739"}],"curies":[{"name":"wp","href":"https:\/\/api.w.org\/{rel}","templated":true}]}}