{"id":38742,"date":"2013-10-16T09:44:55","date_gmt":"2013-10-16T12:44:55","guid":{"rendered":"http:\/\/www.eltrabajo.cl\/portal\/?p=38742"},"modified":"2013-10-16T09:44:55","modified_gmt":"2013-10-16T12:44:55","slug":"popular-carniceria-el-manchao-cierra-sus-puertas-temporalmente","status":"publish","type":"post","link":"https:\/\/eltrabajo.cl\/portal\/popular-carniceria-el-manchao-cierra-sus-puertas-temporalmente\/","title":{"rendered":"Popular Carnicer\u00eda \u2018El Manchao\u2019 cierra sus puertas temporalmente"},"content":{"rendered":"<figure id=\"attachment_38743\" aria-describedby=\"caption-attachment-38743\" style=\"width: 529px\" class=\"wp-caption alignnone\"><a href=\"https:\/\/i0.wp.com\/www.eltrabajo.cl\/portal\/wp-content\/uploads\/2013\/10\/manchao.jpg\"><img data-recalc-dims=\"1\" loading=\"lazy\" decoding=\"async\" class=\"size-full wp-image-38743\" title=\"Una completa remodelaci\u00f3n se est\u00e1 llevando adelante en la Carnicer\u00eda \u2018El Manchao\u2019 de Putaendo.\" alt=\"Una completa remodelaci\u00f3n se est\u00e1 llevando adelante en la Carnicer\u00eda \u2018El Manchao\u2019 de Putaendo.\" src=\"https:\/\/i0.wp.com\/www.eltrabajo.cl\/portal\/wp-content\/uploads\/2013\/10\/manchao.jpg?resize=529%2C353\" width=\"529\" height=\"353\" srcset=\"https:\/\/i0.wp.com\/eltrabajo.cl\/portal\/wp-content\/uploads\/2013\/10\/manchao.jpg?w=529&amp;ssl=1 529w, https:\/\/i0.wp.com\/eltrabajo.cl\/portal\/wp-content\/uploads\/2013\/10\/manchao.jpg?resize=200%2C133&amp;ssl=1 200w, https:\/\/i0.wp.com\/eltrabajo.cl\/portal\/wp-content\/uploads\/2013\/10\/manchao.jpg?resize=300%2C200&amp;ssl=1 300w, https:\/\/i0.wp.com\/eltrabajo.cl\/portal\/wp-content\/uploads\/2013\/10\/manchao.jpg?resize=150%2C100&amp;ssl=1 150w, https:\/\/i0.wp.com\/eltrabajo.cl\/portal\/wp-content\/uploads\/2013\/10\/manchao.jpg?resize=400%2C266&amp;ssl=1 400w\" sizes=\"auto, (max-width: 529px) 100vw, 529px\" \/><\/a><figcaption id=\"caption-attachment-38743\" class=\"wp-caption-text\">Una completa remodelaci\u00f3n se est\u00e1 llevando adelante en la Carnicer\u00eda \u2018El Manchao\u2019 de Putaendo.<\/figcaption><\/figure>\n<p><strong>PUTAENDO.<\/strong>&#8211; La popular Carnicer\u00eda \u2018El Manchao\u2019, de propiedad de H\u00e9ctor Calder\u00f3n, cerr\u00f3 sus puertas temporalmente por una obligada modernizaci\u00f3n<\/p>\n<p>luego de m\u00e1s de 50 a\u00f1os de funcionamiento ininterrumpido.<\/p>\n<p>Son varios los clientes, vecinos y amigos a quienes desde hace un par de semanas les ha llamado la atenci\u00f3n que la Carnicer\u00eda El Manchao se encuentra cerrada y solo un peque\u00f1o letrero indica \u201cCerrado por remodelaciones.\u201d<\/p>\n<p>En la intimidad de su hogar, don H\u00e9ctor Calder\u00f3n recibi\u00f3 a Diario El Trabajo y junto a su familia nos indic\u00f3 que el cierre obedece a nuevas exigencias por parte de la Autoridad Sanitaria, quien les otorg\u00f3 plazo hasta el 30 de septiembre para realizar varias mejoras, lo que llev\u00f3 a que cerraran las puertas del local para cumplir con las normas, esperando reabrir sus puertas a m\u00e1s tardar en la primera quincena de noviembre.<\/p>\n<p>Alejandro Meza se\u00f1al\u00f3 que es importante dejar en claro que en los 50 a\u00f1os que don H\u00e9ctor lleva produciendo carne de cerdo, jam\u00e1s ha tenido un parte o una indicaci\u00f3n sanitaria y que hoy este negocio artesanal se debe convertir, en la parte estructural, en un local moderno, por lo cual est\u00e1n trabajando para cumplir con las exigencias pedidas.<\/p>\n<p>La familia de don H\u00e9ctor se\u00f1al\u00f3 que la modernizaci\u00f3n del local tambi\u00e9n es un hecho positivo, por lo que habr\u00e1 un nuevo local, m\u00e1s moderno, con mayor equipamiento y tecnolog\u00eda, pero que sin lugar a dudas la tradicional calidad de los productos de \u2018El Manchao\u2019 seguir\u00e1 siendo la de siempre, la que por m\u00e1s de 50 a\u00f1os lo ha hecho famoso en la provincia, la regi\u00f3n y el pa\u00eds.<\/p>\n<p>Patricio Gallardo M.<\/p>\n<p>&nbsp;<\/p>\n","protected":false},"excerpt":{"rendered":"<p>PUTAENDO.&#8211; La popular Carnicer\u00eda \u2018El Manchao\u2019, de propiedad de H\u00e9ctor Calder\u00f3n, cerr\u00f3 sus puertas temporalmente por una obligada modernizaci\u00f3n luego de m\u00e1s de 50 a\u00f1os de funcionamiento ininterrumpido. Son varios los clientes,&#8230;<\/p>\n","protected":false},"author":482,"featured_media":38743,"comment_status":"open","ping_status":"closed","sticky":false,"template":"","format":"standard","meta":{"advanced_seo_description":"","jetpack_seo_html_title":"","jetpack_seo_noindex":false,"_jetpack_memberships_contains_paid_content":false,"footnotes":""},"categories":[15],"tags":[],"class_list":["post-38742","post","type-post","status-publish","format-standard","has-post-thumbnail","hentry","category-comunidad"],"jetpack_featured_media_url":"https:\/\/i0.wp.com\/eltrabajo.cl\/portal\/wp-content\/uploads\/2013\/10\/manchao.jpg?fit=529%2C353&ssl=1","jetpack_sharing_enabled":true,"jetpack_likes_enabled":true,"jetpack-related-posts":[],"_links":{"self":[{"href":"https:\/\/eltrabajo.cl\/portal\/wp-json\/wp\/v2\/posts\/38742","targetHints":{"allow":["GET"]}}],"collection":[{"href":"https:\/\/eltrabajo.cl\/portal\/wp-json\/wp\/v2\/posts"}],"about":[{"href":"https:\/\/eltrabajo.cl\/portal\/wp-json\/wp\/v2\/types\/post"}],"author":[{"embeddable":true,"href":"https:\/\/eltrabajo.cl\/portal\/wp-json\/wp\/v2\/users\/482"}],"replies":[{"embeddable":true,"href":"https:\/\/eltrabajo.cl\/portal\/wp-json\/wp\/v2\/comments?post=38742"}],"version-history":[{"count":0,"href":"https:\/\/eltrabajo.cl\/portal\/wp-json\/wp\/v2\/posts\/38742\/revisions"}],"wp:featuredmedia":[{"embeddable":true,"href":"https:\/\/eltrabajo.cl\/portal\/wp-json\/wp\/v2\/media\/38743"}],"wp:attachment":[{"href":"https:\/\/eltrabajo.cl\/portal\/wp-json\/wp\/v2\/media?parent=38742"}],"wp:term":[{"taxonomy":"category","embeddable":true,"href":"https:\/\/eltrabajo.cl\/portal\/wp-json\/wp\/v2\/categories?post=38742"},{"taxonomy":"post_tag","embeddable":true,"href":"https:\/\/eltrabajo.cl\/portal\/wp-json\/wp\/v2\/tags?post=38742"}],"curies":[{"name":"wp","href":"https:\/\/api.w.org\/{rel}","templated":true}]}}