{"id":38771,"date":"2013-10-17T09:45:10","date_gmt":"2013-10-17T12:45:10","guid":{"rendered":"http:\/\/www.eltrabajo.cl\/portal\/?p=38771"},"modified":"2013-10-17T09:45:10","modified_gmt":"2013-10-17T12:45:10","slug":"educadoras-de-integra-piden-comprension-por-lo-prolongado-del-paro","status":"publish","type":"post","link":"https:\/\/eltrabajo.cl\/portal\/educadoras-de-integra-piden-comprension-por-lo-prolongado-del-paro\/","title":{"rendered":"Educadoras de Integra piden comprensi\u00f3n por lo prolongado del paro"},"content":{"rendered":"<figure id=\"attachment_38772\" aria-describedby=\"caption-attachment-38772\" style=\"width: 529px\" class=\"wp-caption alignnone\"><a href=\"https:\/\/i0.wp.com\/www.eltrabajo.cl\/portal\/wp-content\/uploads\/2013\/10\/baile-entretenido.jpg\"><img data-recalc-dims=\"1\" loading=\"lazy\" decoding=\"async\" class=\"size-full wp-image-38772\" title=\"Para distraerse un poco, luego de tantos d\u00edas de paro, las educadoras y auxiliares realizaron una sesi\u00f3n de baile entretenido en la Plaza.\" alt=\"Para distraerse un poco, luego de tantos d\u00edas de paro, las educadoras y auxiliares realizaron una sesi\u00f3n de baile entretenido en la Plaza.\" src=\"https:\/\/i0.wp.com\/www.eltrabajo.cl\/portal\/wp-content\/uploads\/2013\/10\/baile-entretenido.jpg?resize=529%2C323\" width=\"529\" height=\"323\" srcset=\"https:\/\/i0.wp.com\/eltrabajo.cl\/portal\/wp-content\/uploads\/2013\/10\/baile-entretenido.jpg?w=529&amp;ssl=1 529w, https:\/\/i0.wp.com\/eltrabajo.cl\/portal\/wp-content\/uploads\/2013\/10\/baile-entretenido.jpg?resize=200%2C122&amp;ssl=1 200w, https:\/\/i0.wp.com\/eltrabajo.cl\/portal\/wp-content\/uploads\/2013\/10\/baile-entretenido.jpg?resize=300%2C183&amp;ssl=1 300w, https:\/\/i0.wp.com\/eltrabajo.cl\/portal\/wp-content\/uploads\/2013\/10\/baile-entretenido.jpg?resize=150%2C91&amp;ssl=1 150w, https:\/\/i0.wp.com\/eltrabajo.cl\/portal\/wp-content\/uploads\/2013\/10\/baile-entretenido.jpg?resize=400%2C244&amp;ssl=1 400w\" sizes=\"auto, (max-width: 529px) 100vw, 529px\" \/><\/a><figcaption id=\"caption-attachment-38772\" class=\"wp-caption-text\">Para distraerse un poco, luego de tantos d\u00edas de paro, las educadoras y auxiliares realizaron una sesi\u00f3n de baile entretenido en la Plaza.<\/figcaption><\/figure>\n<p>Un llamado a la comprensi\u00f3n y a seguir teniendo paciencia formularon las t\u00edas y t\u00edos de la Fundaci\u00f3n Integra, que ayer completaron 15 d\u00edas de paro, exigiendo mejoras laborales y salariales.<\/p>\n<p>Las educadoras realizaron una actividad en la Plaza de Armas de San Felipe, donde hicieron pinta caritas a los ni\u00f1os que llegaron, as\u00ed como una hora de baile entretenido. Todo ello con la finalidad de llamar la atenci\u00f3n de los vecinos y seguramente, lograr su apoyo y solidaridad con el movimiento que llevan adelante.<\/p>\n<p>Este viernes se cumplen 22 a\u00f1os de la creaci\u00f3n de la fundaci\u00f3n y las educadoras lamentan que esta fecha se conmemore en medio de un paro que ellas consideran hist\u00f3rico.<\/p>\n<p>Viviana Mart\u00ednez es directora del Jard\u00edn Infantil Cristal de San Esteban y seg\u00fan se\u00f1al\u00f3, \u201cnosotras por primera vez en la historia de la fundaci\u00f3n llevamos tanto tiempo peleando por nuestros derechos, por lo que consideramos que es justo; siempre lo hemos hecho, pero con un perfil muy bajo, de una manera pac\u00edfica y trabajando, para no interrumpir la labor que hacemos con los ni\u00f1os y ni\u00f1as, porque sabemos que afecta a muchas familias\u201d.<\/p>\n<p>La profesional manifest\u00f3 que a prop\u00f3sito de este paro de actividades, son m\u00e1s de dos mil las familias que se ven afectadas por el paro, \u201cpero llevamos 22 a\u00f1os de una labor de mucho sacrificio, sin que nadie nos escuche las reales necesidades que tenemos\u201d.<\/p>\n<p>Fundaci\u00f3n Integra trabaja con los ni\u00f1os pertenecientes a las familias m\u00e1s vulnerables, muchas de las cuales son monoparentales y por ende el \u00fanico sustento de sus hijos, por lo que este paro las est\u00e1 afectando sobremanera en sus fuentes laborales, ya que han debido pedir permiso para faltar a su trabajo al no tener con qui\u00e9n dejar a sus ni\u00f1os.<\/p>\n<p>Al entregar un mensaje a estas familias y en particular a los apoderados y apoderadas de los jardines de la fundaci\u00f3n, Viviana Mart\u00ednez manifest\u00f3 que \u201cles pedimos que nos apoyen, porque si bien es cierto se ha hablado mucho acerca de las condiciones laborales y los reajustes de sueldos que estamos pidiendo, tambi\u00e9n hay un asunto muy importante y que atraviesa la educaci\u00f3n parvularia en general: el Decreto 115, por ello tambi\u00e9n estamos luchando\u201d.<\/p>\n<p>El Decreto 115 fija el n\u00famero de ni\u00f1os por sala y a cargo de las distintas educadoras. \u201cSi tenemos m\u00e1s ni\u00f1os por sala, con la misma cantidad de t\u00edas que tenemos, no podremos entregar una educaci\u00f3n de calidad, que es lo que las familias en estos momentos a nosotros nos est\u00e1n exigiendo\u201d, manifest\u00f3 la profesional.<\/p>\n<p>Explic\u00f3 que las familias y apoderados de Integra desean que los ni\u00f1os aprendan y salgan bien preparados para ingresar de mejor manera a los colegios, y asegur\u00f3 que \u201ceso no lo vamos a conseguir si hay muchos ni\u00f1os por t\u00eda en las salas\u201d.<\/p>\n","protected":false},"excerpt":{"rendered":"<p>Un llamado a la comprensi\u00f3n y a seguir teniendo paciencia formularon las t\u00edas y t\u00edos de la Fundaci\u00f3n Integra, que ayer completaron 15 d\u00edas de paro, exigiendo mejoras laborales y salariales. Las&#8230;<\/p>\n","protected":false},"author":482,"featured_media":38772,"comment_status":"open","ping_status":"closed","sticky":false,"template":"","format":"standard","meta":{"advanced_seo_description":"","jetpack_seo_html_title":"","jetpack_seo_noindex":false,"_jetpack_memberships_contains_paid_content":false,"footnotes":""},"categories":[15],"tags":[],"class_list":["post-38771","post","type-post","status-publish","format-standard","has-post-thumbnail","hentry","category-comunidad"],"jetpack_featured_media_url":"https:\/\/i0.wp.com\/eltrabajo.cl\/portal\/wp-content\/uploads\/2013\/10\/baile-entretenido.jpg?fit=529%2C323&ssl=1","jetpack_sharing_enabled":true,"jetpack_likes_enabled":true,"jetpack-related-posts":[],"_links":{"self":[{"href":"https:\/\/eltrabajo.cl\/portal\/wp-json\/wp\/v2\/posts\/38771","targetHints":{"allow":["GET"]}}],"collection":[{"href":"https:\/\/eltrabajo.cl\/portal\/wp-json\/wp\/v2\/posts"}],"about":[{"href":"https:\/\/eltrabajo.cl\/portal\/wp-json\/wp\/v2\/types\/post"}],"author":[{"embeddable":true,"href":"https:\/\/eltrabajo.cl\/portal\/wp-json\/wp\/v2\/users\/482"}],"replies":[{"embeddable":true,"href":"https:\/\/eltrabajo.cl\/portal\/wp-json\/wp\/v2\/comments?post=38771"}],"version-history":[{"count":0,"href":"https:\/\/eltrabajo.cl\/portal\/wp-json\/wp\/v2\/posts\/38771\/revisions"}],"wp:featuredmedia":[{"embeddable":true,"href":"https:\/\/eltrabajo.cl\/portal\/wp-json\/wp\/v2\/media\/38772"}],"wp:attachment":[{"href":"https:\/\/eltrabajo.cl\/portal\/wp-json\/wp\/v2\/media?parent=38771"}],"wp:term":[{"taxonomy":"category","embeddable":true,"href":"https:\/\/eltrabajo.cl\/portal\/wp-json\/wp\/v2\/categories?post=38771"},{"taxonomy":"post_tag","embeddable":true,"href":"https:\/\/eltrabajo.cl\/portal\/wp-json\/wp\/v2\/tags?post=38771"}],"curies":[{"name":"wp","href":"https:\/\/api.w.org\/{rel}","templated":true}]}}