{"id":38786,"date":"2013-10-17T09:54:11","date_gmt":"2013-10-17T12:54:11","guid":{"rendered":"http:\/\/www.eltrabajo.cl\/portal\/?p=38786"},"modified":"2013-10-17T09:54:11","modified_gmt":"2013-10-17T12:54:11","slug":"hoy-tampoco-atienden-los-municipios-por-paro-de-48-horas-de-sus-funcionarios","status":"publish","type":"post","link":"https:\/\/eltrabajo.cl\/portal\/hoy-tampoco-atienden-los-municipios-por-paro-de-48-horas-de-sus-funcionarios\/","title":{"rendered":"Hoy tampoco atienden los municipios por paro de 48 horas de sus funcionarios"},"content":{"rendered":"<figure id=\"attachment_38787\" aria-describedby=\"caption-attachment-38787\" style=\"width: 529px\" class=\"wp-caption alignnone\"><a href=\"https:\/\/i0.wp.com\/www.eltrabajo.cl\/portal\/wp-content\/uploads\/2013\/10\/muni-movilizado1.jpg\"><img data-recalc-dims=\"1\" loading=\"lazy\" decoding=\"async\" class=\"size-full wp-image-38787\" title=\"En Los Andes reiteraron que si no hay respuesta del Gobierno, el lunes iniciar\u00e1n paro indefinido.\" alt=\"En Los Andes reiteraron que si no hay respuesta del Gobierno, el lunes iniciar\u00e1n paro indefinido.\" src=\"https:\/\/i0.wp.com\/www.eltrabajo.cl\/portal\/wp-content\/uploads\/2013\/10\/muni-movilizado1.jpg?resize=529%2C353\" width=\"529\" height=\"353\" srcset=\"https:\/\/i0.wp.com\/eltrabajo.cl\/portal\/wp-content\/uploads\/2013\/10\/muni-movilizado1.jpg?w=529&amp;ssl=1 529w, https:\/\/i0.wp.com\/eltrabajo.cl\/portal\/wp-content\/uploads\/2013\/10\/muni-movilizado1.jpg?resize=200%2C133&amp;ssl=1 200w, https:\/\/i0.wp.com\/eltrabajo.cl\/portal\/wp-content\/uploads\/2013\/10\/muni-movilizado1.jpg?resize=300%2C200&amp;ssl=1 300w, https:\/\/i0.wp.com\/eltrabajo.cl\/portal\/wp-content\/uploads\/2013\/10\/muni-movilizado1.jpg?resize=150%2C100&amp;ssl=1 150w, https:\/\/i0.wp.com\/eltrabajo.cl\/portal\/wp-content\/uploads\/2013\/10\/muni-movilizado1.jpg?resize=400%2C266&amp;ssl=1 400w\" sizes=\"auto, (max-width: 529px) 100vw, 529px\" \/><\/a><figcaption id=\"caption-attachment-38787\" class=\"wp-caption-text\">En Los Andes reiteraron que si no hay respuesta del Gobierno, el lunes iniciar\u00e1n paro indefinido.<\/figcaption><\/figure>\n<p>Sin atenci\u00f3n de p\u00fablico se encuentran desde ayer, los municipios del valle de Aconcagua y el pa\u00eds, debido al paro de 48 horas de sus funcionarios, quienes demandan una serie de reivindicaciones laborales, aseverando que de no tener respuesta de parte del Gobierno antes del fin de semana, iniciar\u00e1n el lunes 21 de octubre un paro indefinido.<\/p>\n<p>Son cuatro los puntos principales del petitorio de ASEMUCH, y corresponden a la homologaci\u00f3n de la asignaci\u00f3n por el Programa de Mejoramiento de la Gesti\u00f3n Municipal, respecto de la administraci\u00f3n centralizada; soluci\u00f3n al tema del incremento previsional; asignaci\u00f3n previsional, t\u00e9cnica y de responsabilidad; as\u00ed como readecuaci\u00f3n de las plantas municipales, que se encuentran congeladas desde el a\u00f1o 1994.<\/p>\n<p>\u201cLas bases de la ASEMUCH votaron un paro de advertencia por 48 horas, en atenci\u00f3n a cuatro temas que son de gran importancia para nosotros y que le hemos pedido al gobierno que se pronuncie, situaci\u00f3n que a\u00fan no ocurre\u201d, se\u00f1al\u00f3 Vladimir Tapia, presidente de Asemuch San Felipe.<\/p>\n<p>Respecto de la homologaci\u00f3n de la asignaci\u00f3n por PMGM (Programa de Mejoramiento de la Gesti\u00f3n Municipal), se\u00f1al\u00f3 que en el caso de los funcionarios de ministerios, perciben una bonificaci\u00f3n del 30 por ciento, mientras que en el caso de los municipales se establece solo un 10 por ciento. \u201cEn ese contexto estamos frente a una desigualdad importante, en la cual los funcionarios por ya varios a\u00f1os estamos pidiendo que se iguale, pero el tema no se resuelve\u201d, explic\u00f3 Tapia.<\/p>\n<p>En lo relativo al incremento previsional, dijo que \u201ces una situaci\u00f3n surgida a prop\u00f3sito de un dictamen de la Contralor\u00eda, que se\u00f1ala que se debe entregar una bonificaci\u00f3n a los funcionarios municipales, referente al da\u00f1o previsional, pero que posteriormente lo desdijo, a trav\u00e9s de otro dictamen. El problema es que se definieron funcionarios de dos categor\u00edas, ya que hay municipios que est\u00e1n pagando por ese concepto y otros no\u201d.<\/p>\n<p>En lo referido a la readecuaci\u00f3n de las plantas municipales, el dirigente manifest\u00f3 que \u201chace veinte a\u00f1os que no son modificadas, sin embargo las tareas de los funcionarios han ido in crescendo. Nosotros somos el brazo ejecutor de todas las pol\u00edticas sociales del Estado, lo cual significa tambi\u00e9n una importante cantidad de recursos humanos y en los municipios se mantiene actualmente una pol\u00edtica de incorporar funcionarios a contrata y a honorarios, pero no as\u00ed a la planta, que se mantiene intacta\u201d.<\/p>\n<p>Vladimir Tapia reiter\u00f3 que este es un paro de advertencia y de no haber respuesta de parte del Gobierno, ya se ha resuelto iniciar un paro indefinido a contar del pr\u00f3ximo lunes 21 de octubre.<\/p>\n<p>&nbsp;<\/p>\n<p><strong>EN LOS ANDES<\/strong><\/p>\n<p>En tanto, el Presidente de la Asociaci\u00f3n de Funcionarios Municipales de Los Andes, Marcelo Figueroa, se\u00f1al\u00f3 que esperan que el gobierno se sensibilice frente a sus demandas y se siente a dialogar con propuestas concretas.<\/p>\n<p>En esta primera jornada los municipales andinos marcharon por el centro de la ciudad y llegaron hasta la gobernaci\u00f3n para expresar su malestar con el ejecutivo.<\/p>\n<p>Figueroa indic\u00f3 que quieren que durante esta administraci\u00f3n se legislen proyectos de leyes que permitan mejorar sus condiciones laborales: \u00abEsperamos que de aqu\u00ed al s\u00e1bado se pueda dialogar con cosas concretas y no con mesas o comisiones que nacen muertas, o de lo contrario realizaremos el paro indefinido\u00bb.<\/p>\n<p>&nbsp;<\/p>\n","protected":false},"excerpt":{"rendered":"<p>Sin atenci\u00f3n de p\u00fablico se encuentran desde ayer, los municipios del valle de Aconcagua y el pa\u00eds, debido al paro de 48 horas de sus funcionarios, quienes demandan una serie de reivindicaciones&#8230;<\/p>\n","protected":false},"author":482,"featured_media":38787,"comment_status":"open","ping_status":"closed","sticky":false,"template":"","format":"standard","meta":{"advanced_seo_description":"","jetpack_seo_html_title":"","jetpack_seo_noindex":false,"_jetpack_memberships_contains_paid_content":false,"footnotes":""},"categories":[15],"tags":[],"class_list":["post-38786","post","type-post","status-publish","format-standard","has-post-thumbnail","hentry","category-comunidad"],"jetpack_featured_media_url":"https:\/\/i0.wp.com\/eltrabajo.cl\/portal\/wp-content\/uploads\/2013\/10\/muni-movilizado1.jpg?fit=529%2C353&ssl=1","jetpack_sharing_enabled":true,"jetpack_likes_enabled":true,"jetpack-related-posts":[],"_links":{"self":[{"href":"https:\/\/eltrabajo.cl\/portal\/wp-json\/wp\/v2\/posts\/38786","targetHints":{"allow":["GET"]}}],"collection":[{"href":"https:\/\/eltrabajo.cl\/portal\/wp-json\/wp\/v2\/posts"}],"about":[{"href":"https:\/\/eltrabajo.cl\/portal\/wp-json\/wp\/v2\/types\/post"}],"author":[{"embeddable":true,"href":"https:\/\/eltrabajo.cl\/portal\/wp-json\/wp\/v2\/users\/482"}],"replies":[{"embeddable":true,"href":"https:\/\/eltrabajo.cl\/portal\/wp-json\/wp\/v2\/comments?post=38786"}],"version-history":[{"count":0,"href":"https:\/\/eltrabajo.cl\/portal\/wp-json\/wp\/v2\/posts\/38786\/revisions"}],"wp:featuredmedia":[{"embeddable":true,"href":"https:\/\/eltrabajo.cl\/portal\/wp-json\/wp\/v2\/media\/38787"}],"wp:attachment":[{"href":"https:\/\/eltrabajo.cl\/portal\/wp-json\/wp\/v2\/media?parent=38786"}],"wp:term":[{"taxonomy":"category","embeddable":true,"href":"https:\/\/eltrabajo.cl\/portal\/wp-json\/wp\/v2\/categories?post=38786"},{"taxonomy":"post_tag","embeddable":true,"href":"https:\/\/eltrabajo.cl\/portal\/wp-json\/wp\/v2\/tags?post=38786"}],"curies":[{"name":"wp","href":"https:\/\/api.w.org\/{rel}","templated":true}]}}