{"id":38821,"date":"2013-10-18T09:40:01","date_gmt":"2013-10-18T12:40:01","guid":{"rendered":"http:\/\/www.eltrabajo.cl\/portal\/?p=38821"},"modified":"2013-10-18T09:40:01","modified_gmt":"2013-10-18T12:40:01","slug":"desborde-de-canalon-genera-anegamiento-de-villa-250-anos-en-san-felipe","status":"publish","type":"post","link":"https:\/\/eltrabajo.cl\/portal\/desborde-de-canalon-genera-anegamiento-de-villa-250-anos-en-san-felipe\/","title":{"rendered":"Desborde de canal\u00f3n genera anegamiento de Villa 250 A\u00f1os en San Felipe"},"content":{"rendered":"<figure id=\"attachment_38822\" aria-describedby=\"caption-attachment-38822\" style=\"width: 529px\" class=\"wp-caption alignnone\"><a href=\"https:\/\/i0.wp.com\/www.eltrabajo.cl\/portal\/wp-content\/uploads\/2013\/10\/compuerta1.jpg\"><img data-recalc-dims=\"1\" loading=\"lazy\" decoding=\"async\" class=\"size-full wp-image-38822\" title=\"La compuerta lateral es la que fue cerrada -quien sabe por qui\u00e9n- y produjo el desborde del canal\u00f3n.\" alt=\"La compuerta lateral es la que fue cerrada -quien sabe por qui\u00e9n- y produjo el desborde del canal\u00f3n.\" src=\"https:\/\/i0.wp.com\/www.eltrabajo.cl\/portal\/wp-content\/uploads\/2013\/10\/compuerta1.jpg?resize=529%2C353\" width=\"529\" height=\"353\" srcset=\"https:\/\/i0.wp.com\/eltrabajo.cl\/portal\/wp-content\/uploads\/2013\/10\/compuerta1.jpg?w=529&amp;ssl=1 529w, https:\/\/i0.wp.com\/eltrabajo.cl\/portal\/wp-content\/uploads\/2013\/10\/compuerta1.jpg?resize=200%2C133&amp;ssl=1 200w, https:\/\/i0.wp.com\/eltrabajo.cl\/portal\/wp-content\/uploads\/2013\/10\/compuerta1.jpg?resize=300%2C200&amp;ssl=1 300w, https:\/\/i0.wp.com\/eltrabajo.cl\/portal\/wp-content\/uploads\/2013\/10\/compuerta1.jpg?resize=150%2C100&amp;ssl=1 150w, https:\/\/i0.wp.com\/eltrabajo.cl\/portal\/wp-content\/uploads\/2013\/10\/compuerta1.jpg?resize=400%2C266&amp;ssl=1 400w\" sizes=\"auto, (max-width: 529px) 100vw, 529px\" \/><\/a><figcaption id=\"caption-attachment-38822\" class=\"wp-caption-text\">La compuerta lateral es la que fue cerrada -quien sabe por qui\u00e9n- y produjo el desborde del canal\u00f3n.<\/figcaption><\/figure>\n<p>Mientras los vecinos amenazaban con destruir el canal\u00f3n de no haber prontas soluciones, el Director de Obras Hidr\u00e1ulicas comprometi\u00f3 trabajos de seguridad, as\u00ed como levantamiento de un terrapl\u00e9n.<\/p>\n<p>Bastantes dificultades se vivieron desde muy temprano, en la madrugada, en la Villa 250 A\u00f1os de San Felipe, luego que sus calles y pasajes resultaran anegados producto del desborde del canal\u00f3n, que tal como inform\u00e1ramos ayer, llevaba gran cantidad de agua producto de los deshielos, siendo cerrada por desconocidos la compuerta justo a la altura de este populoso sector.<\/p>\n<p>El desborde se produjo a eso de las 05.00 horas, cuando los vecinos alertaron a personal municipal que r\u00e1pidamente se constituy\u00f3 en el lugar, solicitando el apoyo de Bomberos para romper los candados de las compuertas, las que hab\u00edan sido cerradas, produci\u00e9ndose un rebalse natural que deriv\u00f3 en el escurrimiento del agua hacia la poblaci\u00f3n.<\/p>\n<p>Una vez que se abrieron las compuertas, el agua comenz\u00f3 a circular hacia el r\u00edo, lo que permiti\u00f3 que dejara de ingresar hacia el sector poblacional, donde si bien se habl\u00f3 que el agua hab\u00eda ingresado a las casas, la dirigente poblacional Pamela Palma, aclar\u00f3 que hubo casos puntuales en que se anegaron solo los patios de viviendas, \u201cpero no hubo casas anegadas\u201d.<\/p>\n<p>El Alcalde de San Felipe manifest\u00f3 su preocupaci\u00f3n por lo ocurrido, cuestionando duramente a la Direcci\u00f3n de Obras Hidr\u00e1ulicas por la realizaci\u00f3n de esta multimillonaria obra, sin tomar las medidas de resguardo que permitan evitar emergencias como \u00e9sta.<\/p>\n<p>\u201cEstamos muy preocupados en terreno viendo este gran peligro que reviste este canal\u00f3n, sobre todo para este sector, no solamente la inundaci\u00f3n de la madrugada, sino lo que significa este canal\u00f3n abierto, donde viene con mucha fuerza el agua y los ni\u00f1os con estas temperaturas altas de verano se van a empezar a ba\u00f1ar. Esto es un peligro, si no se cierra o se hace algo distinto, no quiero pensar en lo que podr\u00eda ocurrir\u201d, dijo el Alcalde Freire.<\/p>\n<p>Pasadas las 08.00 horas lleg\u00f3 hasta el lugar la gobernadora provincial de San Felipe, quien a esas alturas ya hab\u00eda tomado contacto con el Director de Obras Hidr\u00e1ulicas, Christian V\u00e9liz, y con el Seremi de Obras P\u00fablicas, Pedro Sariego, comprometi\u00e9ndose la inmediata concurrencia del primero al lugar para determinar lo que hab\u00eda sucedido y buscar soluciones r\u00e1pidas.<\/p>\n<p>Fue as\u00ed como a eso de las 10.00 horas de la ma\u00f1ana, se hizo presente Christian V\u00e9liz, quien acompa\u00f1ado de un equipo t\u00e9cnico convers\u00f3 con la gobernadora y con la dirigente Pamela Palma, explic\u00e1ndoles el motivo de la presencia de agua en el canal\u00f3n, descartando que se tratara de agua de pozos, pero adem\u00e1s, anunciando medidas inmediatas para resolver los problemas que m\u00e1s acongojaban, como era la posibilidad de que volviera a desbordarse el canal y que producto de la falta de protecci\u00f3n de esta infraestructura, los ni\u00f1os ingresen a ba\u00f1arse con el consiguiente riesgo de ahogamiento u otro accidente.<\/p>\n<p>\u201cRecibimos a primera hora el llamado de la gobernadora y quisiera aclarar que la DOH no est\u00e1 haciendo operar los pozos de Curim\u00f3n, desde el 9 de mayo, de ning\u00fan pozo. El canal tampoco estaba autorizado ni apto para recibir agua. Esta agua corresponde a los deshielos y llega ac\u00e1 porque aguas arriba, la bocatoma del canal El Pueblo, construida artesanalmente por los canalistas del sector, no dio abasto a los deshielos y por lo tanto se rebals\u00f3, lo que deriv\u00f3 en el transporte de las aguas por este canal, sin la autorizaci\u00f3n previa de la DGA\u201d, se\u00f1al\u00f3 el director de Obras Hidr\u00e1ulicas.<\/p>\n<p>En este tenor, dijo que se han comunicado con los canalistas de El Pueblo para que resuelvan este problema. \u201cEl canal lo \u00fanico que hizo fue transportar el agua hasta este punto exacto, en donde como estaba la compuerta cerrada, ya que no estaba operando, para seguir aguas abajo, en tanto que la compuerta que es de rebalse estaba arriba, pero la bajaron y eso provoc\u00f3 el desborde del canal\u00f3n\u201d, manifest\u00f3.<\/p>\n<p>MEDIDAS<\/p>\n<p>Una de las primeras medidas adoptadas, corresponde a la colocaci\u00f3n de cadenas y candados en las compuertas, para que la compuerta que da hacia el r\u00edo se mantenga siempre abierta y evite que el agua rebalse en este punto, a la altura de la Villa 250 A\u00f1os, y as\u00ed no se produzcan nuevos desbordes.<\/p>\n<p>Una de las medidas m\u00e1s esperadas por los vecinos, corresponde a la implementaci\u00f3n de medidas de seguridad \u2013como la colocaci\u00f3n de una malla met\u00e1lica- para que los ni\u00f1os no ingresen al canal\u00f3n a jugar y ba\u00f1arse, y as\u00ed no se enfrenten a un accidente que puede derivar en una desgracia.<\/p>\n<p>Sobre esto, V\u00e9liz manifest\u00f3 que \u201cvamos a hacer algunas obras de resguardo, con la finalidad de impedir cualquier desgracia\u201d, sin aclarar cu\u00e1nto demorar\u00e1 la materializaci\u00f3n de esta medida, pero advirtiendo que \u201cmientras estas obras no est\u00e9n ejecutadas, no vamos a echar a andar los pozos de Curim\u00f3n\u201d.<\/p>\n<p>Otra de las medidas corresponde a la intervenci\u00f3n de la bocatoma del Canal El Pueblo, en concordancia con los canalistas y entendiendo que ellos debieran asumir esta responsabilidad.<\/p>\n<p>Asimismo se levantar\u00e1 el terrapl\u00e9n para reforzar la imposibilidad de que ante un rebalse, que no deber\u00eda volver a producirse en teor\u00eda, el agua no escurra a la poblaci\u00f3n.<\/p>\n<p>VECINOS<\/p>\n<p>En tanto, los vecinos de la Villa 250 A\u00f1os se encuentran en estado de alerta, ya que esperan que cuanto antes se concreten las medidas anunciadas por el Director Regional de Obras Hidr\u00e1ulicas, valorando eso s\u00ed la r\u00e1pida respuesta de las autoridades de Gobierno, que se constituyeron en el mismo lugar de la emergencia.<\/p>\n<p>Los vecinos estaban dispuestos incluso a destruir el canal\u00f3n de no tener respuesta de la autoridad.<\/p>\n<p>\u201cEst\u00e1bamos esperando una soluci\u00f3n, porque si no nos daban soluci\u00f3n ahora nosotros \u00edbamos a hacer tira el canal\u00f3n. Nos preocupan los ni\u00f1os, que se pueden ahogar si se siguen metiendo al estar abierto este canal\u00f3n, pero ahora nos preocupamos m\u00e1s porque se desbord\u00f3. Nos aseguraron que no vendr\u00e1 m\u00e1s agua por el canal\u00f3n, pero si baja mucha agua y se desborda de nuevo, se destruye el canal\u00f3n\u201d, advirti\u00f3 Pamela Palma.<\/p>\n<p>La dirigente manifest\u00f3 que en este sector hay cuatro poblaciones, donde abundan los ni\u00f1os, por lo que el riesgo es latente y esperan que cuanto antes se concreten estas medidas, pues insisten en que de volver a producirse una emergencia, ellos lisa y llanamente van a destruir esta obra.<\/p>\n<p>&nbsp;<\/p>\n","protected":false},"excerpt":{"rendered":"<p>Mientras los vecinos amenazaban con destruir el canal\u00f3n de no haber prontas soluciones, el Director de Obras Hidr\u00e1ulicas comprometi\u00f3 trabajos de seguridad, as\u00ed como levantamiento de un terrapl\u00e9n. Bastantes dificultades se vivieron&#8230;<\/p>\n","protected":false},"author":482,"featured_media":38822,"comment_status":"open","ping_status":"closed","sticky":false,"template":"","format":"standard","meta":{"advanced_seo_description":"","jetpack_seo_html_title":"","jetpack_seo_noindex":false,"_jetpack_memberships_contains_paid_content":false,"footnotes":""},"categories":[15],"tags":[],"class_list":["post-38821","post","type-post","status-publish","format-standard","has-post-thumbnail","hentry","category-comunidad"],"jetpack_featured_media_url":"https:\/\/i0.wp.com\/eltrabajo.cl\/portal\/wp-content\/uploads\/2013\/10\/compuerta1.jpg?fit=529%2C353&ssl=1","jetpack_sharing_enabled":true,"jetpack_likes_enabled":true,"jetpack-related-posts":[],"_links":{"self":[{"href":"https:\/\/eltrabajo.cl\/portal\/wp-json\/wp\/v2\/posts\/38821","targetHints":{"allow":["GET"]}}],"collection":[{"href":"https:\/\/eltrabajo.cl\/portal\/wp-json\/wp\/v2\/posts"}],"about":[{"href":"https:\/\/eltrabajo.cl\/portal\/wp-json\/wp\/v2\/types\/post"}],"author":[{"embeddable":true,"href":"https:\/\/eltrabajo.cl\/portal\/wp-json\/wp\/v2\/users\/482"}],"replies":[{"embeddable":true,"href":"https:\/\/eltrabajo.cl\/portal\/wp-json\/wp\/v2\/comments?post=38821"}],"version-history":[{"count":0,"href":"https:\/\/eltrabajo.cl\/portal\/wp-json\/wp\/v2\/posts\/38821\/revisions"}],"wp:featuredmedia":[{"embeddable":true,"href":"https:\/\/eltrabajo.cl\/portal\/wp-json\/wp\/v2\/media\/38822"}],"wp:attachment":[{"href":"https:\/\/eltrabajo.cl\/portal\/wp-json\/wp\/v2\/media?parent=38821"}],"wp:term":[{"taxonomy":"category","embeddable":true,"href":"https:\/\/eltrabajo.cl\/portal\/wp-json\/wp\/v2\/categories?post=38821"},{"taxonomy":"post_tag","embeddable":true,"href":"https:\/\/eltrabajo.cl\/portal\/wp-json\/wp\/v2\/tags?post=38821"}],"curies":[{"name":"wp","href":"https:\/\/api.w.org\/{rel}","templated":true}]}}