{"id":38837,"date":"2013-10-18T09:48:59","date_gmt":"2013-10-18T12:48:59","guid":{"rendered":"http:\/\/www.eltrabajo.cl\/portal\/?p=38837"},"modified":"2013-10-18T09:48:59","modified_gmt":"2013-10-18T12:48:59","slug":"bomberos-espera-pronto-pago-de-subvencion-para-poder-seguir-operando","status":"publish","type":"post","link":"https:\/\/eltrabajo.cl\/portal\/bomberos-espera-pronto-pago-de-subvencion-para-poder-seguir-operando\/","title":{"rendered":"Bomberos espera pronto pago de subvenci\u00f3n para poder seguir operando"},"content":{"rendered":"<figure id=\"attachment_38838\" aria-describedby=\"caption-attachment-38838\" style=\"width: 317px\" class=\"wp-caption alignleft\"><a href=\"https:\/\/i0.wp.com\/www.eltrabajo.cl\/portal\/wp-content\/uploads\/2013\/10\/superintendente-julio-hardoy.jpg\"><img data-recalc-dims=\"1\" loading=\"lazy\" decoding=\"async\" class=\" wp-image-38838 \" title=\"Julio Hardoy, Superintendente de Bomberos San Felipe.\" alt=\"Julio Hardoy, Superintendente de Bomberos San Felipe.\" src=\"https:\/\/i0.wp.com\/www.eltrabajo.cl\/portal\/wp-content\/uploads\/2013\/10\/superintendente-julio-hardoy.jpg?resize=317%2C201\" width=\"317\" height=\"201\" srcset=\"https:\/\/i0.wp.com\/eltrabajo.cl\/portal\/wp-content\/uploads\/2013\/10\/superintendente-julio-hardoy.jpg?w=528&amp;ssl=1 528w, https:\/\/i0.wp.com\/eltrabajo.cl\/portal\/wp-content\/uploads\/2013\/10\/superintendente-julio-hardoy.jpg?resize=200%2C126&amp;ssl=1 200w, https:\/\/i0.wp.com\/eltrabajo.cl\/portal\/wp-content\/uploads\/2013\/10\/superintendente-julio-hardoy.jpg?resize=300%2C190&amp;ssl=1 300w, https:\/\/i0.wp.com\/eltrabajo.cl\/portal\/wp-content\/uploads\/2013\/10\/superintendente-julio-hardoy.jpg?resize=150%2C95&amp;ssl=1 150w, https:\/\/i0.wp.com\/eltrabajo.cl\/portal\/wp-content\/uploads\/2013\/10\/superintendente-julio-hardoy.jpg?resize=400%2C253&amp;ssl=1 400w\" sizes=\"auto, (max-width: 317px) 100vw, 317px\" \/><\/a><figcaption id=\"caption-attachment-38838\" class=\"wp-caption-text\">Julio Hardoy, Superintendente de Bomberos San Felipe.<\/figcaption><\/figure>\n<p>Compleja es la situaci\u00f3n que vive Bomberos de San Felipe producto del retraso en el pago de la subvenci\u00f3n municipal de San Felipe, al punto que de no contar con esos dineros, la instituci\u00f3n solo podr\u00eda seguir operando hasta diciembre.<\/p>\n<p>As\u00ed al menos lo manifest\u00f3 el Superintendente de Bomberos Julio Hardoy, quien indic\u00f3 que actualmente se adeudan dineros correspondientes a subvenci\u00f3n del a\u00f1o 2012, la cual asciende a $17.000.000.- de los cuales s\u00f3lo se cancel\u00f3 una cuota, quedando un saldo pendiente actualmente de $14.166.666.-, y a ello se suma la subvenci\u00f3n de este a\u00f1o del cual tampoco se han percibido dineros.<\/p>\n<p>\u201cEsta situaci\u00f3n es grave -dijo Hardoy- ya que actualmente se han agotado todos los fondos de operaciones y de ingresos propios con que cont\u00e1bamos. Como el municipio se comprometi\u00f3 mediante documento oficial a entregarnos esa subvenci\u00f3n, nosotros la ingresamos al presupuesto y hoy registramos un d\u00e9ficit que nos significar\u00e1 no poder operar en diciembre pr\u00f3ximo, cuando experimentamos la mayor cantidad de llamados\u201d, dijo.<\/p>\n<p>Hardoy indic\u00f3 que \u201cse despach\u00f3 al se\u00f1or Alcalde Patricio Freire el oficio N\u00b069 fechado 17 de Octubre en el cual se oficializa \u00e9sta situaci\u00f3n. A nosotros como instituci\u00f3n no nos agrada llegar a estas instancias, pero no tenemos otra alternativa\u201d, concluy\u00f3.<\/p>\n<p>&nbsp;<\/p>\n<p>Alcalde Freire dijo que subvenci\u00f3n para bomberos ser\u00e1 pagada<\/p>\n<p>Luego de conversar, este jueves, con el Superintendente de Bomberos, el Alcalde Patricio Freire se\u00f1al\u00f3 que la situaci\u00f3n que plante\u00f3 la autoridad de bomberos a nivel local fue analizada y se acord\u00f3 entregar una soluci\u00f3n en los pr\u00f3ximos d\u00edas y as\u00ed dar por superado el impasse.<\/p>\n<p>El pago de esta subvenci\u00f3n, anteriormente se realizaba con un a\u00f1o de desfase y el Alcalde Freire se\u00f1al\u00f3 que en esta administraci\u00f3n alcaldicia se buscar\u00e1 la manera administrativa para solucionar la situaci\u00f3n, ya que esto se viene arrastrando desde el a\u00f1o 2012. Y agreg\u00f3 que, a su juicio, la forma de solucionar los problemas es dialogando en persona y no a trav\u00e9s de la prensa.<\/p>\n<p>De todas maneras, el jefe comunal expres\u00f3 que tras la conversaci\u00f3n con las autoridades de bomberos, se super\u00f3 el episodio y que ya se est\u00e1n realizando las acciones para entregar los dineros que tanto se necesitan y as\u00ed mantener este apoyo, destacando adem\u00e1s que este a\u00f1o el Concejo Municipal aument\u00f3 la subvenci\u00f3n para el Cuerpo de Bomberos de San Felipe a 20 millones de pesos.<\/p>\n<p>&nbsp;<\/p>\n","protected":false},"excerpt":{"rendered":"<p>Compleja es la situaci\u00f3n que vive Bomberos de San Felipe producto del retraso en el pago de la subvenci\u00f3n municipal de San Felipe, al punto que de no contar con esos dineros,&#8230;<\/p>\n","protected":false},"author":482,"featured_media":38838,"comment_status":"open","ping_status":"closed","sticky":false,"template":"","format":"standard","meta":{"advanced_seo_description":"","jetpack_seo_html_title":"","jetpack_seo_noindex":false,"_jetpack_memberships_contains_paid_content":false,"footnotes":""},"categories":[15],"tags":[],"class_list":["post-38837","post","type-post","status-publish","format-standard","has-post-thumbnail","hentry","category-comunidad"],"jetpack_featured_media_url":"https:\/\/i0.wp.com\/eltrabajo.cl\/portal\/wp-content\/uploads\/2013\/10\/superintendente-julio-hardoy.jpg?fit=528%2C335&ssl=1","jetpack_sharing_enabled":true,"jetpack_likes_enabled":true,"jetpack-related-posts":[],"_links":{"self":[{"href":"https:\/\/eltrabajo.cl\/portal\/wp-json\/wp\/v2\/posts\/38837","targetHints":{"allow":["GET"]}}],"collection":[{"href":"https:\/\/eltrabajo.cl\/portal\/wp-json\/wp\/v2\/posts"}],"about":[{"href":"https:\/\/eltrabajo.cl\/portal\/wp-json\/wp\/v2\/types\/post"}],"author":[{"embeddable":true,"href":"https:\/\/eltrabajo.cl\/portal\/wp-json\/wp\/v2\/users\/482"}],"replies":[{"embeddable":true,"href":"https:\/\/eltrabajo.cl\/portal\/wp-json\/wp\/v2\/comments?post=38837"}],"version-history":[{"count":0,"href":"https:\/\/eltrabajo.cl\/portal\/wp-json\/wp\/v2\/posts\/38837\/revisions"}],"wp:featuredmedia":[{"embeddable":true,"href":"https:\/\/eltrabajo.cl\/portal\/wp-json\/wp\/v2\/media\/38838"}],"wp:attachment":[{"href":"https:\/\/eltrabajo.cl\/portal\/wp-json\/wp\/v2\/media?parent=38837"}],"wp:term":[{"taxonomy":"category","embeddable":true,"href":"https:\/\/eltrabajo.cl\/portal\/wp-json\/wp\/v2\/categories?post=38837"},{"taxonomy":"post_tag","embeddable":true,"href":"https:\/\/eltrabajo.cl\/portal\/wp-json\/wp\/v2\/tags?post=38837"}],"curies":[{"name":"wp","href":"https:\/\/api.w.org\/{rel}","templated":true}]}}