{"id":38855,"date":"2013-10-21T09:41:41","date_gmt":"2013-10-21T12:41:41","guid":{"rendered":"http:\/\/www.eltrabajo.cl\/portal\/?p=38855"},"modified":"2013-10-21T09:41:41","modified_gmt":"2013-10-21T12:41:41","slug":"encuentro-de-bandas-escolares-volvio-en-gloria-y-majestad-a-putaendo","status":"publish","type":"post","link":"https:\/\/eltrabajo.cl\/portal\/encuentro-de-bandas-escolares-volvio-en-gloria-y-majestad-a-putaendo\/","title":{"rendered":"Encuentro de Bandas Escolares volvi\u00f3 en gloria y majestad a Putaendo"},"content":{"rendered":"<figure id=\"attachment_38856\" aria-describedby=\"caption-attachment-38856\" style=\"width: 529px\" class=\"wp-caption alignnone\"><a href=\"https:\/\/i0.wp.com\/www.eltrabajo.cl\/portal\/wp-content\/uploads\/2013\/10\/encuentro-de-bandas-b.jpg\"><img data-recalc-dims=\"1\" loading=\"lazy\" decoding=\"async\" class=\"size-full wp-image-38856\" title=\"El estadio de Putaendo se llen\u00f3 de alegr\u00eda y color este s\u00e1bado con el reencuentro de las bandas escolares. Al reanudarse la actividad, despu\u00e9s de estar varios a\u00f1os sin realizarse, los organizadores aprovecharon de reconocer a los participantes m\u00e1s destacados.\" alt=\"El estadio de Putaendo se llen\u00f3 de alegr\u00eda y color este s\u00e1bado con el reencuentro de las bandas escolares. Al reanudarse la actividad, despu\u00e9s de estar varios a\u00f1os sin realizarse, los organizadores aprovecharon de reconocer a los participantes m\u00e1s destacados.\" src=\"https:\/\/i0.wp.com\/www.eltrabajo.cl\/portal\/wp-content\/uploads\/2013\/10\/encuentro-de-bandas-b.jpg?resize=529%2C353\" width=\"529\" height=\"353\" srcset=\"https:\/\/i0.wp.com\/eltrabajo.cl\/portal\/wp-content\/uploads\/2013\/10\/encuentro-de-bandas-b.jpg?w=529&amp;ssl=1 529w, https:\/\/i0.wp.com\/eltrabajo.cl\/portal\/wp-content\/uploads\/2013\/10\/encuentro-de-bandas-b.jpg?resize=200%2C133&amp;ssl=1 200w, https:\/\/i0.wp.com\/eltrabajo.cl\/portal\/wp-content\/uploads\/2013\/10\/encuentro-de-bandas-b.jpg?resize=300%2C200&amp;ssl=1 300w, https:\/\/i0.wp.com\/eltrabajo.cl\/portal\/wp-content\/uploads\/2013\/10\/encuentro-de-bandas-b.jpg?resize=150%2C100&amp;ssl=1 150w, https:\/\/i0.wp.com\/eltrabajo.cl\/portal\/wp-content\/uploads\/2013\/10\/encuentro-de-bandas-b.jpg?resize=400%2C266&amp;ssl=1 400w\" sizes=\"auto, (max-width: 529px) 100vw, 529px\" \/><\/a><figcaption id=\"caption-attachment-38856\" class=\"wp-caption-text\">El estadio de Putaendo se llen\u00f3 de alegr\u00eda y color este s\u00e1bado con el reencuentro de las bandas escolares. Al reanudarse la actividad, despu\u00e9s de estar varios a\u00f1os sin realizarse, los organizadores aprovecharon de reconocer a los participantes m\u00e1s destacados.<\/figcaption><\/figure>\n<p><strong>PUTAENDO<\/strong>.- Sencillamente lo vivido el s\u00e1bado pasado en Putaendo relacionado con el Encuentro de Bandas Escolares super\u00f3 todas las expectativas de los organizadores y permiti\u00f3 que despu\u00e9s de seis a\u00f1os volviera en gloria y majestad a la comuna.<\/p>\n<p>Las bandas participantes llegaron primeramente al Liceo Manuel Mar\u00edn Fritis y desde ah\u00ed, una a una desfilaron por Calle Chacabuco, Aspe\u00e9, Comercio, la plaza de la comuna, Calle Camus hasta llegar al Estadio Municipal ante la mirada de las personas que sal\u00edan de sus casas para presenciar y aplaudir el desfile de las bandas por el centro de la comuna.<\/p>\n<p>En el Estadio Municipal, m\u00e1s de 400 personas presenciaron el hermoso espect\u00e1culo que comenz\u00f3 con el ingreso de cada una de las bandas de los establecimientos educacionales, Alonso de Ercilla de San Felipe, Liceo Mixto, Escuela Industrial Guillermo Richards Cuevas de San Felipe, Liceo Dar\u00edo Salas de Santa Mar\u00eda y Liceo Manuel Mar\u00edn Fritis de Putaendo.<\/p>\n<p>El Orfe\u00f3n Aconcagua interpret\u00f3 el himno nacional para dar inicio a la ceremonia que contempl\u00f3 un emotivo reconocimiento a la Banda Carmelitana de Rinconada de Silva, al mismo Orfe\u00f3n Aconcagua, que adem\u00e1s deleit\u00f3 a todos los presentes con una maravillosa retreta que habitualmente presentan en cada lugar de la provincia y la regi\u00f3n.<\/p>\n<p>En su intervenci\u00f3n, el presidente del Frente de Protecci\u00f3n del Patrimonio, Educaci\u00f3n, Cultura y Artes de Putaendo (FRECAP), Joaqu\u00edn Gallardo Astudillo, agradeci\u00f3 la disposici\u00f3n de todas las personas que colaboraron para que este evento fuera exitoso, adem\u00e1s felicit\u00f3 la participaci\u00f3n de las bandas y reafirm\u00f3 el compromiso de la agrupaci\u00f3n para continuar aportando al desarrollo patrimonial y cultural de Putaendo adem\u00e1s de instar a los j\u00f3venes participantes a seguir el camino de la m\u00fasica.<\/p>\n<p>Por su parte, el alcalde de Putaendo, Guillermo Reyes agradeci\u00f3 la presencia de las numerosas familias que llegaron hasta el Estadio Municipal y destac\u00f3 el empuje del FRECAP, adem\u00e1s se\u00f1al\u00f3 que el municipio incorporar\u00e1 esta actividad el pr\u00f3ximo a\u00f1o dentro de las actividades que deben estar presentes a\u00f1o a a\u00f1o, para lo cual esperan contar con muchas m\u00e1s bandas, puesto que la calidad y la importancia de este encuentro era una iniciativa que se debe apoyar con mucha decisi\u00f3n, por lo que se mostr\u00f3 feliz de tan importante acontecimiento.<\/p>\n<p>Posteriormente, una a una, las bandas tuvieron 12 minutos para cautivar al p\u00fablico presente con una presentaci\u00f3n sencillamente maravillosa, muy bien trabajada y que deja en evidencia el esfuerzo, dedicaci\u00f3n de los estudiantes y el excelente trabajo de sus instructores, lo que se vio reflejado en el aplauso del p\u00fablico a cada una de las bandas de los cinco establecimientos educacionales de la provincia que llegaron hasta Putaendo, donde claramente todas fueron ganadoras en una jornada de participaci\u00f3n y compa\u00f1erismo que pocas veces se hab\u00eda visto en la comuna.<\/p>\n<p>Los organizadores entregaron reconocimientos a quienes iniciaron y fueron los precursores de los encuentros de bandas escolares en Putaendo, como lo son el destacado profesor Noel Fuentes Elgueta y el destacado folclorista e instructor Roberto Mora Osorio, adem\u00e1s de destacar la trayectoria del trompetista F\u00e9lix Brito, entregando tambi\u00e9n un reconocimiento al alcalde Guillermo Reyes por su importante apoyo en la defensa de los Corrales del Estero Chalaco.<\/p>\n<p>El Frente de Protecci\u00f3n del Patrimonio, Educaci\u00f3n, Cultura y Artes de Putaendo tambi\u00e9n quiso agradecer p\u00fablicamente la colaboraci\u00f3n del CESFAM Valle Los Libertadores, el Cuerpo de Bomberos de Putaendo y el importante apoyo del diputado Gaspar Rivas, del empresario Luis Arancibia C\u00e1diz y de don Iv\u00e1n Salinas de Joyer\u00eda Acr\u00f3n.<\/p>\n<p>La actividad finaliz\u00f3 magistralmente cuando todas las bandas se reunieron en el centro del estadio e interpretaron al un\u00edsono la marcha \u00abLos Nibelungos\u00bb<\/p>\n","protected":false},"excerpt":{"rendered":"<p>PUTAENDO.- Sencillamente lo vivido el s\u00e1bado pasado en Putaendo relacionado con el Encuentro de Bandas Escolares super\u00f3 todas las expectativas de los organizadores y permiti\u00f3 que despu\u00e9s de seis a\u00f1os volviera en&#8230;<\/p>\n","protected":false},"author":482,"featured_media":38856,"comment_status":"open","ping_status":"closed","sticky":false,"template":"","format":"standard","meta":{"advanced_seo_description":"","jetpack_seo_html_title":"","jetpack_seo_noindex":false,"_jetpack_memberships_contains_paid_content":false,"footnotes":""},"categories":[15],"tags":[],"class_list":["post-38855","post","type-post","status-publish","format-standard","has-post-thumbnail","hentry","category-comunidad"],"jetpack_featured_media_url":"https:\/\/i0.wp.com\/eltrabajo.cl\/portal\/wp-content\/uploads\/2013\/10\/encuentro-de-bandas-b.jpg?fit=529%2C353&ssl=1","jetpack_sharing_enabled":true,"jetpack_likes_enabled":true,"jetpack-related-posts":[],"_links":{"self":[{"href":"https:\/\/eltrabajo.cl\/portal\/wp-json\/wp\/v2\/posts\/38855","targetHints":{"allow":["GET"]}}],"collection":[{"href":"https:\/\/eltrabajo.cl\/portal\/wp-json\/wp\/v2\/posts"}],"about":[{"href":"https:\/\/eltrabajo.cl\/portal\/wp-json\/wp\/v2\/types\/post"}],"author":[{"embeddable":true,"href":"https:\/\/eltrabajo.cl\/portal\/wp-json\/wp\/v2\/users\/482"}],"replies":[{"embeddable":true,"href":"https:\/\/eltrabajo.cl\/portal\/wp-json\/wp\/v2\/comments?post=38855"}],"version-history":[{"count":0,"href":"https:\/\/eltrabajo.cl\/portal\/wp-json\/wp\/v2\/posts\/38855\/revisions"}],"wp:featuredmedia":[{"embeddable":true,"href":"https:\/\/eltrabajo.cl\/portal\/wp-json\/wp\/v2\/media\/38856"}],"wp:attachment":[{"href":"https:\/\/eltrabajo.cl\/portal\/wp-json\/wp\/v2\/media?parent=38855"}],"wp:term":[{"taxonomy":"category","embeddable":true,"href":"https:\/\/eltrabajo.cl\/portal\/wp-json\/wp\/v2\/categories?post=38855"},{"taxonomy":"post_tag","embeddable":true,"href":"https:\/\/eltrabajo.cl\/portal\/wp-json\/wp\/v2\/tags?post=38855"}],"curies":[{"name":"wp","href":"https:\/\/api.w.org\/{rel}","templated":true}]}}