{"id":38859,"date":"2013-10-21T09:45:01","date_gmt":"2013-10-21T12:45:01","guid":{"rendered":"http:\/\/www.eltrabajo.cl\/portal\/?p=38859"},"modified":"2013-10-21T09:45:01","modified_gmt":"2013-10-21T12:45:01","slug":"bicitour-al-ex-palacio-de-quilpue-reunio-a-entusiastas-participantes","status":"publish","type":"post","link":"https:\/\/eltrabajo.cl\/portal\/bicitour-al-ex-palacio-de-quilpue-reunio-a-entusiastas-participantes\/","title":{"rendered":"Bicitour al ex Palacio de Quilpu\u00e9 reuni\u00f3 a entusiastas participantes"},"content":{"rendered":"<figure id=\"attachment_38860\" aria-describedby=\"caption-attachment-38860\" style=\"width: 529px\" class=\"wp-caption alignnone\"><a href=\"https:\/\/i0.wp.com\/www.eltrabajo.cl\/portal\/wp-content\/uploads\/2013\/10\/bicitour-2.jpg\"><img data-recalc-dims=\"1\" loading=\"lazy\" decoding=\"async\" class=\"size-full wp-image-38860\" title=\"Una cincuentena de entusiastas vecinos particip\u00f3 del bicitour que no solo sirvi\u00f3 para ejercitarse, sino que tambi\u00e9n se utiliz\u00f3 para aprender un poco de historia de la ciudad\" alt=\"Una cincuentena de entusiastas vecinos particip\u00f3 del bicitour que no solo sirvi\u00f3 para ejercitarse, sino que tambi\u00e9n se utiliz\u00f3 para aprender un poco de historia de la ciudad\" src=\"https:\/\/i0.wp.com\/www.eltrabajo.cl\/portal\/wp-content\/uploads\/2013\/10\/bicitour-2.jpg?resize=529%2C355\" width=\"529\" height=\"355\" srcset=\"https:\/\/i0.wp.com\/eltrabajo.cl\/portal\/wp-content\/uploads\/2013\/10\/bicitour-2.jpg?w=529&amp;ssl=1 529w, https:\/\/i0.wp.com\/eltrabajo.cl\/portal\/wp-content\/uploads\/2013\/10\/bicitour-2.jpg?resize=200%2C134&amp;ssl=1 200w, https:\/\/i0.wp.com\/eltrabajo.cl\/portal\/wp-content\/uploads\/2013\/10\/bicitour-2.jpg?resize=300%2C201&amp;ssl=1 300w, https:\/\/i0.wp.com\/eltrabajo.cl\/portal\/wp-content\/uploads\/2013\/10\/bicitour-2.jpg?resize=150%2C100&amp;ssl=1 150w, https:\/\/i0.wp.com\/eltrabajo.cl\/portal\/wp-content\/uploads\/2013\/10\/bicitour-2.jpg?resize=400%2C268&amp;ssl=1 400w\" sizes=\"auto, (max-width: 529px) 100vw, 529px\" \/><\/a><figcaption id=\"caption-attachment-38860\" class=\"wp-caption-text\">Una cincuentena de entusiastas vecinos particip\u00f3 del bicitour que no solo sirvi\u00f3 para ejercitarse, sino que tambi\u00e9n se utiliz\u00f3 para aprender un poco de historia de la ciudad<\/figcaption><\/figure>\n<p>M\u00e1s de cincuenta entusiastas ciclistas, de todas las edades, participaron en el tercer bicitour, organizado por el departamento de Cultura de la Municipalidad de San Felipe.<\/p>\n<p>Desde temprano comenzaron a llegar los participantes, quienes se reunieron frente al municipio. El d\u00eda primaveral, con una agradable temperatura, invitaba a participar en la entretenida actividad, que parti\u00f3 pasadas las 10 de la ma\u00f1ana.<\/p>\n<p>Los m\u00e1s de cincuenta ciclistas comenzaron el recorrido enfilando las bicicletas hacia la calle Coimas, donde se detuvieron en una de las tradicionales casonas de la arteria. Actualmente en restauraci\u00f3n, la casa a\u00fan conserva las principales caracter\u00edsticas desde su construcci\u00f3n, con amplios salones y patios y parte de su historia fue contada por dos profesionales del municipio, quienes se sumaron a la actividad, y fueron escuchados siempre atentamente por los participantes.<\/p>\n<p>Luego a bordo de sus bicicletas, el grupo se dirigi\u00f3 hacia la avenida Chacabuco, donde tambi\u00e9n escucharon atentamente parte de la historia de este lugar y de la comuna, destacando que la calle Coimas, que atraviesa la avenida, es una de las pocas, que recorre de norte a Sur San Felipe y que era uno de los principales accesos a la comuna en siglos pasados, un aspecto que muy pocos de los asistentes hab\u00edan notado.<\/p>\n<p>El bicitour continu\u00f3 hacia las ruinas del Palacio de Quilpu\u00e9, en el lugar tambi\u00e9n se narr\u00f3 parte de su historia, recordando cuando el lugar era parte de la vida de la comuna, y luego los participantes hicieron un recorrido por lo poco que queda de las instalaciones, ya que el lugar de a poco ha sido desmantelado y s\u00f3lo quedan sus cimientos.<\/p>\n<p>El Alcalde se mostr\u00f3 muy contento con la convocatoria que tuvo este tercer bicitour, el que congreg\u00f3 a personas de todas las edades, quienes a bordo de sus biciletas recorrieron la comuna, conociendo m\u00e1s de su historia y practicando deporte.<\/p>\n<p>\u00abLos sanfelipe\u00f1os nos damos cuenta que tenemos lugares tur\u00edsticos tan lindos. Estamos en el Palacio de Quilpu\u00e9, que aunque son las ruinas, creo que es el sentir de los sanfelipe\u00f1os que tengamos un parque en este lugar. Esto debe continuar como \u00e1rea verde y debe hacerse un rescate para el patrimonio de nuestra comuna\u00bb, dijo el Alcalde Freire.<\/p>\n<p>Los asistentes se mostraron muy contentos de participar en la cicletada, ya que permiti\u00f3 reunir a la familia sanfelipe\u00f1a.<\/p>\n<p>Isidora Torres fue una de las participantes y se\u00f1al\u00f3 que \u00abes mi deporte favorito, me fascina andar en bicicleta, lo encuentro entretenido, juntarse en familia es entretenido, conocer gente nueva. Cada vez que hay cicletadas participamos y esta la encontr\u00e9 muy entretenida porque uno no sab\u00eda que hay cosas que son muy hist\u00f3ricas, por ejemplo no conoc\u00eda este lugar y ahora lo encuentro muy lindo. Me encantar\u00eda que se contin\u00faen realizando estas actividades\u00bb.<\/p>\n<p>La misma opini\u00f3n ten\u00eda Gabriel Tello, quien dijo que era la primera vez que participaba. \u00abYo estaba acostado y llega mi amigo y me dijo que hab\u00eda un bicitour y vinimos pero ten\u00eda un poco de nervios, y nos inscribimos y me pareci\u00f3 excelente, conoc\u00ed hartos lugares hist\u00f3ricos, como la casa de Coimas, la forma como estaba construida, entonces est\u00e1 muy entretenido, deber\u00edan seguir haci\u00e9ndolo, me gust\u00f3 mucho\u00bb.<\/p>\n<p>Daniela Araya tambi\u00e9n participaba por primera vez y destac\u00f3 la posibilidad de reunir a las familias de San Felipe. \u00abLa actividad cultural es muy necesaria en el valle, es una actividad muy importante de realizar, ojal\u00e1 que se siga haciendo, creo que el formato es entretenido, es necesario algo as\u00ed, porque uno no tiene tiempo de estar leyendo, entonces es bueno porque tambi\u00e9n involucra a la familia, estar con los ni\u00f1os, que ellos se interesen en la cultura de la regi\u00f3n es muy bueno\u00bb, indic\u00f3.<\/p>\n<p>&nbsp;<\/p>\n","protected":false},"excerpt":{"rendered":"<p>M\u00e1s de cincuenta entusiastas ciclistas, de todas las edades, participaron en el tercer bicitour, organizado por el departamento de Cultura de la Municipalidad de San Felipe. Desde temprano comenzaron a llegar los&#8230;<\/p>\n","protected":false},"author":482,"featured_media":38860,"comment_status":"open","ping_status":"closed","sticky":false,"template":"","format":"standard","meta":{"advanced_seo_description":"","jetpack_seo_html_title":"","jetpack_seo_noindex":false,"_jetpack_memberships_contains_paid_content":false,"footnotes":""},"categories":[15],"tags":[],"class_list":["post-38859","post","type-post","status-publish","format-standard","has-post-thumbnail","hentry","category-comunidad"],"jetpack_featured_media_url":"https:\/\/i0.wp.com\/eltrabajo.cl\/portal\/wp-content\/uploads\/2013\/10\/bicitour-2.jpg?fit=529%2C355&ssl=1","jetpack_sharing_enabled":true,"jetpack_likes_enabled":true,"jetpack-related-posts":[],"_links":{"self":[{"href":"https:\/\/eltrabajo.cl\/portal\/wp-json\/wp\/v2\/posts\/38859","targetHints":{"allow":["GET"]}}],"collection":[{"href":"https:\/\/eltrabajo.cl\/portal\/wp-json\/wp\/v2\/posts"}],"about":[{"href":"https:\/\/eltrabajo.cl\/portal\/wp-json\/wp\/v2\/types\/post"}],"author":[{"embeddable":true,"href":"https:\/\/eltrabajo.cl\/portal\/wp-json\/wp\/v2\/users\/482"}],"replies":[{"embeddable":true,"href":"https:\/\/eltrabajo.cl\/portal\/wp-json\/wp\/v2\/comments?post=38859"}],"version-history":[{"count":0,"href":"https:\/\/eltrabajo.cl\/portal\/wp-json\/wp\/v2\/posts\/38859\/revisions"}],"wp:featuredmedia":[{"embeddable":true,"href":"https:\/\/eltrabajo.cl\/portal\/wp-json\/wp\/v2\/media\/38860"}],"wp:attachment":[{"href":"https:\/\/eltrabajo.cl\/portal\/wp-json\/wp\/v2\/media?parent=38859"}],"wp:term":[{"taxonomy":"category","embeddable":true,"href":"https:\/\/eltrabajo.cl\/portal\/wp-json\/wp\/v2\/categories?post=38859"},{"taxonomy":"post_tag","embeddable":true,"href":"https:\/\/eltrabajo.cl\/portal\/wp-json\/wp\/v2\/tags?post=38859"}],"curies":[{"name":"wp","href":"https:\/\/api.w.org\/{rel}","templated":true}]}}