{"id":38862,"date":"2013-10-21T09:50:10","date_gmt":"2013-10-21T12:50:10","guid":{"rendered":"http:\/\/www.eltrabajo.cl\/portal\/?p=38862"},"modified":"2013-10-21T09:50:10","modified_gmt":"2013-10-21T12:50:10","slug":"ministerio-de-vivienda-invierte-casi-mil-millones-de-pesos-en-santa-maria","status":"publish","type":"post","link":"https:\/\/eltrabajo.cl\/portal\/ministerio-de-vivienda-invierte-casi-mil-millones-de-pesos-en-santa-maria\/","title":{"rendered":"Ministerio de Vivienda invierte casi mil millones de pesos en Santa Mar\u00eda"},"content":{"rendered":"<figure id=\"attachment_38863\" aria-describedby=\"caption-attachment-38863\" style=\"width: 529px\" class=\"wp-caption alignnone\"><a href=\"https:\/\/i0.wp.com\/www.eltrabajo.cl\/portal\/wp-content\/uploads\/2013\/10\/beneficiarios-subsidio.jpg\"><img data-recalc-dims=\"1\" loading=\"lazy\" decoding=\"async\" class=\"size-full wp-image-38863\" title=\"Autoridades junto a un grupo de vecinos beneficiados con el subsidio habitacional.\" alt=\"Autoridades junto a un grupo de vecinos beneficiados con el subsidio habitacional.\" src=\"https:\/\/i0.wp.com\/www.eltrabajo.cl\/portal\/wp-content\/uploads\/2013\/10\/beneficiarios-subsidio.jpg?resize=529%2C404\" width=\"529\" height=\"404\" srcset=\"https:\/\/i0.wp.com\/eltrabajo.cl\/portal\/wp-content\/uploads\/2013\/10\/beneficiarios-subsidio.jpg?w=529&amp;ssl=1 529w, https:\/\/i0.wp.com\/eltrabajo.cl\/portal\/wp-content\/uploads\/2013\/10\/beneficiarios-subsidio.jpg?resize=196%2C150&amp;ssl=1 196w, https:\/\/i0.wp.com\/eltrabajo.cl\/portal\/wp-content\/uploads\/2013\/10\/beneficiarios-subsidio.jpg?resize=300%2C229&amp;ssl=1 300w, https:\/\/i0.wp.com\/eltrabajo.cl\/portal\/wp-content\/uploads\/2013\/10\/beneficiarios-subsidio.jpg?resize=150%2C114&amp;ssl=1 150w, https:\/\/i0.wp.com\/eltrabajo.cl\/portal\/wp-content\/uploads\/2013\/10\/beneficiarios-subsidio.jpg?resize=400%2C305&amp;ssl=1 400w\" sizes=\"auto, (max-width: 529px) 100vw, 529px\" \/><\/a><figcaption id=\"caption-attachment-38863\" class=\"wp-caption-text\">Autoridades junto a un grupo de vecinos beneficiados con el subsidio habitacional.<\/figcaption><\/figure>\n<ul>\n<li><strong>Entregan subsidios para la vivienda a 39 familias y comienza Remodelaci\u00f3n de Plaza de Armas.<\/strong><\/li>\n<\/ul>\n<p><strong>SANTA MAR\u00cdA<\/strong>.- Recursos por m\u00e1s de 940 millones de pesos son los que el Ministerio de Vivienda y Urbanismo est\u00e1 destinando en obras para Santa Mar\u00eda. La inversi\u00f3n incluye una completa remodelaci\u00f3n a la plaza de armas y la construcci\u00f3n de un nuevo conjunto habitacional para 39 familias del sector, todo ello con la finalidad de entregar mayores oportunidades a las familias y mejorar su calidad de vida de los vecinos.<\/p>\n<p>&nbsp;<\/p>\n<p><strong>Entrega de Subsidios<\/strong><\/p>\n<p>En esta l\u00ednea recibieron sus subsidios habitacionales 39 familias pertenecientes al comit\u00e9 Los Pinos de Santa Mar\u00eda, quienes fueron beneficiados con el programa Fondo Solidario de Elecci\u00f3n de Vivienda para zonas rurales.<\/p>\n<p>La representante del Comit\u00e9, Dina Tapia , agradeci\u00f3 a todos lo que hicieron posible que este sue\u00f1o se concretara, expresando el sentir de los socios presentes en un emocionado discurso: \u201cUna vivienda no es solamente un conjunto de paredes, techo y ventanas, es mucho m\u00e1s que eso, es un lugar donde construimos nuestro hogar, donde vivimos con los seres queridos y donde desarrollamos nuestros lazos de amor y de afecto\u201d.<\/p>\n<p>La inversi\u00f3n para concretar esta iniciativa de es de m\u00e1s de 350 millones de pesos y el conjunto habitacional que se construir\u00e1 consta de casas de 41,24 m2 en la primera etapa, con una ampliaci\u00f3n proyectada de 15,19 m2. Cada vivienda tendr\u00e1 2 dormitorios, ba\u00f1o, cocina y estar-comedor.<\/p>\n<p>&nbsp;<\/p>\n<p><strong>Remodelaci\u00f3n de Plaza de Armas<\/strong><\/p>\n<p>Por otra parte ya se iniciaron las obras que dar\u00e1n un nuevo rostro a la plaza de armas de Santa Mar\u00eda que est\u00e1 emplazada entre las calles Latorre, Irarr\u00e1zabal, O\u2019Higgins y Tres Carreras.<\/p>\n<p>La iniciativa se enmarca en el programa de rehabilitaci\u00f3n de Espacios P\u00fablicos del Ministerio de Vivienda y Urbanismo y tiene una inversi\u00f3n de m\u00e1s de 600 millones de pesos, beneficiando as\u00ed a m\u00e1s de 14 mil personas de esta comuna.<\/p>\n<p>El proyecto propone la reposici\u00f3n de todo el pavimento con baldosa microvibrada, sendas para minusv\u00e1lidos con baldosas t\u00e1ctiles, accesibilidad universal, mobiliario urbano, una gran iluminaci\u00f3n, riego tecnificado para sus zonas de \u00e1reas verdes, ba\u00f1os p\u00fablicos y punto tur\u00edstico.<\/p>\n<p>Cabe se\u00f1alar que la Plaza de Armas de Santa Mar\u00eda, con m\u00e1s de 100 a\u00f1os de existencia, presenta el deterioro propio del paso de los a\u00f1os.<\/p>\n<p>Al referirse a estas importante actividades la Gobernadora Provincial Patricia Boffa se\u00f1al\u00f3: \u201cHoy se han entregado 39 subsidios a familias que lo hab\u00edan esperado por bastante tiempo y lo mejor de todo es que dentro de un mes ya comienza la empresa constructora a trabajar en ello. Nosotros les entregamos casa y ellos las transforman en hermosos hogares\u201d. Respecto de los trabajos en la Plaza de Armas manifest\u00f3 que \u201ces una plaza centenaria que necesitaba urgentemente una inversi\u00f3n y gracias a la gesti\u00f3n del Alcalde Claudio Zurita, y tambi\u00e9n al Gobierno de Chile a trav\u00e9s del MINVU, del FNDR y a trav\u00e9s de la Subdere se han podido tener los recursos necesarios para poder arreglar esta plaza\u201d.<\/p>\n<p>Por su parte la Directora Regional del SERVIU, Mar\u00eda Francisca Cruz, en su discurso refiri\u00e9ndose a los socios beneficiados se\u00f1al\u00f3 que \u201cLa gran mayor\u00eda de ustedes son trabajadores agr\u00edcolas que con mucho esfuerzo lograron juntar el ahorro y alcanzar este sue\u00f1o. Dejar atr\u00e1s quiz\u00e1s el vivir de allegados, el pagar un arriendo y pasar a ser due\u00f1o de una vivienda y dejarle algo a sus hijos, por Dios que cambia la vida\u201d. Consultada sobre el inicio de las obras en la Plaza de Armas, manifest\u00f3 que \u201ca nosotros nos llena de orgullo estar en esta plaza, cost\u00f3 mucho sacarla adelante, requiri\u00f3 de m\u00e1s de 600 millones de inversi\u00f3n. Despu\u00e9s de haber pasado por este recorrido largo de luchar por cada uno de los pesos, estamos felices, mis felicitaciones a ustedes y los invitamos a conocer lo que va a ser esta nueva plaza de Santa Mar\u00eda\u201d.<\/p>\n<p>Finalmente el Alcalde Claudio Zurita Ibarra se\u00f1al\u00f3: \u201cEste Alcalde y el Concejo Municipal que lo acompa\u00f1a se sienten felices porque nuevas familias de Santa Mar\u00eda del sector El Pino, Toconal, van a ver el sue\u00f1o de la casa propia coronado, despu\u00e9s de un largo trabajo, de un largo camino, quiero agradecer p\u00fablicamente el trabajo de los dirigentes y a todas las autoridades que nos escucharon y que estuvieron al servicio de la gente. Hoy hay nuevas familias que se suman a las miles que han hecho realidad su sue\u00f1o en esta hermosa comuna\u201d.<\/p>\n<p>Refiri\u00e9ndose a los trabajos en el centro de la comuna coment\u00f3 que \u201ceste es un sue\u00f1o anhelado por nosotros y que tiene la particularidad de que ha sido participativo y ha sido socializado con los vecinos y vecinas, quienes han manifestado sus inquietudes como por ejemplo la implementaci\u00f3n de un Ode\u00f3n. Estamos recuperando nuestro principal espacio p\u00fablico y es un proyecto muy importante y muy emblem\u00e1tico, espero que todo salga bien para en un tiempo no muy lejano estemos inaugurando esta hermosa obra\u201d.<\/p>\n<p>&nbsp;<\/p>\n","protected":false},"excerpt":{"rendered":"<p>Entregan subsidios para la vivienda a 39 familias y comienza Remodelaci\u00f3n de Plaza de Armas. SANTA MAR\u00cdA.- Recursos por m\u00e1s de 940 millones de pesos son los que el Ministerio de Vivienda&#8230;<\/p>\n","protected":false},"author":482,"featured_media":38863,"comment_status":"open","ping_status":"closed","sticky":false,"template":"","format":"standard","meta":{"advanced_seo_description":"","jetpack_seo_html_title":"","jetpack_seo_noindex":false,"_jetpack_memberships_contains_paid_content":false,"footnotes":""},"categories":[15],"tags":[],"class_list":["post-38862","post","type-post","status-publish","format-standard","has-post-thumbnail","hentry","category-comunidad"],"jetpack_featured_media_url":"https:\/\/i0.wp.com\/eltrabajo.cl\/portal\/wp-content\/uploads\/2013\/10\/beneficiarios-subsidio.jpg?fit=529%2C404&ssl=1","jetpack_sharing_enabled":true,"jetpack_likes_enabled":true,"jetpack-related-posts":[],"_links":{"self":[{"href":"https:\/\/eltrabajo.cl\/portal\/wp-json\/wp\/v2\/posts\/38862","targetHints":{"allow":["GET"]}}],"collection":[{"href":"https:\/\/eltrabajo.cl\/portal\/wp-json\/wp\/v2\/posts"}],"about":[{"href":"https:\/\/eltrabajo.cl\/portal\/wp-json\/wp\/v2\/types\/post"}],"author":[{"embeddable":true,"href":"https:\/\/eltrabajo.cl\/portal\/wp-json\/wp\/v2\/users\/482"}],"replies":[{"embeddable":true,"href":"https:\/\/eltrabajo.cl\/portal\/wp-json\/wp\/v2\/comments?post=38862"}],"version-history":[{"count":0,"href":"https:\/\/eltrabajo.cl\/portal\/wp-json\/wp\/v2\/posts\/38862\/revisions"}],"wp:featuredmedia":[{"embeddable":true,"href":"https:\/\/eltrabajo.cl\/portal\/wp-json\/wp\/v2\/media\/38863"}],"wp:attachment":[{"href":"https:\/\/eltrabajo.cl\/portal\/wp-json\/wp\/v2\/media?parent=38862"}],"wp:term":[{"taxonomy":"category","embeddable":true,"href":"https:\/\/eltrabajo.cl\/portal\/wp-json\/wp\/v2\/categories?post=38862"},{"taxonomy":"post_tag","embeddable":true,"href":"https:\/\/eltrabajo.cl\/portal\/wp-json\/wp\/v2\/tags?post=38862"}],"curies":[{"name":"wp","href":"https:\/\/api.w.org\/{rel}","templated":true}]}}