{"id":38865,"date":"2013-10-21T09:51:20","date_gmt":"2013-10-21T12:51:20","guid":{"rendered":"http:\/\/www.eltrabajo.cl\/portal\/?p=38865"},"modified":"2013-10-21T09:51:20","modified_gmt":"2013-10-21T12:51:20","slug":"ajedrecista-ivan-morovic-participo-en-simultanea-de-ajedrez-en-putaendo","status":"publish","type":"post","link":"https:\/\/eltrabajo.cl\/portal\/ajedrecista-ivan-morovic-participo-en-simultanea-de-ajedrez-en-putaendo\/","title":{"rendered":"Ajedrecista Iv\u00e1n Morovic particip\u00f3 en simult\u00e1nea de ajedrez en Putaendo"},"content":{"rendered":"<figure id=\"attachment_38866\" aria-describedby=\"caption-attachment-38866\" style=\"width: 528px\" class=\"wp-caption alignnone\"><a href=\"https:\/\/i0.wp.com\/www.eltrabajo.cl\/portal\/wp-content\/uploads\/2013\/10\/ivan-morovic.jpg\"><img data-recalc-dims=\"1\" loading=\"lazy\" decoding=\"async\" class=\"size-full wp-image-38866\" title=\"El medallista ol\u00edmpico y campe\u00f3n sudamericano de ajedrez Iv\u00e1n Morovic se dio tiempo de jugar con los estudiantes de la comuna y seleccionar a los representantes que defender\u00e1n a Putaendo en un torneo regional organizado por la empresa Soprole.\" alt=\"El medallista ol\u00edmpico y campe\u00f3n sudamericano de ajedrez Iv\u00e1n Morovic se dio tiempo de jugar con los estudiantes de la comuna y seleccionar a los representantes que defender\u00e1n a Putaendo en un torneo regional organizado por la empresa Soprole.\" src=\"https:\/\/i0.wp.com\/www.eltrabajo.cl\/portal\/wp-content\/uploads\/2013\/10\/ivan-morovic.jpg?resize=528%2C318\" width=\"528\" height=\"318\" srcset=\"https:\/\/i0.wp.com\/eltrabajo.cl\/portal\/wp-content\/uploads\/2013\/10\/ivan-morovic.jpg?w=528&amp;ssl=1 528w, https:\/\/i0.wp.com\/eltrabajo.cl\/portal\/wp-content\/uploads\/2013\/10\/ivan-morovic.jpg?resize=200%2C120&amp;ssl=1 200w, https:\/\/i0.wp.com\/eltrabajo.cl\/portal\/wp-content\/uploads\/2013\/10\/ivan-morovic.jpg?resize=300%2C180&amp;ssl=1 300w, https:\/\/i0.wp.com\/eltrabajo.cl\/portal\/wp-content\/uploads\/2013\/10\/ivan-morovic.jpg?resize=150%2C90&amp;ssl=1 150w, https:\/\/i0.wp.com\/eltrabajo.cl\/portal\/wp-content\/uploads\/2013\/10\/ivan-morovic.jpg?resize=400%2C240&amp;ssl=1 400w\" sizes=\"auto, (max-width: 528px) 100vw, 528px\" \/><\/a><figcaption id=\"caption-attachment-38866\" class=\"wp-caption-text\">El medallista ol\u00edmpico y campe\u00f3n sudamericano de ajedrez Iv\u00e1n Morovic se dio tiempo de jugar con los estudiantes de la comuna y seleccionar a los representantes que defender\u00e1n a Putaendo en un torneo regional organizado por la empresa Soprole.<\/figcaption><\/figure>\n<p><strong>Putaendo<\/strong>.-El destacado ajedrecista, campe\u00f3n sudamericano y referente nacional Iv\u00e1n Morovic visit\u00f3 el Liceo Manuel Mar\u00edn Fritis y la Escuela Gast\u00f3n Ormazabal de Granallas para participar de una simult\u00e1nea de ajedrez con estudiantes de la comuna.<\/p>\n<p>Morovic lleg\u00f3 a Putaendo durante la semana y comparti\u00f3 con todos los estudiantes que se fotografiaron y le pidieron aut\u00f3grafos, entregando por cierto su simpat\u00eda y calidez que lo ha caracterizado en el constante acercamiento con estudiantes de los diferentes colegios municipales del pa\u00eds.<\/p>\n<p>Esta es la segunda vez que el maestro Iv\u00e1n Morovic visita Putaendo con el apoyo de la empresa Soprole que ya hace 17 a\u00f1os promociona el ajedrez en los colegios p\u00fablicos.<\/p>\n<p>Consultado por\u00a0 Diario El Trabajo sobre esta segunda visita, Morovic indic\u00f3 que \u00abla importancia de que en los colegios se juegue ajedrez es fundamental, porque el ajedrez es una toma de decisiones constante, un juego de estrategia de pr\u00e1ctica pura y cuyos conocimientos se pueden aplicar mucho en la vida cotidiana y en las decisiones que estos muchachos deben tomar al enfrentarse a grandes desaf\u00edos, por lo que para m\u00ed es un honor y un agrado visitar los colegios y compartir estos momentos enriquecedores\u00bb.<\/p>\n<p>Todos los estudiantes que clasificaron en la simult\u00e1nea participar\u00e1n en el torneo escolar de Soprole, donde el pr\u00f3ximo domingo una delegaci\u00f3n de Putaendo ser\u00e1 invitada a Vi\u00f1a del Mar.<\/p>\n<p>Sin lugar a dudas, una muy buena iniciativa de la empresa de l\u00e1cteos que permiti\u00f3 por segunda vez tener a un deportista de elite como el destacado ajedrecista Iv\u00e1n Morovic en la comuna, que no tan solo comparti\u00f3 todos sus conocimientos, sino lo m\u00e1s importante, se dio el tiempo para orientar y regalar un momento inolvidable a muchos estudiantes de la comuna de Putaendo.<\/p>\n","protected":false},"excerpt":{"rendered":"<p>Putaendo.-El destacado ajedrecista, campe\u00f3n sudamericano y referente nacional Iv\u00e1n Morovic visit\u00f3 el Liceo Manuel Mar\u00edn Fritis y la Escuela Gast\u00f3n Ormazabal de Granallas para participar de una simult\u00e1nea de ajedrez con estudiantes&#8230;<\/p>\n","protected":false},"author":482,"featured_media":38866,"comment_status":"open","ping_status":"closed","sticky":false,"template":"","format":"standard","meta":{"advanced_seo_description":"","jetpack_seo_html_title":"","jetpack_seo_noindex":false,"_jetpack_memberships_contains_paid_content":false,"footnotes":""},"categories":[15],"tags":[],"class_list":["post-38865","post","type-post","status-publish","format-standard","has-post-thumbnail","hentry","category-comunidad"],"jetpack_featured_media_url":"https:\/\/i0.wp.com\/eltrabajo.cl\/portal\/wp-content\/uploads\/2013\/10\/ivan-morovic.jpg?fit=528%2C318&ssl=1","jetpack_sharing_enabled":true,"jetpack_likes_enabled":true,"jetpack-related-posts":[],"_links":{"self":[{"href":"https:\/\/eltrabajo.cl\/portal\/wp-json\/wp\/v2\/posts\/38865","targetHints":{"allow":["GET"]}}],"collection":[{"href":"https:\/\/eltrabajo.cl\/portal\/wp-json\/wp\/v2\/posts"}],"about":[{"href":"https:\/\/eltrabajo.cl\/portal\/wp-json\/wp\/v2\/types\/post"}],"author":[{"embeddable":true,"href":"https:\/\/eltrabajo.cl\/portal\/wp-json\/wp\/v2\/users\/482"}],"replies":[{"embeddable":true,"href":"https:\/\/eltrabajo.cl\/portal\/wp-json\/wp\/v2\/comments?post=38865"}],"version-history":[{"count":0,"href":"https:\/\/eltrabajo.cl\/portal\/wp-json\/wp\/v2\/posts\/38865\/revisions"}],"wp:featuredmedia":[{"embeddable":true,"href":"https:\/\/eltrabajo.cl\/portal\/wp-json\/wp\/v2\/media\/38866"}],"wp:attachment":[{"href":"https:\/\/eltrabajo.cl\/portal\/wp-json\/wp\/v2\/media?parent=38865"}],"wp:term":[{"taxonomy":"category","embeddable":true,"href":"https:\/\/eltrabajo.cl\/portal\/wp-json\/wp\/v2\/categories?post=38865"},{"taxonomy":"post_tag","embeddable":true,"href":"https:\/\/eltrabajo.cl\/portal\/wp-json\/wp\/v2\/tags?post=38865"}],"curies":[{"name":"wp","href":"https:\/\/api.w.org\/{rel}","templated":true}]}}