{"id":38891,"date":"2013-10-22T09:49:41","date_gmt":"2013-10-22T12:49:41","guid":{"rendered":"http:\/\/www.eltrabajo.cl\/portal\/?p=38891"},"modified":"2013-10-22T09:50:35","modified_gmt":"2013-10-22T12:50:35","slug":"realizaran-segunda-version-del-festival-costumbrista-de-los-andes","status":"publish","type":"post","link":"https:\/\/eltrabajo.cl\/portal\/realizaran-segunda-version-del-festival-costumbrista-de-los-andes\/","title":{"rendered":"Realizar\u00e1n segunda versi\u00f3n del Festival Costumbrista de Los Andes"},"content":{"rendered":"<figure id=\"attachment_38892\" aria-describedby=\"caption-attachment-38892\" style=\"width: 529px\" class=\"wp-caption alignnone\"><a href=\"https:\/\/i0.wp.com\/www.eltrabajo.cl\/portal\/wp-content\/uploads\/2013\/10\/feria1.jpg\"><img data-recalc-dims=\"1\" loading=\"lazy\" decoding=\"async\" class=\"size-full wp-image-38892\" title=\"La primera edici\u00f3n del evento se realiz\u00f3 los d\u00edas 8 y 9 de septiembre de 2012 en el Parque Urbano Ambrosio O\u2019Higgins de Los Andes.\" alt=\"La primera edici\u00f3n del evento se realiz\u00f3 los d\u00edas 8 y 9 de septiembre de 2012 en el Parque Urbano Ambrosio O\u2019Higgins de Los Andes.\" src=\"https:\/\/i0.wp.com\/www.eltrabajo.cl\/portal\/wp-content\/uploads\/2013\/10\/feria1.jpg?resize=529%2C324\" width=\"529\" height=\"324\" srcset=\"https:\/\/i0.wp.com\/eltrabajo.cl\/portal\/wp-content\/uploads\/2013\/10\/feria1.jpg?w=529&amp;ssl=1 529w, https:\/\/i0.wp.com\/eltrabajo.cl\/portal\/wp-content\/uploads\/2013\/10\/feria1.jpg?resize=200%2C122&amp;ssl=1 200w, https:\/\/i0.wp.com\/eltrabajo.cl\/portal\/wp-content\/uploads\/2013\/10\/feria1.jpg?resize=300%2C183&amp;ssl=1 300w, https:\/\/i0.wp.com\/eltrabajo.cl\/portal\/wp-content\/uploads\/2013\/10\/feria1.jpg?resize=150%2C91&amp;ssl=1 150w, https:\/\/i0.wp.com\/eltrabajo.cl\/portal\/wp-content\/uploads\/2013\/10\/feria1.jpg?resize=400%2C244&amp;ssl=1 400w\" sizes=\"auto, (max-width: 529px) 100vw, 529px\" \/><\/a><figcaption id=\"caption-attachment-38892\" class=\"wp-caption-text\">La primera edici\u00f3n del evento se realiz\u00f3 los d\u00edas 8 y 9 de septiembre de 2012 en el Parque Urbano Ambrosio O\u2019Higgins de Los Andes.<\/figcaption><\/figure>\n<ul>\n<li><strong>La actividad se desarrollar\u00e1 en el Parque Urbano con muestras de artesan\u00eda, gastronom\u00eda, danza y canto.<\/strong><\/li>\n<\/ul>\n<p><strong>LOS ANDE<\/strong>S.- Los d\u00edas 26 y 27 de octubre en el Parque Urbano Ambrosio O\u2019Higgins se realizar\u00e1 la segunda versi\u00f3n del Festival Costumbrista de Los Andes.<\/p>\n<p>El Festival es un encuentro cultural anual que promueve la difusi\u00f3n de las diversas expresiones de la artesan\u00eda, el canto y la danza tradicional, la gastronom\u00eda, el patrimonio cultural, la artesan\u00eda y los oficios populares, mediante la participaci\u00f3n de los cultores populares y de la ciudadan\u00eda regional.<\/p>\n<p>Su finalidad es fortalecer la identidad cultural, promover la integraci\u00f3n social, difundir los atractivos tur\u00edsticos y el patrimonio cultural tangible e intangible del Valle de Aconcagua, contribuyendo la amistad con los pa\u00edses latinoamericanos.<\/p>\n<p>La realizaci\u00f3n del Festival es una iniciativa de asociatividad participativa entre el sector p\u00fablico municipal y la sociedad civil representada por diversas organizaciones culturales y sociales de la comuna, integradas en \u00e1reas y comisiones de trabajo, todas unidas en la preservaci\u00f3n del patrimonio cultural y la identidad regional.<\/p>\n<p>La primera edici\u00f3n del evento se realiz\u00f3 los d\u00edas 8 y 9 de septiembre de 2012 en el Parque Urbano Ambrosio O\u2019Higgins de Los Andes, incorpor\u00e1ndose la Rep\u00fablica Argentina como integrante permanente, delegaci\u00f3n que estuvo integrada por el Ballet Sombra del Alba de Uspallata, Mendoza; y una delegaci\u00f3n de gauchos y de empresarios tur\u00edsticos de dicha localidad.<\/p>\n<p>Desde entonces, el Festival se ha convertido en un atractivo cultural y tur\u00edstico, abierto a la participaci\u00f3n de los artistas y creadores de todo el Valle de Aconcagua.<\/p>\n<p>En esta oportunidad el pa\u00eds invitado ser\u00e1 Espa\u00f1a, representada en sus cantos y danzas regionales, cuya tradici\u00f3n musical constituye junta la ra\u00edz nativa de Am\u00e9rica, una de las bases del folklore latinoamericano.<\/p>\n<p>&nbsp;<\/p>\n<p><strong>PROGRAMACION 2013 \/ PAIS INVITADO: ESPA\u00d1A<\/strong><\/p>\n<p><strong>S\u00c1BADO 26 DE OCTUBRE DE 2013<\/strong><\/p>\n<p>10:45 hrs. Izamiento del Pabell\u00f3n Nacional y de las banderas de los pa\u00edses Hispanoamericanos. Homenaje a los Forjadores de la Patria.<\/p>\n<p>11:00 hrs. Inauguraci\u00f3n de la Feria Exposici\u00f3n \u2018Artesan\u00edas y Oficios Tradicionales de Aconcagua\u2019.<\/p>\n<p>11:15 hrs. Fanfarria de Bandas y Orfeones Estudiantiles. Exhibici\u00f3n de Deportes de Monta\u00f1a.<\/p>\n<p>12:00 hrs. Inauguraci\u00f3n de Muestra Gastron\u00f3mica.<\/p>\n<p>13:00 hrs. Juegos tradicionales infantiles.<\/p>\n<p>15:30 hrs. Competencias de Movimiento de Riendas y Habilidades Ecuestres de Huasos y Gauchos argentinos. Juegos Tradicionales Infantiles.<\/p>\n<p>15.30 hrs. Presentaci\u00f3n de Agrupaciones de Canto y Danza Folkl\u00f3rica de Chile, Argentina y Espa\u00f1a (pa\u00eds invitado especial a la edici\u00f3n 2013 del Festival).<\/p>\n<p>19:00 hrs. Espect\u00e1culo Folkl\u00f3rico en el Anfiteatro del Parque.<\/p>\n<p>&nbsp;<\/p>\n<p>DOMINGO 27 DE OCTUBRE DE 2013<\/p>\n<p>10:00 hrs. Misa a la Chilena.<\/p>\n<p>10:50 hrs. Carnaval de Cofrad\u00edas Religiosas en Homenaje de Santa Teresa de Los Andes, Patrona de los Folkloristas.<\/p>\n<p>11:00 hrs. Feria Exposici\u00f3n \u2018Artesan\u00edas y Oficios Tradicionales de Aconcagua\u2019.<\/p>\n<p>12:00 hrs. Demostraci\u00f3n de Deportes de Monta\u00f1a.<\/p>\n<p>12:10 hrs. Concurso de organizaciones sociales y vecinales: \u2018La Mejor Empanada Andina\u2019<\/p>\n<p>12:30 hrs. Paseo de Folkloristas en Coches Victoria y Autos Antiguos por la ciudad.<\/p>\n<p>13:00 hrs. Muestra Gastron\u00f3mica.<\/p>\n<p>15:30 hrs. Competencia de Movimiento de Riendas y Habilidades Ecuestres de Huasos y Gauchos argentinos. Juegos Tradicionales Infantiles.<\/p>\n<p>15:30 hrs. Presentaci\u00f3n de Agrupaciones Canto y Danza Folkl\u00f3rica de Chile, Argentina y Espa\u00f1a.<\/p>\n<p>19:00 hrs. Espect\u00e1culo Folkl\u00f3rico en el Anfiteatro del Parque Ambrosio O\u2019Higgins.<\/p>\n<p>&nbsp;<\/p>\n<p>&nbsp;<\/p>\n","protected":false},"excerpt":{"rendered":"<p>La actividad se desarrollar\u00e1 en el Parque Urbano con muestras de artesan\u00eda, gastronom\u00eda, danza y canto. LOS ANDES.- Los d\u00edas 26 y 27 de octubre en el Parque Urbano Ambrosio O\u2019Higgins se&#8230;<\/p>\n","protected":false},"author":482,"featured_media":38892,"comment_status":"open","ping_status":"closed","sticky":false,"template":"","format":"standard","meta":{"advanced_seo_description":"","jetpack_seo_html_title":"","jetpack_seo_noindex":false,"_jetpack_memberships_contains_paid_content":false,"footnotes":""},"categories":[15],"tags":[],"class_list":["post-38891","post","type-post","status-publish","format-standard","has-post-thumbnail","hentry","category-comunidad"],"jetpack_featured_media_url":"https:\/\/i0.wp.com\/eltrabajo.cl\/portal\/wp-content\/uploads\/2013\/10\/feria1.jpg?fit=529%2C324&ssl=1","jetpack_sharing_enabled":true,"jetpack_likes_enabled":true,"jetpack-related-posts":[],"_links":{"self":[{"href":"https:\/\/eltrabajo.cl\/portal\/wp-json\/wp\/v2\/posts\/38891","targetHints":{"allow":["GET"]}}],"collection":[{"href":"https:\/\/eltrabajo.cl\/portal\/wp-json\/wp\/v2\/posts"}],"about":[{"href":"https:\/\/eltrabajo.cl\/portal\/wp-json\/wp\/v2\/types\/post"}],"author":[{"embeddable":true,"href":"https:\/\/eltrabajo.cl\/portal\/wp-json\/wp\/v2\/users\/482"}],"replies":[{"embeddable":true,"href":"https:\/\/eltrabajo.cl\/portal\/wp-json\/wp\/v2\/comments?post=38891"}],"version-history":[{"count":0,"href":"https:\/\/eltrabajo.cl\/portal\/wp-json\/wp\/v2\/posts\/38891\/revisions"}],"wp:featuredmedia":[{"embeddable":true,"href":"https:\/\/eltrabajo.cl\/portal\/wp-json\/wp\/v2\/media\/38892"}],"wp:attachment":[{"href":"https:\/\/eltrabajo.cl\/portal\/wp-json\/wp\/v2\/media?parent=38891"}],"wp:term":[{"taxonomy":"category","embeddable":true,"href":"https:\/\/eltrabajo.cl\/portal\/wp-json\/wp\/v2\/categories?post=38891"},{"taxonomy":"post_tag","embeddable":true,"href":"https:\/\/eltrabajo.cl\/portal\/wp-json\/wp\/v2\/tags?post=38891"}],"curies":[{"name":"wp","href":"https:\/\/api.w.org\/{rel}","templated":true}]}}