{"id":38896,"date":"2013-10-22T09:52:03","date_gmt":"2013-10-22T12:52:03","guid":{"rendered":"http:\/\/www.eltrabajo.cl\/portal\/?p=38896"},"modified":"2013-10-22T09:52:03","modified_gmt":"2013-10-22T12:52:03","slug":"escuela-john-kennedy-celebra-48-anos-al-servicio-de-la-educacion","status":"publish","type":"post","link":"https:\/\/eltrabajo.cl\/portal\/escuela-john-kennedy-celebra-48-anos-al-servicio-de-la-educacion\/","title":{"rendered":"Escuela John Kennedy celebra 48 a\u00f1os al servicio de la educaci\u00f3n"},"content":{"rendered":"<figure id=\"attachment_38897\" aria-describedby=\"caption-attachment-38897\" style=\"width: 529px\" class=\"wp-caption alignnone\"><a href=\"https:\/\/i0.wp.com\/www.eltrabajo.cl\/portal\/wp-content\/uploads\/2013\/10\/bailando1.jpg\"><img data-recalc-dims=\"1\" loading=\"lazy\" decoding=\"async\" class=\"size-full wp-image-38897\" title=\"El Grupo Cultural La Giganta, estuvo animando a los presentes, los peque\u00f1itos bailaban como locos con sus canciones.\" alt=\"El Grupo Cultural La Giganta, estuvo animando a los presentes, los peque\u00f1itos bailaban como locos con sus canciones.\" src=\"https:\/\/i0.wp.com\/www.eltrabajo.cl\/portal\/wp-content\/uploads\/2013\/10\/bailando1.jpg?resize=529%2C397\" width=\"529\" height=\"397\" srcset=\"https:\/\/i0.wp.com\/eltrabajo.cl\/portal\/wp-content\/uploads\/2013\/10\/bailando1.jpg?w=529&amp;ssl=1 529w, https:\/\/i0.wp.com\/eltrabajo.cl\/portal\/wp-content\/uploads\/2013\/10\/bailando1.jpg?resize=200%2C150&amp;ssl=1 200w, https:\/\/i0.wp.com\/eltrabajo.cl\/portal\/wp-content\/uploads\/2013\/10\/bailando1.jpg?resize=300%2C225&amp;ssl=1 300w, https:\/\/i0.wp.com\/eltrabajo.cl\/portal\/wp-content\/uploads\/2013\/10\/bailando1.jpg?resize=150%2C112&amp;ssl=1 150w, https:\/\/i0.wp.com\/eltrabajo.cl\/portal\/wp-content\/uploads\/2013\/10\/bailando1.jpg?resize=400%2C300&amp;ssl=1 400w\" sizes=\"auto, (max-width: 529px) 100vw, 529px\" \/><\/a><figcaption id=\"caption-attachment-38897\" class=\"wp-caption-text\">El Grupo Cultural La Giganta, estuvo animando a los presentes, los peque\u00f1itos bailaban como locos con sus canciones.<\/figcaption><\/figure>\n<p>Una gran convocatoria tuvo la celebraci\u00f3n de los 48 a\u00f1os de existencia de la Escuela John Kennedy de la comuna de San Felipe. A la celebraci\u00f3n llegaron el Alcalde de la Comuna de San Felipe Patricio Freire Canto; la Gobernadora Provincial Patricia Boffa Casas, quienes fueron acompa\u00f1ados por la Directora Subrogante M\u00f3nica Tapia Olmos y el Core Iv\u00e1n Reyes, quienes compartieron una ma\u00f1ana de cantos homenajes y sobretodo mucha emoci\u00f3n.<\/p>\n<p>El acto dio inicio con un emotivo discurso del Alcalde Freire, quien reiter\u00f3 su compromiso con la educaci\u00f3n, se\u00f1alando que \u00abes un gran honor compartir los 48 a\u00f1os de vida de este emblem\u00e1tico establecimiento educacional, el que naci\u00f3 junto con la Poblaci\u00f3n Pedro Aguirre Cerda, bajo la administraci\u00f3n del ex alcalde Juan Fuentes Gallardo y destacamos que de este establecimiento han salido grandes generaciones de sanfelipe\u00f1os\u00bb, manifestando que la educaci\u00f3n p\u00fablica tambi\u00e9n puede ser de calidad y gratuita, dando la posibilidad de competir mano a mano con los establecimientos particulares y particulares subvencionados lo que sigue siendo uno de los principales desaf\u00edos de la actual administraci\u00f3n.<\/p>\n<p>Posteriormente se desarrollaron una variada gama de n\u00fameros art\u00edsticos, contando con la siempre activa participaci\u00f3n de los ni\u00f1os y ni\u00f1as, quienes cantaron y bailaron junto a cada uno de los n\u00fameros que fueron presentados, por la propia comunidad educativa. Adem\u00e1s, un momento emotivo se registr\u00f3 con la premiaci\u00f3n de la primera directora del establecimiento, Julia salgado, quien entre v\u00edtores recibi\u00f3 en cari\u00f1o y el aplauso de las nuevas generaciones, realizando un justo homenaje a la ex directora.<\/p>\n<p>M\u00f3nica Tapia Olmos, Directora Subrogante, manifest\u00f3 su m\u00e1s entera satisfacci\u00f3n e impresi\u00f3n ante la concurrencia de una gran cantidad de apoderados que acompa\u00f1aban la actividad, se\u00f1alando que \u00abnos tiene tremendamente complacidos la presencia de las autoridades, junto a nuestros apoderados a esta celebraci\u00f3n, la labor de subrogar a la Directora Titular Silvia Olgu\u00edn, quien est\u00e1 con licencia m\u00e9dica, y quien es la gestora de los importantes y notables avances que ha tenido el establecimiento con el paso de los a\u00f1os\u00bb, resaltando la motivaci\u00f3n y entrega de los profesores que actualmente forman parte del cuerpo docente, adem\u00e1s de los excelentes asistentes de la educaci\u00f3n, y sobre todo, el incondicional apoyo de os apoderados, quienes han asimilado de muy buena manera, los lineamientos positivos que se han implantado al interior del establecimiento, teniendo una relaci\u00f3n muy cercana con la comunidad escolar, se\u00f1alando que el proyecto que actualmente se desarrolla en el establecimiento, a parte de obtener buenos resultados educacionales, busca aumentar la actual matricula que llega a los 250 alumnos, se\u00f1alando que siempre habr\u00e1 un lugar para quienes quieran confiar en nuestra propuesta educativa.<\/p>\n<p>El establecimiento est\u00e1 ubicado en la poblaci\u00f3n Pedro Aguirre Cerda, Calle Alejandrina Carvajal, y ha albergado a una gran cantidad de Sanfelipe\u00f1os, quienes participan activamente del desarrollo econ\u00f3mico social de nuestro pa\u00eds.<\/p>\n<p>&nbsp;<\/p>\n","protected":false},"excerpt":{"rendered":"<p>Una gran convocatoria tuvo la celebraci\u00f3n de los 48 a\u00f1os de existencia de la Escuela John Kennedy de la comuna de San Felipe. A la celebraci\u00f3n llegaron el Alcalde de la Comuna&#8230;<\/p>\n","protected":false},"author":482,"featured_media":38897,"comment_status":"open","ping_status":"closed","sticky":false,"template":"","format":"standard","meta":{"advanced_seo_description":"","jetpack_seo_html_title":"","jetpack_seo_noindex":false,"_jetpack_memberships_contains_paid_content":false,"footnotes":""},"categories":[15],"tags":[],"class_list":["post-38896","post","type-post","status-publish","format-standard","has-post-thumbnail","hentry","category-comunidad"],"jetpack_featured_media_url":"https:\/\/i0.wp.com\/eltrabajo.cl\/portal\/wp-content\/uploads\/2013\/10\/bailando1.jpg?fit=529%2C397&ssl=1","jetpack_sharing_enabled":true,"jetpack_likes_enabled":true,"jetpack-related-posts":[],"_links":{"self":[{"href":"https:\/\/eltrabajo.cl\/portal\/wp-json\/wp\/v2\/posts\/38896","targetHints":{"allow":["GET"]}}],"collection":[{"href":"https:\/\/eltrabajo.cl\/portal\/wp-json\/wp\/v2\/posts"}],"about":[{"href":"https:\/\/eltrabajo.cl\/portal\/wp-json\/wp\/v2\/types\/post"}],"author":[{"embeddable":true,"href":"https:\/\/eltrabajo.cl\/portal\/wp-json\/wp\/v2\/users\/482"}],"replies":[{"embeddable":true,"href":"https:\/\/eltrabajo.cl\/portal\/wp-json\/wp\/v2\/comments?post=38896"}],"version-history":[{"count":0,"href":"https:\/\/eltrabajo.cl\/portal\/wp-json\/wp\/v2\/posts\/38896\/revisions"}],"wp:featuredmedia":[{"embeddable":true,"href":"https:\/\/eltrabajo.cl\/portal\/wp-json\/wp\/v2\/media\/38897"}],"wp:attachment":[{"href":"https:\/\/eltrabajo.cl\/portal\/wp-json\/wp\/v2\/media?parent=38896"}],"wp:term":[{"taxonomy":"category","embeddable":true,"href":"https:\/\/eltrabajo.cl\/portal\/wp-json\/wp\/v2\/categories?post=38896"},{"taxonomy":"post_tag","embeddable":true,"href":"https:\/\/eltrabajo.cl\/portal\/wp-json\/wp\/v2\/tags?post=38896"}],"curies":[{"name":"wp","href":"https:\/\/api.w.org\/{rel}","templated":true}]}}