{"id":38902,"date":"2013-10-22T09:54:38","date_gmt":"2013-10-22T12:54:38","guid":{"rendered":"http:\/\/www.eltrabajo.cl\/portal\/?p=38902"},"modified":"2013-10-22T09:54:38","modified_gmt":"2013-10-22T12:54:38","slug":"agricultores-afectados-por-heladas-reciben-recursos-del-indap","status":"publish","type":"post","link":"https:\/\/eltrabajo.cl\/portal\/agricultores-afectados-por-heladas-reciben-recursos-del-indap\/","title":{"rendered":"Agricultores afectados por heladas reciben recursos del Indap"},"content":{"rendered":"<figure id=\"attachment_38903\" aria-describedby=\"caption-attachment-38903\" style=\"width: 529px\" class=\"wp-caption alignnone\"><a href=\"https:\/\/i0.wp.com\/www.eltrabajo.cl\/portal\/wp-content\/uploads\/2013\/10\/indap1.jpg\"><img data-recalc-dims=\"1\" loading=\"lazy\" decoding=\"async\" class=\"size-full wp-image-38903\" title=\"La entrega de recursos por parte de Indap a los agricultores de la provincia de San Felipe, fue destacada por la Gobernadora Patricia Boffa.\" alt=\"La entrega de recursos por parte de Indap a los agricultores de la provincia de San Felipe, fue destacada por la Gobernadora Patricia Boffa.\" src=\"https:\/\/i0.wp.com\/www.eltrabajo.cl\/portal\/wp-content\/uploads\/2013\/10\/indap1.jpg?resize=529%2C338\" width=\"529\" height=\"338\" srcset=\"https:\/\/i0.wp.com\/eltrabajo.cl\/portal\/wp-content\/uploads\/2013\/10\/indap1.jpg?w=529&amp;ssl=1 529w, https:\/\/i0.wp.com\/eltrabajo.cl\/portal\/wp-content\/uploads\/2013\/10\/indap1.jpg?resize=200%2C127&amp;ssl=1 200w, https:\/\/i0.wp.com\/eltrabajo.cl\/portal\/wp-content\/uploads\/2013\/10\/indap1.jpg?resize=300%2C191&amp;ssl=1 300w, https:\/\/i0.wp.com\/eltrabajo.cl\/portal\/wp-content\/uploads\/2013\/10\/indap1.jpg?resize=150%2C95&amp;ssl=1 150w, https:\/\/i0.wp.com\/eltrabajo.cl\/portal\/wp-content\/uploads\/2013\/10\/indap1.jpg?resize=400%2C255&amp;ssl=1 400w\" sizes=\"auto, (max-width: 529px) 100vw, 529px\" \/><\/a><figcaption id=\"caption-attachment-38903\" class=\"wp-caption-text\">La entrega de recursos por parte de Indap a los agricultores de la provincia de San Felipe, fue destacada por la Gobernadora Patricia Boffa.<\/figcaption><\/figure>\n<p>La entrega de recursos por parte de Indap a los agricultores de la provincia de San Felipe, que resultaron afectados por las heladas del pasado 16 de septiembre, fue destacada por la Gobernadora Patricia Boffa. A trav\u00e9s de una sencilla ceremonia realizada en las oficinas de Indap San Felipe y con la presencia de la Gobernadora Patricia Boffa y Edith Quiroz de Los Andes, junto al Director Regional de Indap, Alejandro Peirano, hicieron entrega de los recursos a cada uno de los agricultores beneficiados.<\/p>\n<p>\u00abLo que hemos entregado es un bono compensatorio para los agricultores que tuvieron problemas con las heladas. Se trata de un proceso, que se inicia con un denuncio, con una denominaci\u00f3n de decreto de emergencia, una verificaci\u00f3n en terreno, la evaluaci\u00f3n de un comit\u00e9, para terminar con el giro de los respectivos recursos. En esta oportunidad, Indap est\u00e1 entregando cerca de 12 millones de pesos, sin embargo nosotros seguimos recibiendo denuncios por parte de los agricultores, pues los efectos de las heladas han mostrado su segunda cara, pues frutos que estaban adosados al \u00e1rbol, se comenzaron a caer, por lo tanto, vamos a continuar con las verificaciones y como gobierno seguiremos al lado de nuestros agricultores y no los dejaremos solo\u00bb, dijo Peirano.<\/p>\n<p>Por su parte la Gobernadora Provincial de San Felipe, Patricia Boffa, destac\u00f3 que esto es el resultado del constante apoyo del Gobierno del Presidente Pi\u00f1era hacia nuestros agricultores.<\/p>\n<p>\u00abSostuve varias reuniones junto al Intendente con el comit\u00e9 de sequ\u00eda y en cada una de ellas reitere como Gobernadora mi preocupaci\u00f3n por la situaci\u00f3n de los agricultores y fruticultores. \u00abHay productores que a ra\u00edz de las heladas han debido enfrentar perdidas en sus cultivos, espec\u00edficamente la comuna de Putaendo, por lo tanto, junto a Indap lo que hacemos es estar con ellos y hacer entrega de una ayuda r\u00e1pida y efectiva\u00bb.<\/p>\n","protected":false},"excerpt":{"rendered":"<p>La entrega de recursos por parte de Indap a los agricultores de la provincia de San Felipe, que resultaron afectados por las heladas del pasado 16 de septiembre, fue destacada por la&#8230;<\/p>\n","protected":false},"author":482,"featured_media":38903,"comment_status":"open","ping_status":"closed","sticky":false,"template":"","format":"standard","meta":{"advanced_seo_description":"","jetpack_seo_html_title":"","jetpack_seo_noindex":false,"_jetpack_memberships_contains_paid_content":false,"footnotes":""},"categories":[15],"tags":[],"class_list":["post-38902","post","type-post","status-publish","format-standard","has-post-thumbnail","hentry","category-comunidad"],"jetpack_featured_media_url":"https:\/\/i0.wp.com\/eltrabajo.cl\/portal\/wp-content\/uploads\/2013\/10\/indap1.jpg?fit=529%2C338&ssl=1","jetpack_sharing_enabled":true,"jetpack_likes_enabled":true,"jetpack-related-posts":[],"_links":{"self":[{"href":"https:\/\/eltrabajo.cl\/portal\/wp-json\/wp\/v2\/posts\/38902","targetHints":{"allow":["GET"]}}],"collection":[{"href":"https:\/\/eltrabajo.cl\/portal\/wp-json\/wp\/v2\/posts"}],"about":[{"href":"https:\/\/eltrabajo.cl\/portal\/wp-json\/wp\/v2\/types\/post"}],"author":[{"embeddable":true,"href":"https:\/\/eltrabajo.cl\/portal\/wp-json\/wp\/v2\/users\/482"}],"replies":[{"embeddable":true,"href":"https:\/\/eltrabajo.cl\/portal\/wp-json\/wp\/v2\/comments?post=38902"}],"version-history":[{"count":0,"href":"https:\/\/eltrabajo.cl\/portal\/wp-json\/wp\/v2\/posts\/38902\/revisions"}],"wp:featuredmedia":[{"embeddable":true,"href":"https:\/\/eltrabajo.cl\/portal\/wp-json\/wp\/v2\/media\/38903"}],"wp:attachment":[{"href":"https:\/\/eltrabajo.cl\/portal\/wp-json\/wp\/v2\/media?parent=38902"}],"wp:term":[{"taxonomy":"category","embeddable":true,"href":"https:\/\/eltrabajo.cl\/portal\/wp-json\/wp\/v2\/categories?post=38902"},{"taxonomy":"post_tag","embeddable":true,"href":"https:\/\/eltrabajo.cl\/portal\/wp-json\/wp\/v2\/tags?post=38902"}],"curies":[{"name":"wp","href":"https:\/\/api.w.org\/{rel}","templated":true}]}}