{"id":38905,"date":"2013-10-22T09:57:02","date_gmt":"2013-10-22T12:57:02","guid":{"rendered":"http:\/\/www.eltrabajo.cl\/portal\/?p=38905"},"modified":"2013-10-22T09:57:02","modified_gmt":"2013-10-22T12:57:02","slug":"familia-palmita-ofrece-recompensa-por-datos-sobre-su-violenta-muerte","status":"publish","type":"post","link":"https:\/\/eltrabajo.cl\/portal\/familia-palmita-ofrece-recompensa-por-datos-sobre-su-violenta-muerte\/","title":{"rendered":"Familia \u2018Palmita\u2019 ofrece recompensa por datos sobre su violenta muerte"},"content":{"rendered":"<figure id=\"attachment_38906\" aria-describedby=\"caption-attachment-38906\" style=\"width: 317px\" class=\"wp-caption alignleft\"><a href=\"https:\/\/i0.wp.com\/www.eltrabajo.cl\/portal\/wp-content\/uploads\/2013\/10\/hijo-palmita1.jpg\"><img data-recalc-dims=\"1\" loading=\"lazy\" decoding=\"async\" class=\" wp-image-38906 \" title=\"Cristi\u00e1n Palma Fern\u00e1ndez, hijo de la v\u00edctima.\" alt=\"Cristi\u00e1n Palma Fern\u00e1ndez, hijo de la v\u00edctima.\" src=\"https:\/\/i0.wp.com\/www.eltrabajo.cl\/portal\/wp-content\/uploads\/2013\/10\/hijo-palmita1.jpg?resize=317%2C212\" width=\"317\" height=\"212\" srcset=\"https:\/\/i0.wp.com\/eltrabajo.cl\/portal\/wp-content\/uploads\/2013\/10\/hijo-palmita1.jpg?w=529&amp;ssl=1 529w, https:\/\/i0.wp.com\/eltrabajo.cl\/portal\/wp-content\/uploads\/2013\/10\/hijo-palmita1.jpg?resize=200%2C133&amp;ssl=1 200w, https:\/\/i0.wp.com\/eltrabajo.cl\/portal\/wp-content\/uploads\/2013\/10\/hijo-palmita1.jpg?resize=300%2C200&amp;ssl=1 300w, https:\/\/i0.wp.com\/eltrabajo.cl\/portal\/wp-content\/uploads\/2013\/10\/hijo-palmita1.jpg?resize=150%2C100&amp;ssl=1 150w, https:\/\/i0.wp.com\/eltrabajo.cl\/portal\/wp-content\/uploads\/2013\/10\/hijo-palmita1.jpg?resize=400%2C266&amp;ssl=1 400w\" sizes=\"auto, (max-width: 317px) 100vw, 317px\" \/><\/a><figcaption id=\"caption-attachment-38906\" class=\"wp-caption-text\">Cristi\u00e1n Palma Fern\u00e1ndez, hijo de la v\u00edctima.<\/figcaption><\/figure>\n<p><strong>LOS ANDES<\/strong>.- La familia del trabajador de Gardilcic, Miguel Palma M\u00e9ndez (60), quien muri\u00f3 atropellado por un conductor ebrio el pasado 16 de agosto, ofreci\u00f3 una recompensa en dinero para obtener alguna informaci\u00f3n sobre la identidad del causante de este fatal accidente. Cristi\u00e1n Palma Fern\u00e1ndez, hijo de la v\u00edctima, se\u00f1al\u00f3 que hasta ahora las indagaciones policiales no han permitido dar con el autor del atropello, \u00abpor lo que nosotros como familia queremos dar a conocer que estamos angustiados, sobre todo mi madre que est\u00e1 con una depresi\u00f3n bastante fuerte y ella est\u00e1 ofreciendo un monto de dinero para quien nos de datos para poder salir de esta angustia\u00bb.<\/p>\n<p>Palma dijo que hay dos testigos del hecho, una menor de edad y el compa\u00f1ero de trabajo de su padre, \u00abpero la menor no se acuerda de la patente, pero dice que es un veh\u00edculo de color blanco marca Hyundai y el compa\u00f1ero de mi pap\u00e1 que dice que vio lo mismo y dice que qued\u00f3 choqueado, pero en realidad cuando uno ve un accidente siempre va a recordar detalles y \u00e9l como compa\u00f1ero no nos ha dado todo el apoyo entregando esta informaci\u00f3n\u00bb, asegura Palma.<\/p>\n<figure id=\"attachment_38907\" aria-describedby=\"caption-attachment-38907\" style=\"width: 190px\" class=\"wp-caption alignright\"><a href=\"https:\/\/i0.wp.com\/www.eltrabajo.cl\/portal\/wp-content\/uploads\/2013\/10\/palmita.jpg\"><img data-recalc-dims=\"1\" loading=\"lazy\" decoding=\"async\" class=\" wp-image-38907  \" title=\"Miguel Palma M\u00e9ndez (60), muri\u00f3 atropellado por un conductor ebrio el pasado 16 de agosto.\" alt=\"Miguel Palma M\u00e9ndez (60), muri\u00f3 atropellado por un conductor ebrio el pasado 16 de agosto.\" src=\"https:\/\/i0.wp.com\/www.eltrabajo.cl\/portal\/wp-content\/uploads\/2013\/10\/palmita.jpg?resize=190%2C211\" width=\"190\" height=\"211\" srcset=\"https:\/\/i0.wp.com\/eltrabajo.cl\/portal\/wp-content\/uploads\/2013\/10\/palmita.jpg?w=529&amp;ssl=1 529w, https:\/\/i0.wp.com\/eltrabajo.cl\/portal\/wp-content\/uploads\/2013\/10\/palmita.jpg?resize=135%2C150&amp;ssl=1 135w, https:\/\/i0.wp.com\/eltrabajo.cl\/portal\/wp-content\/uploads\/2013\/10\/palmita.jpg?resize=270%2C300&amp;ssl=1 270w, https:\/\/i0.wp.com\/eltrabajo.cl\/portal\/wp-content\/uploads\/2013\/10\/palmita.jpg?resize=400%2C443&amp;ssl=1 400w\" sizes=\"auto, (max-width: 190px) 100vw, 190px\" \/><\/a><figcaption id=\"caption-attachment-38907\" class=\"wp-caption-text\">Miguel Palma M\u00e9ndez (60), muri\u00f3 atropellado por un conductor ebrio el pasado 16 de agosto.<\/figcaption><\/figure>\n<p>Lament\u00f3 que toda la informaci\u00f3n recogida hasta ahora ha sido muy escasa y por eso decidieron recurrir a esta alternativa de ofrecer dinero para ubicar a esta persona, \u00aba quien le dio lo mismo haber atropellado a alguien y luego darse a la fuga\u00bb. El hijo de la v\u00edctima sostuvo que toda la informaci\u00f3n que sea canalizada ser\u00e1 entregada a la fiscal\u00eda y una vez que se tenga al autor ser\u00e1 entregada la recompensa en dinero cuyo monto declin\u00f3 entregar, \u00abpero es una cifra no menor ni despreciable\u00bb. Indic\u00f3 que cualquier informaci\u00f3n puede ser enviada a su correo electr\u00f3nico marcelopalma36@hotmail.cl.<\/p>\n<p>&nbsp;<\/p>\n","protected":false},"excerpt":{"rendered":"<p>LOS ANDES.- La familia del trabajador de Gardilcic, Miguel Palma M\u00e9ndez (60), quien muri\u00f3 atropellado por un conductor ebrio el pasado 16 de agosto, ofreci\u00f3 una recompensa en dinero para obtener alguna&#8230;<\/p>\n","protected":false},"author":482,"featured_media":38906,"comment_status":"open","ping_status":"closed","sticky":false,"template":"","format":"standard","meta":{"advanced_seo_description":"","jetpack_seo_html_title":"","jetpack_seo_noindex":false,"_jetpack_memberships_contains_paid_content":false,"footnotes":""},"categories":[15],"tags":[],"class_list":["post-38905","post","type-post","status-publish","format-standard","has-post-thumbnail","hentry","category-comunidad"],"jetpack_featured_media_url":"https:\/\/i0.wp.com\/eltrabajo.cl\/portal\/wp-content\/uploads\/2013\/10\/hijo-palmita1.jpg?fit=529%2C353&ssl=1","jetpack_sharing_enabled":true,"jetpack_likes_enabled":true,"jetpack-related-posts":[],"_links":{"self":[{"href":"https:\/\/eltrabajo.cl\/portal\/wp-json\/wp\/v2\/posts\/38905","targetHints":{"allow":["GET"]}}],"collection":[{"href":"https:\/\/eltrabajo.cl\/portal\/wp-json\/wp\/v2\/posts"}],"about":[{"href":"https:\/\/eltrabajo.cl\/portal\/wp-json\/wp\/v2\/types\/post"}],"author":[{"embeddable":true,"href":"https:\/\/eltrabajo.cl\/portal\/wp-json\/wp\/v2\/users\/482"}],"replies":[{"embeddable":true,"href":"https:\/\/eltrabajo.cl\/portal\/wp-json\/wp\/v2\/comments?post=38905"}],"version-history":[{"count":0,"href":"https:\/\/eltrabajo.cl\/portal\/wp-json\/wp\/v2\/posts\/38905\/revisions"}],"wp:featuredmedia":[{"embeddable":true,"href":"https:\/\/eltrabajo.cl\/portal\/wp-json\/wp\/v2\/media\/38906"}],"wp:attachment":[{"href":"https:\/\/eltrabajo.cl\/portal\/wp-json\/wp\/v2\/media?parent=38905"}],"wp:term":[{"taxonomy":"category","embeddable":true,"href":"https:\/\/eltrabajo.cl\/portal\/wp-json\/wp\/v2\/categories?post=38905"},{"taxonomy":"post_tag","embeddable":true,"href":"https:\/\/eltrabajo.cl\/portal\/wp-json\/wp\/v2\/tags?post=38905"}],"curies":[{"name":"wp","href":"https:\/\/api.w.org\/{rel}","templated":true}]}}