{"id":38941,"date":"2013-10-23T09:47:25","date_gmt":"2013-10-23T12:47:25","guid":{"rendered":"http:\/\/www.eltrabajo.cl\/portal\/?p=38941"},"modified":"2013-10-23T09:47:25","modified_gmt":"2013-10-23T12:47:25","slug":"dirigentes-sociales-participaron-en-escuela-de-gestion-publica","status":"publish","type":"post","link":"https:\/\/eltrabajo.cl\/portal\/dirigentes-sociales-participaron-en-escuela-de-gestion-publica\/","title":{"rendered":"Dirigentes sociales participaron en Escuela de Gesti\u00f3n P\u00fablica"},"content":{"rendered":"<figure id=\"attachment_38942\" aria-describedby=\"caption-attachment-38942\" style=\"width: 528px\" class=\"wp-caption alignnone\"><a href=\"https:\/\/i0.wp.com\/www.eltrabajo.cl\/portal\/wp-content\/uploads\/2013\/10\/autoridades11.jpg\"><img data-recalc-dims=\"1\" loading=\"lazy\" decoding=\"async\" class=\"size-full wp-image-38942\" title=\"Los dirigentes sociales que participaron en Escuela de Gesti\u00f3n P\u00fablica en Santa Mar\u00eda, expusieron sus ideas con miras a encontrar soluciones a temas permanentes que favorecer\u00e1n a las fuerzas vivas del valle.\" alt=\"Los dirigentes sociales que participaron en Escuela de Gesti\u00f3n P\u00fablica en Santa Mar\u00eda, expusieron sus ideas con miras a encontrar soluciones a temas permanentes que favorecer\u00e1n a las fuerzas vivas del valle.\" src=\"https:\/\/i0.wp.com\/www.eltrabajo.cl\/portal\/wp-content\/uploads\/2013\/10\/autoridades11.jpg?resize=528%2C359\" width=\"528\" height=\"359\" srcset=\"https:\/\/i0.wp.com\/eltrabajo.cl\/portal\/wp-content\/uploads\/2013\/10\/autoridades11.jpg?w=528&amp;ssl=1 528w, https:\/\/i0.wp.com\/eltrabajo.cl\/portal\/wp-content\/uploads\/2013\/10\/autoridades11.jpg?resize=200%2C135&amp;ssl=1 200w, https:\/\/i0.wp.com\/eltrabajo.cl\/portal\/wp-content\/uploads\/2013\/10\/autoridades11.jpg?resize=300%2C203&amp;ssl=1 300w, https:\/\/i0.wp.com\/eltrabajo.cl\/portal\/wp-content\/uploads\/2013\/10\/autoridades11.jpg?resize=150%2C101&amp;ssl=1 150w, https:\/\/i0.wp.com\/eltrabajo.cl\/portal\/wp-content\/uploads\/2013\/10\/autoridades11.jpg?resize=400%2C271&amp;ssl=1 400w\" sizes=\"auto, (max-width: 528px) 100vw, 528px\" \/><\/a><figcaption id=\"caption-attachment-38942\" class=\"wp-caption-text\">Los dirigentes sociales que participaron en Escuela de Gesti\u00f3n P\u00fablica en Santa Mar\u00eda, expusieron sus ideas con miras a encontrar soluciones a temas permanentes que favorecer\u00e1n a las fuerzas vivas del valle.<\/figcaption><\/figure>\n<p>Ingreso \u00c9tico Familiar, Reforma de K\u00ednder Obligatorio y Necesidades Educativas, fueron los temas tratados durante la Escuela de Gesti\u00f3n P\u00fablica realizada por la Divisi\u00f3n de Organizaciones Sociales (D.O.S.) de la Seremi de Gobierno, en conjunto con la Escuela de Lenguaje Hakuna Matata, en la Comuna de Santa Mar\u00eda. Esta actividad que fue encabezada por la Gobernadora Provincial Patricia Boffa, junto con la asistencia de las Seremis de Gobierno, Mar\u00eda Ang\u00e9lica Silva; Educaci\u00f3n Patricia Colarte; Desarrollo Social Mar\u00eda de Los \u00c1ngeles de La Paz y con el apoyo del Municipio que estuvo representado por el Alcalde Claudio Zurita.<\/p>\n<p>La Seremi de Gobierno, Mar\u00eda Ang\u00e9lica Silva, destac\u00f3 esta iniciativa que dio a conocer a dirigentes sociales de Santa Mar\u00eda dos importantes pol\u00edticas p\u00fablicas del Gobierno del Presidente Sebasti\u00e1n Pi\u00f1era como son Ingreso \u00c9tico Familiar y la Educaci\u00f3n Pre Escolar, \u00abson pilares fundamentales dentro de la programaci\u00f3n de desaf\u00edos que ha tenido el Gobierno del Presidente Sebasti\u00e1n Pi\u00f1era durante su mandato y, por lo mismo, decirle a toda la comunidad que con el mismo entusiasmo y \u00e1nimo trabajaremos hasta el \u00faltimo d\u00eda del Gobierno\u00bb.<\/p>\n<p>La exposici\u00f3n sobre el tema de Ingreso \u00c9tico Familiar estuvo a cargo de la Seremi de Desarrollo Social, Mar\u00eda de Los \u00c1ngeles de La Paz, quien valor\u00f3 esta posibilidad de informar y comunicar esta importante iniciativa, \u00abcreemos fundamental que el Gobierno se acerque a las comunas que est\u00e1n m\u00e1s alejadas del Gobierno Central. Por lo tanto, es muy importante que hemos concurrido Gobernadora, Seremi de Gobierno, de Educaci\u00f3n, Alcalde y Seremi de Desarrollo Social a difundir el Ingreso \u00c9tico Social\u00bb.<\/p>\n<p>Por su parte, la Seremi de Educaci\u00f3n, Patricia Colarte, expuso los aspectos relacionados con la Educaci\u00f3n Pre Escolar, ya que \u00ablos dirigentes sociales son una tremenda vinculaci\u00f3n con las familias y con los padres y apoderados. Ellos ejercen un liderazgo en sus comunidades educativas y, por lo tanto, a nosotros nos interesa mucho que sean el vaso comunicador de estas pol\u00edticas p\u00fablicas\u00bb.<\/p>\n<p>Una iniciativa de Participaci\u00f3n Ciudadana que cont\u00f3 con el aporte de la Escuela de Lenguaje Hakuna Matata, lo que fue destacado por la Gobernadora Provincial de San Felipe, Patricia Boffa, \u00abla comunidad pudo conocer de la voz de sus protagonistas estas importantes pol\u00edticas p\u00fablicas que ha implementado el Gobierno del Presidente Sebasti\u00e1n Pi\u00f1era. El Gobierno est\u00e1 en terreno, es la instrucci\u00f3n que tenemos de nuestro Presidente, estar en terreno hasta el \u00faltimo d\u00eda de nuestro mandato\u00bb, se\u00f1al\u00f3 la Gobernadora Boffa.<\/p>\n<p>&nbsp;<\/p>\n","protected":false},"excerpt":{"rendered":"<p>Ingreso \u00c9tico Familiar, Reforma de K\u00ednder Obligatorio y Necesidades Educativas, fueron los temas tratados durante la Escuela de Gesti\u00f3n P\u00fablica realizada por la Divisi\u00f3n de Organizaciones Sociales (D.O.S.) de la Seremi de&#8230;<\/p>\n","protected":false},"author":482,"featured_media":38942,"comment_status":"open","ping_status":"closed","sticky":false,"template":"","format":"standard","meta":{"advanced_seo_description":"","jetpack_seo_html_title":"","jetpack_seo_noindex":false,"_jetpack_memberships_contains_paid_content":false,"footnotes":""},"categories":[15],"tags":[],"class_list":["post-38941","post","type-post","status-publish","format-standard","has-post-thumbnail","hentry","category-comunidad"],"jetpack_featured_media_url":"https:\/\/i0.wp.com\/eltrabajo.cl\/portal\/wp-content\/uploads\/2013\/10\/autoridades11.jpg?fit=528%2C359&ssl=1","jetpack_sharing_enabled":true,"jetpack_likes_enabled":true,"jetpack-related-posts":[],"_links":{"self":[{"href":"https:\/\/eltrabajo.cl\/portal\/wp-json\/wp\/v2\/posts\/38941","targetHints":{"allow":["GET"]}}],"collection":[{"href":"https:\/\/eltrabajo.cl\/portal\/wp-json\/wp\/v2\/posts"}],"about":[{"href":"https:\/\/eltrabajo.cl\/portal\/wp-json\/wp\/v2\/types\/post"}],"author":[{"embeddable":true,"href":"https:\/\/eltrabajo.cl\/portal\/wp-json\/wp\/v2\/users\/482"}],"replies":[{"embeddable":true,"href":"https:\/\/eltrabajo.cl\/portal\/wp-json\/wp\/v2\/comments?post=38941"}],"version-history":[{"count":0,"href":"https:\/\/eltrabajo.cl\/portal\/wp-json\/wp\/v2\/posts\/38941\/revisions"}],"wp:featuredmedia":[{"embeddable":true,"href":"https:\/\/eltrabajo.cl\/portal\/wp-json\/wp\/v2\/media\/38942"}],"wp:attachment":[{"href":"https:\/\/eltrabajo.cl\/portal\/wp-json\/wp\/v2\/media?parent=38941"}],"wp:term":[{"taxonomy":"category","embeddable":true,"href":"https:\/\/eltrabajo.cl\/portal\/wp-json\/wp\/v2\/categories?post=38941"},{"taxonomy":"post_tag","embeddable":true,"href":"https:\/\/eltrabajo.cl\/portal\/wp-json\/wp\/v2\/tags?post=38941"}],"curies":[{"name":"wp","href":"https:\/\/api.w.org\/{rel}","templated":true}]}}