{"id":38944,"date":"2013-10-23T09:49:25","date_gmt":"2013-10-23T12:49:25","guid":{"rendered":"http:\/\/www.eltrabajo.cl\/portal\/?p=38944"},"modified":"2013-10-23T09:49:25","modified_gmt":"2013-10-23T12:49:25","slug":"productores-aprendieron-buenas-practicas-en-el-uso-seguro-de-plaguicidas","status":"publish","type":"post","link":"https:\/\/eltrabajo.cl\/portal\/productores-aprendieron-buenas-practicas-en-el-uso-seguro-de-plaguicidas\/","title":{"rendered":"Productores aprendieron buenas pr\u00e1cticas en el uso seguro de plaguicidas"},"content":{"rendered":"<figure id=\"attachment_38945\" aria-describedby=\"caption-attachment-38945\" style=\"width: 529px\" class=\"wp-caption alignnone\"><a href=\"https:\/\/i0.wp.com\/www.eltrabajo.cl\/portal\/wp-content\/uploads\/2013\/10\/plaguicidas.jpg\"><img data-recalc-dims=\"1\" loading=\"lazy\" decoding=\"async\" class=\"size-full wp-image-38945\" title=\"La actividad fue organizada por el Comit\u00e9 Regional de Plaguicidas con apoyo de profesionales de la Seremi de Agricultura, Salud, Trabajo, SAG y dem\u00e1s servicios que integran el comit\u00e9.\" alt=\"La actividad fue organizada por el Comit\u00e9 Regional de Plaguicidas con apoyo de profesionales de la Seremi de Agricultura, Salud, Trabajo, SAG y dem\u00e1s servicios que integran el comit\u00e9.\" src=\"https:\/\/i0.wp.com\/www.eltrabajo.cl\/portal\/wp-content\/uploads\/2013\/10\/plaguicidas.jpg?resize=529%2C381\" width=\"529\" height=\"381\" srcset=\"https:\/\/i0.wp.com\/eltrabajo.cl\/portal\/wp-content\/uploads\/2013\/10\/plaguicidas.jpg?w=529&amp;ssl=1 529w, https:\/\/i0.wp.com\/eltrabajo.cl\/portal\/wp-content\/uploads\/2013\/10\/plaguicidas.jpg?resize=200%2C144&amp;ssl=1 200w, https:\/\/i0.wp.com\/eltrabajo.cl\/portal\/wp-content\/uploads\/2013\/10\/plaguicidas.jpg?resize=300%2C216&amp;ssl=1 300w, https:\/\/i0.wp.com\/eltrabajo.cl\/portal\/wp-content\/uploads\/2013\/10\/plaguicidas.jpg?resize=150%2C108&amp;ssl=1 150w, https:\/\/i0.wp.com\/eltrabajo.cl\/portal\/wp-content\/uploads\/2013\/10\/plaguicidas.jpg?resize=400%2C288&amp;ssl=1 400w\" sizes=\"auto, (max-width: 529px) 100vw, 529px\" \/><\/a><figcaption id=\"caption-attachment-38945\" class=\"wp-caption-text\">La actividad fue organizada por el Comit\u00e9 Regional de Plaguicidas con apoyo de profesionales de la Seremi de Agricultura, Salud, Trabajo, SAG y dem\u00e1s servicios que integran el comit\u00e9.<\/figcaption><\/figure>\n<p><strong>ACONCAGUA<\/strong>.- Como una importante iniciativa de capacitaci\u00f3n para la peque\u00f1a agricultura, fue calificado el taller \u2018Buenas Pr\u00e1cticas de Trabajo en el Uso Correcto de Plaguicidas\u2019, organizado por el Comit\u00e9 Regional de Plaguicidas que lidera la Secretar\u00eda Regional Ministerial de Agricultura y que convoc\u00f3 a m\u00e1s de 40 productores y productoras usuarias del Prodesal de Indap, de las provincias de San Felipe y Los Andes. En la oportunidad, se abordaron conceptos b\u00e1sicos y prevenci\u00f3n en el uso de plaguicidas; se capacit\u00f3 a los asistentes en triple lavado de productos fitosanitarios; se expuso sobre el diagn\u00f3stico regional de plaguicidas; se explic\u00f3 la situaci\u00f3n que enfrenta la regi\u00f3n en emergencias agr\u00edcolas y se realizaron talleres pr\u00e1cticos de desarrollo de casos para finalizar con exposiciones del trabajo realizado por los asistentes al taller.<\/p>\n<p>Emilia Gallardo, productora de tomates de la comuna de Catemu, valor\u00f3 la iniciativa, pues seg\u00fan se\u00f1al\u00f3, \u00abestos talleres son muy buenos para aprender y al mismo tiempo traspasar los conocimientos a la gente de nuestro entorno, nos hac\u00eda mucha falta. Para m\u00ed fue muy beneficioso, porque hay muchas cosas que uno no sabe y en estas instancias uno se interioriza, logrando as\u00ed proteger nuestra salud, nuestros productos y el medio ambiente\u00bb.<\/p>\n<p>En la oportunidad, el Seremi de Agricultura, Francesco Venezian, expuso sobre la realidad regional en el uso de plaguicidas y adem\u00e1s explic\u00f3 la situaci\u00f3n de emergencia agr\u00edcola generada por las \u00faltimas heladas del mes de septiembre y principios de octubre que superaron los &#8211; 6 \u00b0C en algunas comunas de la regi\u00f3n, implicancias del decreto y apoyo concreto a los afectados.<\/p>\n<p>&nbsp;<\/p>\n","protected":false},"excerpt":{"rendered":"<p>ACONCAGUA.- Como una importante iniciativa de capacitaci\u00f3n para la peque\u00f1a agricultura, fue calificado el taller \u2018Buenas Pr\u00e1cticas de Trabajo en el Uso Correcto de Plaguicidas\u2019, organizado por el Comit\u00e9 Regional de Plaguicidas&#8230;<\/p>\n","protected":false},"author":482,"featured_media":38945,"comment_status":"open","ping_status":"closed","sticky":false,"template":"","format":"standard","meta":{"advanced_seo_description":"","jetpack_seo_html_title":"","jetpack_seo_noindex":false,"_jetpack_memberships_contains_paid_content":false,"footnotes":""},"categories":[15],"tags":[],"class_list":["post-38944","post","type-post","status-publish","format-standard","has-post-thumbnail","hentry","category-comunidad"],"jetpack_featured_media_url":"https:\/\/i0.wp.com\/eltrabajo.cl\/portal\/wp-content\/uploads\/2013\/10\/plaguicidas.jpg?fit=529%2C381&ssl=1","jetpack_sharing_enabled":true,"jetpack_likes_enabled":true,"jetpack-related-posts":[],"_links":{"self":[{"href":"https:\/\/eltrabajo.cl\/portal\/wp-json\/wp\/v2\/posts\/38944","targetHints":{"allow":["GET"]}}],"collection":[{"href":"https:\/\/eltrabajo.cl\/portal\/wp-json\/wp\/v2\/posts"}],"about":[{"href":"https:\/\/eltrabajo.cl\/portal\/wp-json\/wp\/v2\/types\/post"}],"author":[{"embeddable":true,"href":"https:\/\/eltrabajo.cl\/portal\/wp-json\/wp\/v2\/users\/482"}],"replies":[{"embeddable":true,"href":"https:\/\/eltrabajo.cl\/portal\/wp-json\/wp\/v2\/comments?post=38944"}],"version-history":[{"count":0,"href":"https:\/\/eltrabajo.cl\/portal\/wp-json\/wp\/v2\/posts\/38944\/revisions"}],"wp:featuredmedia":[{"embeddable":true,"href":"https:\/\/eltrabajo.cl\/portal\/wp-json\/wp\/v2\/media\/38945"}],"wp:attachment":[{"href":"https:\/\/eltrabajo.cl\/portal\/wp-json\/wp\/v2\/media?parent=38944"}],"wp:term":[{"taxonomy":"category","embeddable":true,"href":"https:\/\/eltrabajo.cl\/portal\/wp-json\/wp\/v2\/categories?post=38944"},{"taxonomy":"post_tag","embeddable":true,"href":"https:\/\/eltrabajo.cl\/portal\/wp-json\/wp\/v2\/tags?post=38944"}],"curies":[{"name":"wp","href":"https:\/\/api.w.org\/{rel}","templated":true}]}}