{"id":38947,"date":"2013-10-23T09:51:12","date_gmt":"2013-10-23T12:51:12","guid":{"rendered":"http:\/\/www.eltrabajo.cl\/portal\/?p=38947"},"modified":"2013-10-23T09:51:12","modified_gmt":"2013-10-23T12:51:12","slug":"buscan-coordinar-medidas-por-uso-del-agua-de-riego","status":"publish","type":"post","link":"https:\/\/eltrabajo.cl\/portal\/buscan-coordinar-medidas-por-uso-del-agua-de-riego\/","title":{"rendered":"Buscan coordinar medidas por uso del agua de riego"},"content":{"rendered":"<figure id=\"attachment_38948\" aria-describedby=\"caption-attachment-38948\" style=\"width: 529px\" class=\"wp-caption alignnone\"><a href=\"https:\/\/i0.wp.com\/www.eltrabajo.cl\/portal\/wp-content\/uploads\/2013\/10\/reunion1.jpg\"><img data-recalc-dims=\"1\" loading=\"lazy\" decoding=\"async\" class=\"size-full wp-image-38948\" title=\"Una solicitud que permita el auxilio de la fuerza p\u00fablica, cuando se hagan las denuncias por el robo del agua de riego, realiz\u00f3 la Directiva de la Junta de Vigilancia del R\u00edo de Putaendo a la Gobernadora Provincial, Patricia Boffa.\" alt=\"Una solicitud que permita el auxilio de la fuerza p\u00fablica, cuando se hagan las denuncias por el robo del agua de riego, realiz\u00f3 la Directiva de la Junta de Vigilancia del R\u00edo de Putaendo a la Gobernadora Provincial, Patricia Boffa.\" src=\"https:\/\/i0.wp.com\/www.eltrabajo.cl\/portal\/wp-content\/uploads\/2013\/10\/reunion1.jpg?resize=529%2C353\" width=\"529\" height=\"353\" srcset=\"https:\/\/i0.wp.com\/eltrabajo.cl\/portal\/wp-content\/uploads\/2013\/10\/reunion1.jpg?w=529&amp;ssl=1 529w, https:\/\/i0.wp.com\/eltrabajo.cl\/portal\/wp-content\/uploads\/2013\/10\/reunion1.jpg?resize=200%2C133&amp;ssl=1 200w, https:\/\/i0.wp.com\/eltrabajo.cl\/portal\/wp-content\/uploads\/2013\/10\/reunion1.jpg?resize=300%2C200&amp;ssl=1 300w, https:\/\/i0.wp.com\/eltrabajo.cl\/portal\/wp-content\/uploads\/2013\/10\/reunion1.jpg?resize=150%2C100&amp;ssl=1 150w, https:\/\/i0.wp.com\/eltrabajo.cl\/portal\/wp-content\/uploads\/2013\/10\/reunion1.jpg?resize=400%2C266&amp;ssl=1 400w\" sizes=\"auto, (max-width: 529px) 100vw, 529px\" \/><\/a><figcaption id=\"caption-attachment-38948\" class=\"wp-caption-text\">Una solicitud que permita el auxilio de la fuerza p\u00fablica, cuando se hagan las denuncias por el robo del agua de riego, realiz\u00f3 la Directiva de la Junta de Vigilancia del R\u00edo de Putaendo a la Gobernadora Provincial, Patricia Boffa.<\/figcaption><\/figure>\n<p>Una solicitud que permita el auxilio de la fuerza p\u00fablica, cuando se hagan las denuncias por el robo del agua de riego, realiz\u00f3 la Directiva de la Junta de Vigilancia del R\u00edo de Putaendo a la Gobernadora Provincial, Patricia Boffa.<\/p>\n<p>Los dirigentes, encabezados por su Presidente Jos\u00e9 Manuel Cartes junto a la autoridad policial, se reunieron con el Subprefecto de Carabineros, el Comandante Francisco Castro Leyton, donde se explic\u00f3 que producto de la situaci\u00f3n de sequ\u00eda que afecta a la regi\u00f3n, se hace necesario resguardar y distribuir el recurso h\u00eddrico, de acuerdo a los derechos establecidos por cada agricultor.<\/p>\n<p>Explic\u00f3 Cartes que son 3.500 los agricultores que se alimentan del curso del R\u00edo Putaendo, que se inicia en el sector de Los Patos y que se prolonga hasta su desembocadura con el R\u00edo Aconcagua a la altura del sector Escorial.<\/p>\n<p>\u00abEste es un a\u00f1o donde vamos a tener iguales o mayores problemas a los registrado el 2012. Si bien el a\u00f1o pasado evitamos una gran cantidad de problemas del robo del agua en base a la colaboraci\u00f3n que nos prest\u00f3 carabineros, para nosotros fue de gran utilidad. Por lo tanto, como fue un buen ejemplo el del a\u00f1o pasado, hemos coordinado nuevamente para tener una campa\u00f1a y evitar los robos de agua y que cada uno de los regantes tenga el derecho de agua que le corresponde\u00bb, a\u00f1adi\u00f3 Cartes.<\/p>\n<p>Por su parte el Subprefecto de Carabineros, Comandante Francisco Castro, afirm\u00f3 que la instituci\u00f3n \u00e1do el apoyo que sea necesario, dentro de las atribuciones del marco jur\u00eddico.<\/p>\n<p>\u00abLa idea es generar una alianza estrat\u00e9gica, entre la Gobernaci\u00f3n Provincial, la Junta de Vigilancia y Carabineros de Chile, para que la distribuci\u00f3n de las aguas, sea la m\u00e1s equitativa posible. Nosotros como Carabineros, nos ponemos a disposici\u00f3n de la Junta de Vigilancia y cada vez que tengamos la informaci\u00f3n que usufructo indebido del agua, vamos apersonarnos para tomar las medidas del agua\u00bb.<\/p>\n<p>Finalmente la Gobernadora Patricia Boffa, reiter\u00f3 que lo m\u00e1s importante es que los agricultores de la comuna de Putaendo tomen conciencia de lo delicado que puede ser la situaci\u00f3n de escasez h\u00eddrica y se haga buen uso de estos recursos.<\/p>\n<p>\u00abNosotros como gobernaci\u00f3n hemos actuado como coordinadores, para que la Junta de Vigilancia con Carabineros, hagan una alianza de operaciones y se puede de esta manera garantizar que el agua que escure por el r\u00edo de la comuna sea usada de acuerdo a cada derecho establecido. Nos interesa que el proceso se realice sin mayores complicaciones y por ello hemos prestado la m\u00e1xima colaboraci\u00f3n\u00bb, se\u00f1al\u00f3 Boffa.<\/p>\n<p>&nbsp;<\/p>\n","protected":false},"excerpt":{"rendered":"<p>Una solicitud que permita el auxilio de la fuerza p\u00fablica, cuando se hagan las denuncias por el robo del agua de riego, realiz\u00f3 la Directiva de la Junta de Vigilancia del R\u00edo&#8230;<\/p>\n","protected":false},"author":482,"featured_media":38948,"comment_status":"open","ping_status":"closed","sticky":false,"template":"","format":"standard","meta":{"advanced_seo_description":"","jetpack_seo_html_title":"","jetpack_seo_noindex":false,"_jetpack_memberships_contains_paid_content":false,"footnotes":""},"categories":[15],"tags":[],"class_list":["post-38947","post","type-post","status-publish","format-standard","has-post-thumbnail","hentry","category-comunidad"],"jetpack_featured_media_url":"https:\/\/i0.wp.com\/eltrabajo.cl\/portal\/wp-content\/uploads\/2013\/10\/reunion1.jpg?fit=529%2C353&ssl=1","jetpack_sharing_enabled":true,"jetpack_likes_enabled":true,"jetpack-related-posts":[],"_links":{"self":[{"href":"https:\/\/eltrabajo.cl\/portal\/wp-json\/wp\/v2\/posts\/38947","targetHints":{"allow":["GET"]}}],"collection":[{"href":"https:\/\/eltrabajo.cl\/portal\/wp-json\/wp\/v2\/posts"}],"about":[{"href":"https:\/\/eltrabajo.cl\/portal\/wp-json\/wp\/v2\/types\/post"}],"author":[{"embeddable":true,"href":"https:\/\/eltrabajo.cl\/portal\/wp-json\/wp\/v2\/users\/482"}],"replies":[{"embeddable":true,"href":"https:\/\/eltrabajo.cl\/portal\/wp-json\/wp\/v2\/comments?post=38947"}],"version-history":[{"count":0,"href":"https:\/\/eltrabajo.cl\/portal\/wp-json\/wp\/v2\/posts\/38947\/revisions"}],"wp:featuredmedia":[{"embeddable":true,"href":"https:\/\/eltrabajo.cl\/portal\/wp-json\/wp\/v2\/media\/38948"}],"wp:attachment":[{"href":"https:\/\/eltrabajo.cl\/portal\/wp-json\/wp\/v2\/media?parent=38947"}],"wp:term":[{"taxonomy":"category","embeddable":true,"href":"https:\/\/eltrabajo.cl\/portal\/wp-json\/wp\/v2\/categories?post=38947"},{"taxonomy":"post_tag","embeddable":true,"href":"https:\/\/eltrabajo.cl\/portal\/wp-json\/wp\/v2\/tags?post=38947"}],"curies":[{"name":"wp","href":"https:\/\/api.w.org\/{rel}","templated":true}]}}