{"id":38950,"date":"2013-10-23T09:52:37","date_gmt":"2013-10-23T12:52:37","guid":{"rendered":"http:\/\/www.eltrabajo.cl\/portal\/?p=38950"},"modified":"2013-10-23T09:52:37","modified_gmt":"2013-10-23T12:52:37","slug":"presos-del-ccp-de-san-felipe-reciben-implementacion-deportiva","status":"publish","type":"post","link":"https:\/\/eltrabajo.cl\/portal\/presos-del-ccp-de-san-felipe-reciben-implementacion-deportiva\/","title":{"rendered":"Presos del CCP de San Felipe reciben implementaci\u00f3n deportiva"},"content":{"rendered":"<figure id=\"attachment_38951\" aria-describedby=\"caption-attachment-38951\" style=\"width: 529px\" class=\"wp-caption alignnone\"><a href=\"https:\/\/i0.wp.com\/www.eltrabajo.cl\/portal\/wp-content\/uploads\/2013\/10\/presos1.jpg\"><img data-recalc-dims=\"1\" loading=\"lazy\" decoding=\"async\" class=\"size-full wp-image-38951\" title=\"Muchos de los Internos del CCP San Felipe recibieron con alegr\u00eda los implementos deportivos de parte del municipio, mientras posaban para las c\u00e1maras de Diario El Trabajo.\" alt=\"Muchos de los Internos del CCP San Felipe recibieron con alegr\u00eda los implementos deportivos de parte del municipio, mientras posaban para las c\u00e1maras de Diario El Trabajo.\" src=\"https:\/\/i0.wp.com\/www.eltrabajo.cl\/portal\/wp-content\/uploads\/2013\/10\/presos1.jpg?resize=529%2C286\" width=\"529\" height=\"286\" srcset=\"https:\/\/i0.wp.com\/eltrabajo.cl\/portal\/wp-content\/uploads\/2013\/10\/presos1.jpg?w=529&amp;ssl=1 529w, https:\/\/i0.wp.com\/eltrabajo.cl\/portal\/wp-content\/uploads\/2013\/10\/presos1.jpg?resize=200%2C108&amp;ssl=1 200w, https:\/\/i0.wp.com\/eltrabajo.cl\/portal\/wp-content\/uploads\/2013\/10\/presos1.jpg?resize=300%2C162&amp;ssl=1 300w, https:\/\/i0.wp.com\/eltrabajo.cl\/portal\/wp-content\/uploads\/2013\/10\/presos1.jpg?resize=150%2C81&amp;ssl=1 150w, https:\/\/i0.wp.com\/eltrabajo.cl\/portal\/wp-content\/uploads\/2013\/10\/presos1.jpg?resize=400%2C216&amp;ssl=1 400w\" sizes=\"auto, (max-width: 529px) 100vw, 529px\" \/><\/a><figcaption id=\"caption-attachment-38951\" class=\"wp-caption-text\">Muchos de los Internos del CCP San Felipe recibieron con alegr\u00eda los implementos deportivos de parte del municipio, mientras posaban para las c\u00e1maras de Diario El Trabajo.<\/figcaption><\/figure>\n<p>Implementaci\u00f3n deportiva para la pr\u00e1ctica del baby-f\u00fatbol, fue lo que entregaron el Alcalde Patricio Freire y los concejales Dante Rodr\u00edguez y Jeanette Sotomayor este martes en el Centro de Cumplimiento Penitenciario de San Felipe. Las autoridades comunales llegaron acompa\u00f1ados de los directores de Desarrollo Comunitario, Pablo Silva y de Deporte, Danilo Pe\u00f1a y en conjunto, hicieron entrega de la indumentaria deportiva a los internos que se encuentran recluidos en el centro penitenciario y que forman parte del equipo de baby-f\u00fatbol del recinto.<\/p>\n<p>La entrega se realiz\u00f3 en el patio del centro, donde de inmediato los internos comenzaron a probarse la ropa y a utilizar los balones, que fueron conseguidos por el Concejal Dante Rodr\u00edguez. El Alcalde Freire destac\u00f3 la entrega de esta implementaci\u00f3n, la que viene a aportar en el d\u00eda a d\u00eda de los internos, quienes practican bastante deporte en el patio del recinto.<\/p>\n<p>\u00abEsto es una peque\u00f1a ayuda, m\u00e1s que nada del Departamento de Deportes del municipio y del Concejal Dante Rodr\u00edguez, y as\u00ed vamos potenciando el deporte, tan necesario en todos los lugares, y como este es un municipio inclusivo estamos en este recinto, porque ellos son parte de la sociedad\u00bb, dijo el jefe comunal.<\/p>\n<p>Abraham Ren\u00e9, uno de los internos que se encuentra privado de libertad, agradeci\u00f3 la entrega realizada por las autoridades, se\u00f1alando que \u00abpara nosotros es de mucha ayuda estar incentivando el deporte, porque hay mucha gente, entonces nos hace bien que nos apoyen en este tipo de eventos, sobre todo el municipio, normalmente todas las semanas practicamos deporte, hace unas semanas participamos en un campeonato nacional, que San Felipe no gan\u00f3 pero estuvimos participando y con este apoyo nos da m\u00e1s fuerza para seguir luchando\u00bb, se\u00f1al\u00f3.<\/p>\n<p>La idea de entregar este equipamiento naci\u00f3 del Concejal Dante Rodr\u00edguez, quien jugaba con los internos con su equipo de baby-f\u00fatbol hace varios a\u00f1os.<\/p>\n<p>\u00abYo lo hago con mucho gusto porque a trav\u00e9s del deporte mucha gente puede salir adelante, es una forma de mantenerse bien f\u00edsicamente, porque el hacinamiento es grande en la c\u00e1rcel y eso motiva que hagamos actividad f\u00edsica, algo que los mantiene bien durante su permanencia\u00bb, dijo el edil.<\/p>\n<p>&nbsp;<\/p>\n","protected":false},"excerpt":{"rendered":"<p>Implementaci\u00f3n deportiva para la pr\u00e1ctica del baby-f\u00fatbol, fue lo que entregaron el Alcalde Patricio Freire y los concejales Dante Rodr\u00edguez y Jeanette Sotomayor este martes en el Centro de Cumplimiento Penitenciario de&#8230;<\/p>\n","protected":false},"author":482,"featured_media":38951,"comment_status":"open","ping_status":"closed","sticky":false,"template":"","format":"standard","meta":{"advanced_seo_description":"","jetpack_seo_html_title":"","jetpack_seo_noindex":false,"_jetpack_memberships_contains_paid_content":false,"footnotes":""},"categories":[15],"tags":[],"class_list":["post-38950","post","type-post","status-publish","format-standard","has-post-thumbnail","hentry","category-comunidad"],"jetpack_featured_media_url":"https:\/\/i0.wp.com\/eltrabajo.cl\/portal\/wp-content\/uploads\/2013\/10\/presos1.jpg?fit=529%2C286&ssl=1","jetpack_sharing_enabled":true,"jetpack_likes_enabled":true,"jetpack-related-posts":[],"_links":{"self":[{"href":"https:\/\/eltrabajo.cl\/portal\/wp-json\/wp\/v2\/posts\/38950","targetHints":{"allow":["GET"]}}],"collection":[{"href":"https:\/\/eltrabajo.cl\/portal\/wp-json\/wp\/v2\/posts"}],"about":[{"href":"https:\/\/eltrabajo.cl\/portal\/wp-json\/wp\/v2\/types\/post"}],"author":[{"embeddable":true,"href":"https:\/\/eltrabajo.cl\/portal\/wp-json\/wp\/v2\/users\/482"}],"replies":[{"embeddable":true,"href":"https:\/\/eltrabajo.cl\/portal\/wp-json\/wp\/v2\/comments?post=38950"}],"version-history":[{"count":0,"href":"https:\/\/eltrabajo.cl\/portal\/wp-json\/wp\/v2\/posts\/38950\/revisions"}],"wp:featuredmedia":[{"embeddable":true,"href":"https:\/\/eltrabajo.cl\/portal\/wp-json\/wp\/v2\/media\/38951"}],"wp:attachment":[{"href":"https:\/\/eltrabajo.cl\/portal\/wp-json\/wp\/v2\/media?parent=38950"}],"wp:term":[{"taxonomy":"category","embeddable":true,"href":"https:\/\/eltrabajo.cl\/portal\/wp-json\/wp\/v2\/categories?post=38950"},{"taxonomy":"post_tag","embeddable":true,"href":"https:\/\/eltrabajo.cl\/portal\/wp-json\/wp\/v2\/tags?post=38950"}],"curies":[{"name":"wp","href":"https:\/\/api.w.org\/{rel}","templated":true}]}}