{"id":38967,"date":"2013-10-23T10:03:22","date_gmt":"2013-10-23T13:03:22","guid":{"rendered":"http:\/\/www.eltrabajo.cl\/portal\/?p=38967"},"modified":"2013-10-23T10:03:22","modified_gmt":"2013-10-23T13:03:22","slug":"llaman-a-vacunar-contra-la-meningitis-w-135","status":"publish","type":"post","link":"https:\/\/eltrabajo.cl\/portal\/llaman-a-vacunar-contra-la-meningitis-w-135\/","title":{"rendered":"Llaman a vacunar contra la meningitis W-135"},"content":{"rendered":"<figure id=\"attachment_38968\" aria-describedby=\"caption-attachment-38968\" style=\"width: 528px\" class=\"wp-caption alignnone\"><a href=\"https:\/\/i0.wp.com\/www.eltrabajo.cl\/portal\/wp-content\/uploads\/2013\/10\/vacunacion-w135.jpg\"><img data-recalc-dims=\"1\" loading=\"lazy\" decoding=\"async\" class=\"size-full wp-image-38968\" title=\"Los ni\u00f1os que cumplan nueve meses de edad, deben ser llevados a los centros de salud familiar para recibir la vacuna contra la meningitis W-135.\" alt=\"Los ni\u00f1os que cumplan nueve meses de edad, deben ser llevados a los centros de salud familiar para recibir la vacuna contra la meningitis W-135.\" src=\"https:\/\/i0.wp.com\/www.eltrabajo.cl\/portal\/wp-content\/uploads\/2013\/10\/vacunacion-w135.jpg?resize=528%2C396\" width=\"528\" height=\"396\" srcset=\"https:\/\/i0.wp.com\/eltrabajo.cl\/portal\/wp-content\/uploads\/2013\/10\/vacunacion-w135.jpg?w=528&amp;ssl=1 528w, https:\/\/i0.wp.com\/eltrabajo.cl\/portal\/wp-content\/uploads\/2013\/10\/vacunacion-w135.jpg?resize=200%2C150&amp;ssl=1 200w, https:\/\/i0.wp.com\/eltrabajo.cl\/portal\/wp-content\/uploads\/2013\/10\/vacunacion-w135.jpg?resize=300%2C225&amp;ssl=1 300w, https:\/\/i0.wp.com\/eltrabajo.cl\/portal\/wp-content\/uploads\/2013\/10\/vacunacion-w135.jpg?resize=150%2C112&amp;ssl=1 150w, https:\/\/i0.wp.com\/eltrabajo.cl\/portal\/wp-content\/uploads\/2013\/10\/vacunacion-w135.jpg?resize=400%2C300&amp;ssl=1 400w\" sizes=\"auto, (max-width: 528px) 100vw, 528px\" \/><\/a><figcaption id=\"caption-attachment-38968\" class=\"wp-caption-text\">Los ni\u00f1os que cumplan nueve meses de edad, deben ser llevados a los centros de salud familiar para recibir la vacuna contra la meningitis W-135.<\/figcaption><\/figure>\n<p>Un llamado a las mam\u00e1s y pap\u00e1s del Valle de Aconcagua, formul\u00f3 la Autoridad Sanitaria para que en caso que sus hijos hayan cumplido los nueve meses de edad, los lleven a los centros de salud familiar correspondientes, para que sean vacunados contra la meningitis W-135. La Jefa Provincial de la Seremi de Salud en Aconcagua, Lilia Fuentes, manifest\u00f3 que la vacunaci\u00f3n se mantiene y todos los centros de salud est\u00e1n inoculando a los ni\u00f1os que van cumpliendo los nueve meses, as\u00ed como colocando el refuerzo de la vacuna que se considera para el a\u00f1o de vida.<\/p>\n<p>\u00abEn este minuto, el Ministerio de Salud ha planteado que en el presupuesto de 2014 se incorpore esta vacuna al calendario, eso significar\u00eda que podr\u00eda ser permanente en el tiempo. As\u00ed que el llamado a las mam\u00e1s, para que si sus hijos est\u00e1n cumpliendo nueve meses, acudan con ellos a los centros de salud, para que reciban la vacuna contra la W-135\u00bb, manifest\u00f3 Fuentes.<\/p>\n<p>Destac\u00f3 que la necesidad de incorporar esta vacuna en el calendario, ya fue planteada por el Gobierno y por lo tanto, se est\u00e1n pidiendo los recursos para financiarla, con la idea de que todos los ni\u00f1os, al cumplir los nueve meses, reciban la inoculaci\u00f3n contra la meningitis. Consultada si el motivo de esta iniciativa pasa por el aumento en los casos de la enfermedad, dijo que en el caso de Aconcagua, la aparici\u00f3n de pacientes con este cuadro no es alarmante, ya que se han presentado este a\u00f1o s\u00f3lo dos casos, que evolucionaron satisfactoriamente. Sin embargo, manifest\u00f3 que en otros puntos del pa\u00eds, \u00abla situaci\u00f3n epidemiol\u00f3gica que se registra, amerita que se mantenga esta vacuna en el calendario\u00bb. Para aquellas mam\u00e1s que tienen hijos en edad de recibir la vacuna, la \u00fanica contraindicaci\u00f3n es no llevarlos al Cesfam cuando presenten fiebre, pero incluso con cuadros digestivos leves, pueden perfectamente ser vacunados.<\/p>\n<p>&nbsp;<\/p>\n","protected":false},"excerpt":{"rendered":"<p>Un llamado a las mam\u00e1s y pap\u00e1s del Valle de Aconcagua, formul\u00f3 la Autoridad Sanitaria para que en caso que sus hijos hayan cumplido los nueve meses de edad, los lleven a&#8230;<\/p>\n","protected":false},"author":482,"featured_media":38968,"comment_status":"open","ping_status":"closed","sticky":false,"template":"","format":"standard","meta":{"advanced_seo_description":"","jetpack_seo_html_title":"","jetpack_seo_noindex":false,"_jetpack_memberships_contains_paid_content":false,"footnotes":""},"categories":[15],"tags":[],"class_list":["post-38967","post","type-post","status-publish","format-standard","has-post-thumbnail","hentry","category-comunidad"],"jetpack_featured_media_url":"https:\/\/i0.wp.com\/eltrabajo.cl\/portal\/wp-content\/uploads\/2013\/10\/vacunacion-w135.jpg?fit=528%2C396&ssl=1","jetpack_sharing_enabled":true,"jetpack_likes_enabled":true,"jetpack-related-posts":[],"_links":{"self":[{"href":"https:\/\/eltrabajo.cl\/portal\/wp-json\/wp\/v2\/posts\/38967","targetHints":{"allow":["GET"]}}],"collection":[{"href":"https:\/\/eltrabajo.cl\/portal\/wp-json\/wp\/v2\/posts"}],"about":[{"href":"https:\/\/eltrabajo.cl\/portal\/wp-json\/wp\/v2\/types\/post"}],"author":[{"embeddable":true,"href":"https:\/\/eltrabajo.cl\/portal\/wp-json\/wp\/v2\/users\/482"}],"replies":[{"embeddable":true,"href":"https:\/\/eltrabajo.cl\/portal\/wp-json\/wp\/v2\/comments?post=38967"}],"version-history":[{"count":0,"href":"https:\/\/eltrabajo.cl\/portal\/wp-json\/wp\/v2\/posts\/38967\/revisions"}],"wp:featuredmedia":[{"embeddable":true,"href":"https:\/\/eltrabajo.cl\/portal\/wp-json\/wp\/v2\/media\/38968"}],"wp:attachment":[{"href":"https:\/\/eltrabajo.cl\/portal\/wp-json\/wp\/v2\/media?parent=38967"}],"wp:term":[{"taxonomy":"category","embeddable":true,"href":"https:\/\/eltrabajo.cl\/portal\/wp-json\/wp\/v2\/categories?post=38967"},{"taxonomy":"post_tag","embeddable":true,"href":"https:\/\/eltrabajo.cl\/portal\/wp-json\/wp\/v2\/tags?post=38967"}],"curies":[{"name":"wp","href":"https:\/\/api.w.org\/{rel}","templated":true}]}}