{"id":38973,"date":"2013-10-23T10:07:07","date_gmt":"2013-10-23T13:07:07","guid":{"rendered":"http:\/\/www.eltrabajo.cl\/portal\/?p=38973"},"modified":"2013-10-23T10:07:07","modified_gmt":"2013-10-23T13:07:07","slug":"comunidad-de-campo-jahuel-se-querellara-contra-mineras-en-los-farellones","status":"publish","type":"post","link":"https:\/\/eltrabajo.cl\/portal\/comunidad-de-campo-jahuel-se-querellara-contra-mineras-en-los-farellones\/","title":{"rendered":"Comunidad de Campo Jahuel se querellar\u00e1 contra mineras en Los Farellones"},"content":{"rendered":"<figure id=\"attachment_38974\" aria-describedby=\"caption-attachment-38974\" style=\"width: 528px\" class=\"wp-caption alignnone\"><a href=\"https:\/\/i0.wp.com\/www.eltrabajo.cl\/portal\/wp-content\/uploads\/2013\/10\/minas1.jpg\"><img data-recalc-dims=\"1\" loading=\"lazy\" decoding=\"async\" class=\"size-full wp-image-38974\" title=\"Pobladores y miembros de la Directiva de Campos de Jahuel se mostraron ya indignados con la irregular actividad minera en el sector.\" alt=\"Pobladores y miembros de la Directiva de Campos de Jahuel se mostraron ya indignados con la irregular actividad minera en el sector.\" src=\"https:\/\/i0.wp.com\/www.eltrabajo.cl\/portal\/wp-content\/uploads\/2013\/10\/minas1.jpg?resize=528%2C378\" width=\"528\" height=\"378\" srcset=\"https:\/\/i0.wp.com\/eltrabajo.cl\/portal\/wp-content\/uploads\/2013\/10\/minas1.jpg?w=528&amp;ssl=1 528w, https:\/\/i0.wp.com\/eltrabajo.cl\/portal\/wp-content\/uploads\/2013\/10\/minas1.jpg?resize=200%2C143&amp;ssl=1 200w, https:\/\/i0.wp.com\/eltrabajo.cl\/portal\/wp-content\/uploads\/2013\/10\/minas1.jpg?resize=300%2C214&amp;ssl=1 300w, https:\/\/i0.wp.com\/eltrabajo.cl\/portal\/wp-content\/uploads\/2013\/10\/minas1.jpg?resize=150%2C107&amp;ssl=1 150w, https:\/\/i0.wp.com\/eltrabajo.cl\/portal\/wp-content\/uploads\/2013\/10\/minas1.jpg?resize=400%2C286&amp;ssl=1 400w\" sizes=\"auto, (max-width: 528px) 100vw, 528px\" \/><\/a><figcaption id=\"caption-attachment-38974\" class=\"wp-caption-text\">Pobladores y miembros de la Directiva de Campos de Jahuel se mostraron ya indignados con la irregular actividad minera en el sector.<\/figcaption><\/figure>\n<p><strong>SANTA MAR\u00cdA<\/strong>.- Tras una visita inspectiva en el sector de los Farellones el d\u00eda s\u00e1bado 18, a casi 1.800 metros de atura y propiamente en los deslindes con Campos de Ahumada, la Directiva de la Comunidad de Campo Jahuel constat\u00f3 la actividad ilegal de una minera al interior de la comunidad de Campo, incluso, un campamento instalado y explotaci\u00f3n de mineral sin ninguna servidumbre de paso. De hecho, se encontraron con un cr\u00e1ter de una explotaci\u00f3n a rajo abierto de casi 25 metros de profundidad y 100 metros de di\u00e1metro. Adem\u00e1s de cientos de miles de toneladas de material depositado en la ladera de la monta\u00f1a, donde existe un desnivel de al menos 300 metros y donde la directiva teme alg\u00fan d\u00eda se desate un aluvi\u00f3n. Consultado el Presidente de la Comunidad de Campo Jahuel, Rub\u00e9n Mu\u00f1oz, se refiri\u00f3 al caso como grave y abusivo, pues \u00abes imposible que una empresa pueda trabajar en terrenos privados sin tener permisos y los fiscalizadores, s\u00f3lo se queden mirando. Aqu\u00ed ya hemos sido pisoteados cuantas veces pero estamos dispuestos a dar la pelea una vez m\u00e1s\u00bb.<\/p>\n<p>Cabe destacar que el terreno en cuesti\u00f3n est\u00e1 muy cerca de la l\u00ednea divisoria de ambas comunidades y justamente la divisi\u00f3n de las aguas es la que dirime las propiedades, quedando claramente demostrado que las instalaciones y gran parte de la explotaci\u00f3n se encuentran en Jahuel, en la comuna de Santa Mar\u00eda y en la Provincia de San Felipe, siendo que el acceso es por Campos de Ahumada, en la comuna de San Esteban. El Tesorero de la comunidad de Campo Jahuel, Miguel Herrera, se refiri\u00f3 a la situaci\u00f3n como un atropello, pues \u00abesta vez iremos directamente a tomar acciones judiciales, ya que el da\u00f1o que se ha producido es irreparable. De hecho, estas eran tierras de pastoreo y ahora son est\u00e9riles y peligrosas para el ganado, porque las mineras las han destrozado\u00bb. La inspecci\u00f3n demor\u00f3 algunas horas, recorriendo varios sectores de este hermoso lugar donde las vistas de Jahuel y el Valle del Aconcagua son excepcionales, as\u00ed como la vista hacia la alta cordillera. Es de preguntarse c\u00f3mo no se han aprovechado estos miradores como atractivos tur\u00edsticos ya que el camino llega hasta el acantilado y es de buena calidad.<\/p>\n<p>Roberto Mercado Aced.<\/p>\n<p>&nbsp;<\/p>\n","protected":false},"excerpt":{"rendered":"<p>SANTA MAR\u00cdA.- Tras una visita inspectiva en el sector de los Farellones el d\u00eda s\u00e1bado 18, a casi 1.800 metros de atura y propiamente en los deslindes con Campos de Ahumada, la&#8230;<\/p>\n","protected":false},"author":482,"featured_media":38974,"comment_status":"open","ping_status":"closed","sticky":false,"template":"","format":"standard","meta":{"advanced_seo_description":"","jetpack_seo_html_title":"","jetpack_seo_noindex":false,"_jetpack_memberships_contains_paid_content":false,"footnotes":""},"categories":[15],"tags":[],"class_list":["post-38973","post","type-post","status-publish","format-standard","has-post-thumbnail","hentry","category-comunidad"],"jetpack_featured_media_url":"https:\/\/i0.wp.com\/eltrabajo.cl\/portal\/wp-content\/uploads\/2013\/10\/minas1.jpg?fit=528%2C378&ssl=1","jetpack_sharing_enabled":true,"jetpack_likes_enabled":true,"jetpack-related-posts":[],"_links":{"self":[{"href":"https:\/\/eltrabajo.cl\/portal\/wp-json\/wp\/v2\/posts\/38973","targetHints":{"allow":["GET"]}}],"collection":[{"href":"https:\/\/eltrabajo.cl\/portal\/wp-json\/wp\/v2\/posts"}],"about":[{"href":"https:\/\/eltrabajo.cl\/portal\/wp-json\/wp\/v2\/types\/post"}],"author":[{"embeddable":true,"href":"https:\/\/eltrabajo.cl\/portal\/wp-json\/wp\/v2\/users\/482"}],"replies":[{"embeddable":true,"href":"https:\/\/eltrabajo.cl\/portal\/wp-json\/wp\/v2\/comments?post=38973"}],"version-history":[{"count":0,"href":"https:\/\/eltrabajo.cl\/portal\/wp-json\/wp\/v2\/posts\/38973\/revisions"}],"wp:featuredmedia":[{"embeddable":true,"href":"https:\/\/eltrabajo.cl\/portal\/wp-json\/wp\/v2\/media\/38974"}],"wp:attachment":[{"href":"https:\/\/eltrabajo.cl\/portal\/wp-json\/wp\/v2\/media?parent=38973"}],"wp:term":[{"taxonomy":"category","embeddable":true,"href":"https:\/\/eltrabajo.cl\/portal\/wp-json\/wp\/v2\/categories?post=38973"},{"taxonomy":"post_tag","embeddable":true,"href":"https:\/\/eltrabajo.cl\/portal\/wp-json\/wp\/v2\/tags?post=38973"}],"curies":[{"name":"wp","href":"https:\/\/api.w.org\/{rel}","templated":true}]}}