{"id":38980,"date":"2013-10-24T09:43:47","date_gmt":"2013-10-24T12:43:47","guid":{"rendered":"http:\/\/www.eltrabajo.cl\/portal\/?p=38980"},"modified":"2013-10-24T09:43:47","modified_gmt":"2013-10-24T12:43:47","slug":"con-gran-asistencia-de-publico-fue-lanzado-el-libro-el-llanocuenta","status":"publish","type":"post","link":"https:\/\/eltrabajo.cl\/portal\/con-gran-asistencia-de-publico-fue-lanzado-el-libro-el-llanocuenta\/","title":{"rendered":"Con gran asistencia de p\u00fablico fue lanzado el Libro \u2018El Llano\u2026Cuenta\u2019"},"content":{"rendered":"<figure id=\"attachment_38981\" aria-describedby=\"caption-attachment-38981\" style=\"width: 529px\" class=\"wp-caption alignnone\"><a href=\"https:\/\/i0.wp.com\/www.eltrabajo.cl\/portal\/wp-content\/uploads\/2013\/10\/invitados1.jpg\"><img data-recalc-dims=\"1\" loading=\"lazy\" decoding=\"async\" class=\"size-full wp-image-38981\" title=\" Autoridades, escritores junto a invitados especiales durante la entrega del libro \u2018El Llano\u2026Cuenta\u2019.\" alt=\" Autoridades, escritores junto a invitados especiales durante la entrega del libro \u2018El Llano\u2026Cuenta\u2019.\" src=\"https:\/\/i0.wp.com\/www.eltrabajo.cl\/portal\/wp-content\/uploads\/2013\/10\/invitados1.jpg?resize=529%2C283\" width=\"529\" height=\"283\" srcset=\"https:\/\/i0.wp.com\/eltrabajo.cl\/portal\/wp-content\/uploads\/2013\/10\/invitados1.jpg?w=529&amp;ssl=1 529w, https:\/\/i0.wp.com\/eltrabajo.cl\/portal\/wp-content\/uploads\/2013\/10\/invitados1.jpg?resize=200%2C106&amp;ssl=1 200w, https:\/\/i0.wp.com\/eltrabajo.cl\/portal\/wp-content\/uploads\/2013\/10\/invitados1.jpg?resize=300%2C160&amp;ssl=1 300w, https:\/\/i0.wp.com\/eltrabajo.cl\/portal\/wp-content\/uploads\/2013\/10\/invitados1.jpg?resize=150%2C80&amp;ssl=1 150w, https:\/\/i0.wp.com\/eltrabajo.cl\/portal\/wp-content\/uploads\/2013\/10\/invitados1.jpg?resize=400%2C213&amp;ssl=1 400w\" sizes=\"auto, (max-width: 529px) 100vw, 529px\" \/><\/a><figcaption id=\"caption-attachment-38981\" class=\"wp-caption-text\">Autoridades, escritores junto a invitados especiales durante la entrega del libro \u2018El Llano\u2026Cuenta\u2019.<\/figcaption><\/figure>\n<p><strong>SANTA MAR\u00cdA<\/strong>.-La comunidad del sector El Llano y sus alrededores, vivieron una emotiva jornada de arte y cultura, donde las vivencias e innumerables recuerdos fueron los invitados principales que coronaron esta importante gala. Un gran p\u00fablico aplaudi\u00f3 emocionado cada una de las intervenciones de estos nuevos escritores y poetas que expusieron en la ocasi\u00f3n un extracto de su trabajo literario. V\u00edctor Esp\u00edndola, Cecilia Le\u00f3n, Marco Uribe, Sara Montero y Jorge Ahumada, fueron los encargados de dar forma a las historias y memorias de sus vecinos y vecinas. La investigaci\u00f3n y elaboraci\u00f3n de este trabajo, estuvo guiada por la Soci\u00f3loga Hanny Sucker, profesional perteneciente al Ciem Aconcagua, instituci\u00f3n donde fue estructurada la idea. Al igual que proyectos anteriores, cont\u00f3 con apoyo del Alcalde y Concejo Municipal y con la colaboraci\u00f3n del escritor y Director del teatro, Sergio Rojas, entre otros.<\/p>\n<p>El libro narra en prosa y verso, distintas etapas de la historia del sector, recordando su gente, esa riqueza humana invaluable, sus tradiciones, sus antepasados, incluyendo adem\u00e1s material gr\u00e1fico de un valor inmensurable. El Alcalde Claudio Zurita, quien tuvo a su cargo la presentaci\u00f3n de la obra, dijo que \u00abquiero comenzar por felicitar a la organizaci\u00f3n por la gran concurrencia, valorada como una de las mayores asistencias para este tipo de actividades. As\u00ed mismo destacar el trabajo de quienes dieron vida a esta hermosa obra como tambi\u00e9n el aporte an\u00f3nimo de muchos vecinos y vecinos que se sumaron a esta gran iniciativa. Como alguien dijo \u2018Para Conocer el Chile grande, hay que conocer primero el Chile chico, el de las tradiciones, el de las ra\u00edces, el de la gente y sus valiosos recuerdos\u2019. Finalmente agradezco al equipo de profesionales del Ciem, al Gobierno Regional y a todos quienes permitieron que una parte de la historia de este sector tan importante de nuestra comuna quedara plasmada en tinta para siempre\u00bb.<\/p>\n<p>Por su parte, Jorge Ahumada, Presidente de la Junta de Vecinos El Llano y uno de los l\u00edderes en este proceso, manifest\u00f3 que \u00abha sido una fiesta maravillosa, nos llenamos de emoci\u00f3n, hay que leer el libro porque realmente refleja la ruralidad, lo que es nuestro, refleja lo que somos en santa mar\u00eda por eso creo que esto va a ser una gran \u00e9xito y tiene que estar en cada uno de los lugares donde se puedan desarrollar estas historias locales y donde se les pueda entregar a los j\u00f3venes lo que fue el alma y lo que es el alma de Santa Mar\u00eda y de su gente\u00bb.<\/p>\n<p>El financiamiento de este importante proyecto pudo ser posible gracias al apoyo del Gobierno Regional a trav\u00e9s de las gestiones del Concejal David Olgu\u00edn y el Consejero Regional Nelson Contador. La ceremonia finaliz\u00f3 con la entrega a autoridades e invitados especiales de un ejemplar de esta nueva y hermosa obra literaria.<\/p>\n","protected":false},"excerpt":{"rendered":"<p>SANTA MAR\u00cdA.-La comunidad del sector El Llano y sus alrededores, vivieron una emotiva jornada de arte y cultura, donde las vivencias e innumerables recuerdos fueron los invitados principales que coronaron esta importante&#8230;<\/p>\n","protected":false},"author":482,"featured_media":38981,"comment_status":"open","ping_status":"closed","sticky":false,"template":"","format":"standard","meta":{"advanced_seo_description":"","jetpack_seo_html_title":"","jetpack_seo_noindex":false,"_jetpack_memberships_contains_paid_content":false,"footnotes":""},"categories":[15],"tags":[],"class_list":["post-38980","post","type-post","status-publish","format-standard","has-post-thumbnail","hentry","category-comunidad"],"jetpack_featured_media_url":"https:\/\/i0.wp.com\/eltrabajo.cl\/portal\/wp-content\/uploads\/2013\/10\/invitados1.jpg?fit=529%2C283&ssl=1","jetpack_sharing_enabled":true,"jetpack_likes_enabled":true,"jetpack-related-posts":[],"_links":{"self":[{"href":"https:\/\/eltrabajo.cl\/portal\/wp-json\/wp\/v2\/posts\/38980","targetHints":{"allow":["GET"]}}],"collection":[{"href":"https:\/\/eltrabajo.cl\/portal\/wp-json\/wp\/v2\/posts"}],"about":[{"href":"https:\/\/eltrabajo.cl\/portal\/wp-json\/wp\/v2\/types\/post"}],"author":[{"embeddable":true,"href":"https:\/\/eltrabajo.cl\/portal\/wp-json\/wp\/v2\/users\/482"}],"replies":[{"embeddable":true,"href":"https:\/\/eltrabajo.cl\/portal\/wp-json\/wp\/v2\/comments?post=38980"}],"version-history":[{"count":0,"href":"https:\/\/eltrabajo.cl\/portal\/wp-json\/wp\/v2\/posts\/38980\/revisions"}],"wp:featuredmedia":[{"embeddable":true,"href":"https:\/\/eltrabajo.cl\/portal\/wp-json\/wp\/v2\/media\/38981"}],"wp:attachment":[{"href":"https:\/\/eltrabajo.cl\/portal\/wp-json\/wp\/v2\/media?parent=38980"}],"wp:term":[{"taxonomy":"category","embeddable":true,"href":"https:\/\/eltrabajo.cl\/portal\/wp-json\/wp\/v2\/categories?post=38980"},{"taxonomy":"post_tag","embeddable":true,"href":"https:\/\/eltrabajo.cl\/portal\/wp-json\/wp\/v2\/tags?post=38980"}],"curies":[{"name":"wp","href":"https:\/\/api.w.org\/{rel}","templated":true}]}}